{"id":76660,"date":"2022-04-14T13:55:02","date_gmt":"2022-04-14T16:55:02","guid":{"rendered":"https:\/\/radiosolaris.com.br\/beta\/?p=76660"},"modified":"2022-04-14T13:55:07","modified_gmt":"2022-04-14T16:55:07","slug":"associados-do-centro-empresarial-de-flores-terao-descontos-para-o-south-summit-brazil","status":"publish","type":"post","link":"https:\/\/radiosolaris.com.br\/beta\/associados-do-centro-empresarial-de-flores-terao-descontos-para-o-south-summit-brazil\/","title":{"rendered":"Associados do Centro Empresarial de Flores ter\u00e3o descontos para o South Summit Brazil"},"content":{"rendered":"\n<h4 id=\"entidade-estara-fornecendo-cupons-de-desconto-de-30-para-a-compra-de-ingressos-do-evento-de-tecnologia-e-inovacao\" class=\"wp-block-heading\">Entidade estar\u00e1 fornecendo cupons de desconto de 30% para a compra de ingressos do evento de tecnologia e inova\u00e7\u00e3o<\/h4>\n\n\n\n<p>O Centro Empresarial (CE) de Flores da Cunha, atrav\u00e9s de uma parceria com o Grupo H\u00e9lice, est\u00e1 fornecendo cupons de 30% de desconto para os associados que desejam participar do South Summit Brazil. O evento internacional trata de inova\u00e7\u00e3o e tecnologia e, pela primeira vez, ser\u00e1 realizado fora da Europa. A capital Porto Alegre sediar\u00e1 o encontro nos dias 4, 5 e 6 de maio.<\/p>\n\n\n\n<p>A compra de ingressos deve ser realizada no <a href=\"https:\/\/www.southsummitbrasil.com\/\" target=\"_blank\" rel=\"noreferrer noopener\">site do evento<\/a>. J\u00e1 o c\u00f3digo exclusivo de desconto para empresas associadas ao Centro Empresarial, deve ser solicitado na entidade <a href=\"https:\/\/api.whatsapp.com\/message\/OWCVKR64PUPJC1?autoload=1&amp;app_absent=0\" target=\"_blank\" rel=\"noreferrer noopener\">(clique aqui)<\/a>.<\/p>\n\n\n\n<p>O South Summit \u00e9 reconhecido como uma plataforma global para inova\u00e7\u00e3o e conex\u00f5es entre os principais participantes do ecossistema global, startups, corpora\u00e7\u00f5es e investidores para gerar resultados e neg\u00f3cios.<\/p>\n\n\n\n<p>A iniciativa, criada pela Startup Espanha em 2012, est\u00e1 sediada em Madrid e estende sua rede de conex\u00e3o para o resto do mundo. Em Porto Alegre, deve impactar milhares de pessoas e contar com mais de 300 palestrantes, em um total de 5 mil metros quadrados, no Centro Hist\u00f3rico.<\/p>\n\n\n\n<p>Conforme a organiza\u00e7\u00e3o, a escolha de Porto Alegre se deu porque a cidade possui um ecossistema de inova\u00e7\u00e3o que conta com grandes parques tecnol\u00f3gicos e mais de mil startups. O Brasil \u00e9 considerado o maior ecossistema da Am\u00e9rica Latina, sede de mais de 20 unic\u00f3rnios, ou seja, empresas avaliadas em mais de US$ 1 bilh\u00e3o.<\/p>\n\n\n\n<p>Mais informa\u00e7\u00f5es podem ser obtidas pelo e-mail <a href=\"mailto:executivo@centroempresarialfc.com.br\">executivo@centroempresarialfc.com.br<\/a>, ou pelos telefones: (54) 3297-3055 com Simone ou pelo WhatsApp (54) 9 9986-7282.<\/p>\n","protected":false},"excerpt":{"rendered":"<p>Entidade estar\u00e1 fornecendo cupons de desconto de 30% para a compra de ingressos do evento de tecnologia e inova\u00e7\u00e3o O Centro Empresarial (CE) de Flores da Cunha, atrav\u00e9s de uma&hellip;<\/p>\n","protected":false},"author":13,"featured_media":65834,"comment_status":"closed","ping_status":"closed","sticky":false,"template":"","format":"standard","meta":{"_lmt_disableupdate":"","_lmt_disable":"","footnotes":""},"categories":[83],"tags":[1737,4579,114,992,283,10846],"powerkit_post_featured":[],"class_list":{"0":"post-76660","1":"post","2":"type-post","3":"status-publish","4":"format-standard","5":"has-post-thumbnail","7":"category-serra-gaucha","8":"tag-centro-empresarial","9":"tag-evento","10":"tag-flores-da-cunha","11":"tag-serra","12":"tag-serra-gaucha","13":"tag-south-summit-brazil"},"modified_by":"Filipe Brogliatto","_links":{"self":[{"href":"https:\/\/radiosolaris.com.br\/beta\/wp-json\/wp\/v2\/posts\/76660","targetHints":{"allow":["GET"]}}],"collection":[{"href":"https:\/\/radiosolaris.com.br\/beta\/wp-json\/wp\/v2\/posts"}],"about":[{"href":"https:\/\/radiosolaris.com.br\/beta\/wp-json\/wp\/v2\/types\/post"}],"author":[{"embeddable":true,"href":"https:\/\/radiosolaris.com.br\/beta\/wp-json\/wp\/v2\/users\/13"}],"replies":[{"embeddable":true,"href":"https:\/\/radiosolaris.com.br\/beta\/wp-json\/wp\/v2\/comments?post=76660"}],"version-history":[{"count":0,"href":"https:\/\/radiosolaris.com.br\/beta\/wp-json\/wp\/v2\/posts\/76660\/revisions"}],"wp:featuredmedia":[{"embeddable":true,"href":"https:\/\/radiosolaris.com.br\/beta\/wp-json\/wp\/v2\/media\/65834"}],"wp:attachment":[{"href":"https:\/\/radiosolaris.com.br\/beta\/wp-json\/wp\/v2\/media?parent=76660"}],"wp:term":[{"taxonomy":"category","embeddable":true,"href":"https:\/\/radiosolaris.com.br\/beta\/wp-json\/wp\/v2\/categories?post=76660"},{"taxonomy":"post_tag","embeddable":true,"href":"https:\/\/radiosolaris.com.br\/beta\/wp-json\/wp\/v2\/tags?post=76660"},{"taxonomy":"powerkit_post_featured","embeddable":true,"href":"https:\/\/radiosolaris.com.br\/beta\/wp-json\/wp\/v2\/powerkit_post_featured?post=76660"}],"curies":[{"name":"wp","href":"https:\/\/api.w.org\/{rel}","templated":true}]}}