{"id":76453,"date":"2022-04-11T15:43:35","date_gmt":"2022-04-11T18:43:35","guid":{"rendered":"https:\/\/radiosolaris.com.br\/beta\/?p=76453"},"modified":"2022-04-11T15:43:40","modified_gmt":"2022-04-11T18:43:40","slug":"prefeitura-de-caxias-recebe-oficialmente-as-chaves-do-predio-da-maesa","status":"publish","type":"post","link":"https:\/\/radiosolaris.com.br\/beta\/prefeitura-de-caxias-recebe-oficialmente-as-chaves-do-predio-da-maesa\/","title":{"rendered":"Prefeitura\u00a0de Caxias\u00a0recebe,\u00a0oficialmente,\u00a0as chaves do pr\u00e9dio da Maesa"},"content":{"rendered":"\n<h4 id=\"administrador-da-massa-falida-da-empresa-que-ocupava-o-complexo-fez-a-entrega-apos-vistoria\" class=\"wp-block-heading\">Administrador da massa falida da empresa que ocupava o complexo fez a entrega ap\u00f3s vistoria<\/h4>\n\n\n\n<p>A Prefeitura de Caxias do Sul, por meio da secret\u00e1ria de Cultura, Aline Zilli, recebeu na sexta-feira (08) as chaves da antiga Metal\u00fargica Abramo Eberle S\/A (Maesa).<\/p>\n\n\n\n<p>A medida ocorreu depois de todos os bens da antiga empresa serem arrematados em leil\u00e3o, isentando a Prefeitura das responsabilidades de guarda. \u201cMais uma etapa vencida. Agora, com a posse definitiva e integral, recebemos o im\u00f3vel da forma como tem que ser entregue ao Munic\u00edpio\u201d, disse a secret\u00e1ria.<\/p>\n\n\n\n<p>Ap\u00f3s a realiza\u00e7\u00e3o de vistoria conjunta com as secretarias de Planejamento, Meio Ambiente, Seguran\u00e7a P\u00fablica e Prote\u00e7\u00e3o Social, Cultura e Procuradoria-Geral do Munic\u00edpio, foi assinado o Termo de Recebimento de Chaves e realizada a entrega das chaves dos port\u00f5es do complexo, que agora ficam de responsabilidade da Secretaria da Cultura. O administrador da massa falida, Nelson Cesa Sperotto, e o s\u00edndico do im\u00f3vel e funcion\u00e1rio da mesma, Roosevelt Ara\u00fajo, participaram da vistoria e entregaram as chaves que mantinham em posse at\u00e9 ent\u00e3o.<\/p>\n\n\n\n<p>De acordo com a secretaria, com a retirada total dos bens, a Prefeitura pode agora iniciar os trabalhos no espa\u00e7o que era ocupado pela fundi\u00e7\u00e3o. Os maquin\u00e1rios que est\u00e3o no local, que s\u00e3o tombados pelo Patrim\u00f4nio Hist\u00f3rico Cultural, j\u00e1 integram o acervo do Munic\u00edpio.<\/p>\n\n\n\n<p>O projeto de ocupa\u00e7\u00e3o da Maesa, apresentado pelo Munic\u00edpio, com estudo detalhado dos edif\u00edcios com a defini\u00e7\u00e3o da voca\u00e7\u00e3o de cada espa\u00e7o, agora entra para uma pr\u00f3xima etapa, com abertura dos editais de Procedimento de Manifesta\u00e7\u00e3o de Interesse (PMI). O pr\u00e9dio est\u00e1 sob vigil\u00e2ncia da Guarda Municipal.<\/p>\n\n\n\n<p><\/p>\n\n\n\n<figure class=\"wp-block-image size-large\"><img  loading=\"lazy\"  decoding=\"async\"  width=\"1024\"  height=\"682\"  src=\"data:image\/png;base64,iVBORw0KGgoAAAANSUhEUgAAAAEAAAABAQMAAAAl21bKAAAAA1BMVEUAAP+KeNJXAAAAAXRSTlMAQObYZgAAAAlwSFlzAAAOxAAADsQBlSsOGwAAAApJREFUCNdjYAAAAAIAAeIhvDMAAAAASUVORK5CYII=\"  alt=\"\"  class=\"wp-image-76454 pk-lazyload\"  data-pk-sizes=\"auto\"  data-ls-sizes=\"auto, (max-width: 1024px) 100vw, 1024px\"  data-pk-src=\"https:\/\/radiosolaris.com.br\/beta\/wp-content\/uploads\/2022\/04\/Entrega-Massa-Falida-Maesa-2145-08-de-abril-de-2022-Joao-Pedro-Bressan-1024x682.jpg\"  data-pk-srcset=\"https:\/\/radiosolaris.com.br\/beta\/wp-content\/uploads\/2022\/04\/Entrega-Massa-Falida-Maesa-2145-08-de-abril-de-2022-Joao-Pedro-Bressan-1024x682.jpg 1024w, https:\/\/radiosolaris.com.br\/beta\/wp-content\/uploads\/2022\/04\/Entrega-Massa-Falida-Maesa-2145-08-de-abril-de-2022-Joao-Pedro-Bressan-300x200.jpg 300w, https:\/\/radiosolaris.com.br\/beta\/wp-content\/uploads\/2022\/04\/Entrega-Massa-Falida-Maesa-2145-08-de-abril-de-2022-Joao-Pedro-Bressan-768x511.jpg 768w, https:\/\/radiosolaris.com.br\/beta\/wp-content\/uploads\/2022\/04\/Entrega-Massa-Falida-Maesa-2145-08-de-abril-de-2022-Joao-Pedro-Bressan.jpg 2450w\" ><\/figure>\n\n\n\n<figure class=\"wp-block-image size-large\"><img  decoding=\"async\"  src=\"data:image\/png;base64,iVBORw0KGgoAAAANSUhEUgAABIgAAAMEAQMAAADuN4ytAAAAA1BMVEUAAP+KeNJXAAAAAXRSTlMAQObYZgAAAAlwSFlzAAAOxAAADsQBlSsOGwAAAIRJREFUeNrtwQENAAAAwqD3T20PBxQAAAAAAAAAAAAAAAAAAAAAAAAAAAAAAAAAAAAAAAAAAAAAAAAAAAAAAAAAAAAAAAAAAAAAAAAAAAAAAAAAAAAAAAAAAAAAAAAAAAAAAAAAAAAAAAAAAAAAAAAAAAAAAAAAAAAAAAAAAAAAAADAtwG4VwABPcKv8wAAAABJRU5ErkJggg==\"  alt=\"\"  class=\"wp-image-76455 pk-lazyload\"  data-pk-sizes=\"auto\"  data-pk-src=\"https:\/\/radiosolaris.com.br\/beta\/wp-content\/uploads\/2022\/04\/Entrega-Massa-Falida-Maesa-2149-08-de-abril-de-2022-Joao-Pedro-Bressan-1024x682.jpg\" ><figcaption>Foto: Jo\u00e3o Pedro Bressan<\/figcaption><\/figure>\n","protected":false},"excerpt":{"rendered":"<p>Administrador da massa falida da empresa que ocupava o complexo fez a entrega ap\u00f3s vistoria A Prefeitura de Caxias do Sul, por meio da secret\u00e1ria de Cultura, Aline Zilli, recebeu&hellip;<\/p>\n","protected":false},"author":19,"featured_media":76455,"comment_status":"closed","ping_status":"closed","sticky":false,"template":"","format":"standard","meta":{"_lmt_disableupdate":"","_lmt_disable":"","footnotes":""},"categories":[83],"tags":[148,1654,326,283],"powerkit_post_featured":[],"class_list":{"0":"post-76453","1":"post","2":"type-post","3":"status-publish","4":"format-standard","5":"has-post-thumbnail","7":"category-serra-gaucha","8":"tag-caxias-do-sul","9":"tag-maesa","10":"tag-projeto","11":"tag-serra-gaucha"},"modified_by":"Luciano Pettorini","_links":{"self":[{"href":"https:\/\/radiosolaris.com.br\/beta\/wp-json\/wp\/v2\/posts\/76453","targetHints":{"allow":["GET"]}}],"collection":[{"href":"https:\/\/radiosolaris.com.br\/beta\/wp-json\/wp\/v2\/posts"}],"about":[{"href":"https:\/\/radiosolaris.com.br\/beta\/wp-json\/wp\/v2\/types\/post"}],"author":[{"embeddable":true,"href":"https:\/\/radiosolaris.com.br\/beta\/wp-json\/wp\/v2\/users\/19"}],"replies":[{"embeddable":true,"href":"https:\/\/radiosolaris.com.br\/beta\/wp-json\/wp\/v2\/comments?post=76453"}],"version-history":[{"count":0,"href":"https:\/\/radiosolaris.com.br\/beta\/wp-json\/wp\/v2\/posts\/76453\/revisions"}],"wp:featuredmedia":[{"embeddable":true,"href":"https:\/\/radiosolaris.com.br\/beta\/wp-json\/wp\/v2\/media\/76455"}],"wp:attachment":[{"href":"https:\/\/radiosolaris.com.br\/beta\/wp-json\/wp\/v2\/media?parent=76453"}],"wp:term":[{"taxonomy":"category","embeddable":true,"href":"https:\/\/radiosolaris.com.br\/beta\/wp-json\/wp\/v2\/categories?post=76453"},{"taxonomy":"post_tag","embeddable":true,"href":"https:\/\/radiosolaris.com.br\/beta\/wp-json\/wp\/v2\/tags?post=76453"},{"taxonomy":"powerkit_post_featured","embeddable":true,"href":"https:\/\/radiosolaris.com.br\/beta\/wp-json\/wp\/v2\/powerkit_post_featured?post=76453"}],"curies":[{"name":"wp","href":"https:\/\/api.w.org\/{rel}","templated":true}]}}