{"id":76444,"date":"2022-04-11T15:26:32","date_gmt":"2022-04-11T18:26:32","guid":{"rendered":"https:\/\/radiosolaris.com.br\/beta\/?p=76444"},"modified":"2022-04-11T16:48:00","modified_gmt":"2022-04-11T19:48:00","slug":"em-caxias-do-sul-moro-afirma-nao-desisti-de-mudar-o-pais","status":"publish","type":"post","link":"https:\/\/radiosolaris.com.br\/beta\/em-caxias-do-sul-moro-afirma-nao-desisti-de-mudar-o-pais\/","title":{"rendered":"Em Caxias do Sul, Moro afirma: \u201cn\u00e3o desisti de mudar o pa\u00eds\u201d"},"content":{"rendered":"\n<h4 id=\"pre-candidato-ao-planalto-o-ex-juiz-e-ex-ministro-sergio-moro-palestrou-nesta-segunda-feira-11-na-cic-caxias\" class=\"wp-block-heading\">Pr\u00e9-candidato ao Planalto, o ex-juiz e ex-ministro Sergio Moro palestrou nesta segunda-feira (11) na CIC Caxias<\/h4>\n\n\n\n<p>O pr\u00e9-candidato \u00e0 Presid\u00eancia da Rep\u00fablica pelo Uni\u00e3o Brasil, Sergio Moro, esteve cumprindo agenda na Serra ga\u00facha na tarde desta segunda-feira (11). Moro \u00e9 o primeiro pr\u00e9-candidato a visitar a regi\u00e3o neste ano. Ele palestrou na primeira edi\u00e7\u00e3o do novo formato da reuni\u00e3o-almo\u00e7o (RA) da C\u00e2mara de Ind\u00fastria, Com\u00e9rcio e Servi\u00e7os (CIC) de Caxias do Sul. O encontro ocorreu na sede da entidade e recebeu pol\u00edticos, empres\u00e1rios e imprensa. \u00a0<\/p>\n\n\n\n<p>Moro, que foi ministro da Justi\u00e7a e Seguran\u00e7a P\u00fablica no governo do presidente Jair Bolsonaro e tamb\u00e9m juiz respons\u00e1vel por dezenas de condena\u00e7\u00f5es da Opera\u00e7\u00e3o Lava-jato, lan\u00e7ou sua pr\u00e9-candidatura ao Planalto em 2021. Em 31 de mar\u00e7o deste ano, ele publicou um comunicado nas redes sociais afirmando que desistia da Presid\u00eancia \u201cneste momento\u201d.<\/p>\n\n\n\n<p>Na palestra em Caxias, o ex-ministro explicou que n\u00e3o abriu m\u00e3o da candidatura, apenas fez um recuo para ajudar a criar uma \u2018frente ampla democr\u00e1tica\u2019 para as elei\u00e7\u00f5es que ocorrem em outubro de 2022. \u201cEu n\u00e3o desisti de mudar o pa\u00eds\u201d, afirmou Moro no encontro.<\/p>\n\n\n\n<p>A desist\u00eancia de sua pr\u00e9-candidatura \u2013 afirmou o ex-ministro \u2013 trata-se de \u201cdar um passo atr\u00e1s, para reunir for\u00e7ar necess\u00e1rias para ir adiante\u201d, resumiu. Moro falou tamb\u00e9m que quer ser um agente de transforma\u00e7\u00e3o. Al\u00e9m disso, o ex-juiz disse que deseja criar uma \u201crobusta agenda de moderniza\u00e7\u00e3o do pa\u00eds\u201d, abordando temas como sa\u00fade, educa\u00e7\u00e3o e economia. &nbsp;<\/p>\n\n\n\n<p>Moro disse que a cria\u00e7\u00e3o de uma \u2018terceira via\u2019 \u2013 tratada como uma op\u00e7\u00e3o entre os pr\u00e9-candidatos Jair Bolsonaro (PL) e Luiz In\u00e1cio Lula da Silva (PT) \u2013 est\u00e1 sendo conduzida pelo presidente do seu partido, Luciano B\u00edvar. Entre os agentes envolvidos est\u00e3o pol\u00edticos de outros partidos como a senadora Simone Tebet (MDB), e os ex-governadores pelo PSDB, Jo\u00e3o Doria (S\u00e3o Paulo) e Eduardo Leite (Rio Grande do Sul).<\/p>\n\n\n\n<p>O pr\u00e9-candidato tamb\u00e9m n\u00e3o poupou cr\u00edticas aos primeiros colocados nas pesquisas eleitorais para a Presid\u00eancia. Sergio Moro afirmou que \u201co futuro n\u00e3o est\u00e1 em um governo do passado\u201d, \u201cum governo que fracassou\u201d, em alus\u00e3o ao ex-presidente Lula, que, inclusive foi condenado por Moro na Lava-jato. Al\u00e9m disso, o ex-ministro de Bolsonaro afirmou que o avan\u00e7o n\u00e3o ser\u00e1 poss\u00edvel com o atual governo, \u201cque entrega um pa\u00eds estagnado\u201d e \u201cem crise\u201d, disse.<\/p>\n","protected":false},"excerpt":{"rendered":"<p>Pr\u00e9-candidato ao Planalto, o ex-juiz e ex-ministro Sergio Moro palestrou nesta segunda-feira (11) na CIC Caxias O pr\u00e9-candidato \u00e0 Presid\u00eancia da Rep\u00fablica pelo Uni\u00e3o Brasil, Sergio Moro, esteve cumprindo agenda&hellip;<\/p>\n","protected":false},"author":13,"featured_media":76450,"comment_status":"closed","ping_status":"closed","sticky":false,"template":"","format":"standard","meta":{"_lmt_disableupdate":"","_lmt_disable":"","footnotes":""},"categories":[83],"tags":[148,3043,2008,10801,10802,2959,3010,10800,992,283],"powerkit_post_featured":[],"class_list":{"0":"post-76444","1":"post","2":"type-post","3":"status-publish","4":"format-standard","5":"has-post-thumbnail","7":"category-serra-gaucha","8":"tag-caxias-do-sul","9":"tag-cic-caxias","10":"tag-cic-caxias-do-sul","11":"tag-ex-juiz","12":"tag-ex-ministro","13":"tag-moro","14":"tag-reuniao-almoco","15":"tag-sergio-moro-2","16":"tag-serra","17":"tag-serra-gaucha"},"modified_by":"Filipe Brogliatto","_links":{"self":[{"href":"https:\/\/radiosolaris.com.br\/beta\/wp-json\/wp\/v2\/posts\/76444","targetHints":{"allow":["GET"]}}],"collection":[{"href":"https:\/\/radiosolaris.com.br\/beta\/wp-json\/wp\/v2\/posts"}],"about":[{"href":"https:\/\/radiosolaris.com.br\/beta\/wp-json\/wp\/v2\/types\/post"}],"author":[{"embeddable":true,"href":"https:\/\/radiosolaris.com.br\/beta\/wp-json\/wp\/v2\/users\/13"}],"replies":[{"embeddable":true,"href":"https:\/\/radiosolaris.com.br\/beta\/wp-json\/wp\/v2\/comments?post=76444"}],"version-history":[{"count":0,"href":"https:\/\/radiosolaris.com.br\/beta\/wp-json\/wp\/v2\/posts\/76444\/revisions"}],"wp:featuredmedia":[{"embeddable":true,"href":"https:\/\/radiosolaris.com.br\/beta\/wp-json\/wp\/v2\/media\/76450"}],"wp:attachment":[{"href":"https:\/\/radiosolaris.com.br\/beta\/wp-json\/wp\/v2\/media?parent=76444"}],"wp:term":[{"taxonomy":"category","embeddable":true,"href":"https:\/\/radiosolaris.com.br\/beta\/wp-json\/wp\/v2\/categories?post=76444"},{"taxonomy":"post_tag","embeddable":true,"href":"https:\/\/radiosolaris.com.br\/beta\/wp-json\/wp\/v2\/tags?post=76444"},{"taxonomy":"powerkit_post_featured","embeddable":true,"href":"https:\/\/radiosolaris.com.br\/beta\/wp-json\/wp\/v2\/powerkit_post_featured?post=76444"}],"curies":[{"name":"wp","href":"https:\/\/api.w.org\/{rel}","templated":true}]}}