{"id":76100,"date":"2022-04-06T15:57:27","date_gmt":"2022-04-06T18:57:27","guid":{"rendered":"https:\/\/radiosolaris.com.br\/beta\/?p=76100"},"modified":"2022-04-06T16:11:14","modified_gmt":"2022-04-06T19:11:14","slug":"legislativo-de-antonio-prado-promove-o-primeiro-encontro-do-aluno-cidadao","status":"publish","type":"post","link":"https:\/\/radiosolaris.com.br\/beta\/legislativo-de-antonio-prado-promove-o-primeiro-encontro-do-aluno-cidadao\/","title":{"rendered":"Legislativo de Ant\u00f4nio Prado promove o primeiro encontro do Aluno Cidad\u00e3o"},"content":{"rendered":"\n<h4 id=\"o-tema-do-aluno-cidadao-deste-ano-e-o-impacto-da-tecnologia-na-educacao\" class=\"wp-block-heading\">O tema do Aluno Cidad\u00e3o deste ano \u00e9: O impacto da Tecnologia na Educa\u00e7\u00e3o<\/h4>\n\n\n\n<p>Aconteceu na tarde desta quarta-feira (6) na C\u00e2mara de Vereadores de Ant\u00f4nio Prado o primeiro encontro do Projeto Aluno Cidad\u00e3o 2022. Nove alunos (mesmo n\u00famero de vereadores), das escolas da cidade participam do projeto.<\/p>\n\n\n\n<p>O objetivo desse primeiro encontro \u00e9 de conhecer a Casa Legislativa e os trabalhos desenvolvidos pelos edis. O tema do Aluno Cidad\u00e3o deste ano \u00e9 O impacto da Tecnologia na Educa\u00e7\u00e3o.<\/p>\n\n\n\n<p>O diretor da C\u00e2mara, Murilo dos Santos Almeida, apresentou aos alunos o funcionamento do Legislativo, as atribui\u00e7\u00f5es e deveres dos vereadores. Estavam presentes tamb\u00e9m o presidente da C\u00e2mara, Gelsomir Corassa e seu vice,\u00a0Vanderlei Ant\u00f4nio Cescon , a coordenadora do projeto Suziene Spanhol Bonatto e os servidores do legislativo.<br>\u00a0<br>Este ano participam do projeto os estudantes: Camila Marcante Grezele &#8211; (E. E. E. M. Irm\u00e3o Irineu), Adriana Weber &#8211; (E. E. E. M. Santana), Sofia de Souza &#8211; (C. E. P. Ulisses Cabral), Heloisa Maciel Viali &#8211; (C. E. P. Ulisses Cabral), Vin\u00edcius de Souza Popsim da Silva &#8211; (E. M. E. F. N. S. Aparecida), Marcos Palinski Baldin &#8211; (Escola Interativa), Vitt\u00f3ria Bordin &#8211; (E. M. E. F. Jo\u00e3o XXIII), Bernardo Lorenzet Susin &#8211; (E. E. E. F. Narciso Verza) e Lucas Guarese Rigo &#8211; (APAE).\u00a0<\/p>\n\n\n\n<figure class=\"wp-block-gallery has-nested-images columns-default is-cropped wp-block-gallery-1 is-layout-flex wp-block-gallery-is-layout-flex\">\n<figure class=\"wp-block-image size-large is-style-default\"><a href=\"https:\/\/radiosolaris.com.br\/beta\/wp-content\/uploads\/2022\/04\/WhatsApp-Image-2022-04-06-at-15.50.22-1.jpeg\"><img  decoding=\"async\"  data-id=\"76102\"  src=\"data:image\/png;base64,iVBORw0KGgoAAAANSUhEUgAAAAEAAAABAQMAAAAl21bKAAAAA1BMVEUAAP+KeNJXAAAAAXRSTlMAQObYZgAAAAlwSFlzAAAOxAAADsQBlSsOGwAAAApJREFUCNdjYAAAAAIAAeIhvDMAAAAASUVORK5CYII=\"  alt=\"\"  class=\"wp-image-76102 pk-lazyload\"  data-pk-sizes=\"auto\"  data-pk-src=\"https:\/\/radiosolaris.com.br\/beta\/wp-content\/uploads\/2022\/04\/WhatsApp-Image-2022-04-06-at-15.50.22-1-1024x667.jpeg\" ><\/a><\/figure>\n\n\n\n<figure class=\"wp-block-image size-large is-style-default\"><a href=\"https:\/\/radiosolaris.com.br\/beta\/wp-content\/uploads\/2022\/04\/WhatsApp-Image-2022-04-06-at-15.50.22.jpeg\"><img  decoding=\"async\"  data-id=\"76101\"  src=\"data:image\/png;base64,iVBORw0KGgoAAAANSUhEUgAAAAEAAAABAQMAAAAl21bKAAAAA1BMVEUAAP+KeNJXAAAAAXRSTlMAQObYZgAAAAlwSFlzAAAOxAAADsQBlSsOGwAAAApJREFUCNdjYAAAAAIAAeIhvDMAAAAASUVORK5CYII=\"  alt=\"\"  class=\"wp-image-76101 pk-lazyload\"  data-pk-sizes=\"auto\"  data-pk-src=\"https:\/\/radiosolaris.com.br\/beta\/wp-content\/uploads\/2022\/04\/WhatsApp-Image-2022-04-06-at-15.50.22-1024x676.jpeg\" ><\/a><\/figure>\n<\/figure>\n\n\n\n<p>Imagens\/Ronei Marcilio<\/p>\n","protected":false},"excerpt":{"rendered":"<p>O tema do Aluno Cidad\u00e3o deste ano \u00e9: O impacto da Tecnologia na Educa\u00e7\u00e3o Aconteceu na tarde desta quarta-feira (6) na C\u00e2mara de Vereadores de Ant\u00f4nio Prado o primeiro encontro&hellip;<\/p>\n","protected":false},"author":1,"featured_media":76102,"comment_status":"closed","ping_status":"closed","sticky":false,"template":"","format":"standard","meta":{"_lmt_disableupdate":"","_lmt_disable":"","footnotes":""},"categories":[83],"tags":[918,143,1436,283],"powerkit_post_featured":[],"class_list":{"0":"post-76100","1":"post","2":"type-post","3":"status-publish","4":"format-standard","5":"has-post-thumbnail","7":"category-serra-gaucha","8":"tag-aluno-cidadao","9":"tag-antonio-prado","10":"tag-legislativo","11":"tag-serra-gaucha"},"modified_by":"Gustavo Zanotto","_links":{"self":[{"href":"https:\/\/radiosolaris.com.br\/beta\/wp-json\/wp\/v2\/posts\/76100","targetHints":{"allow":["GET"]}}],"collection":[{"href":"https:\/\/radiosolaris.com.br\/beta\/wp-json\/wp\/v2\/posts"}],"about":[{"href":"https:\/\/radiosolaris.com.br\/beta\/wp-json\/wp\/v2\/types\/post"}],"author":[{"embeddable":true,"href":"https:\/\/radiosolaris.com.br\/beta\/wp-json\/wp\/v2\/users\/1"}],"replies":[{"embeddable":true,"href":"https:\/\/radiosolaris.com.br\/beta\/wp-json\/wp\/v2\/comments?post=76100"}],"version-history":[{"count":0,"href":"https:\/\/radiosolaris.com.br\/beta\/wp-json\/wp\/v2\/posts\/76100\/revisions"}],"wp:featuredmedia":[{"embeddable":true,"href":"https:\/\/radiosolaris.com.br\/beta\/wp-json\/wp\/v2\/media\/76102"}],"wp:attachment":[{"href":"https:\/\/radiosolaris.com.br\/beta\/wp-json\/wp\/v2\/media?parent=76100"}],"wp:term":[{"taxonomy":"category","embeddable":true,"href":"https:\/\/radiosolaris.com.br\/beta\/wp-json\/wp\/v2\/categories?post=76100"},{"taxonomy":"post_tag","embeddable":true,"href":"https:\/\/radiosolaris.com.br\/beta\/wp-json\/wp\/v2\/tags?post=76100"},{"taxonomy":"powerkit_post_featured","embeddable":true,"href":"https:\/\/radiosolaris.com.br\/beta\/wp-json\/wp\/v2\/powerkit_post_featured?post=76100"}],"curies":[{"name":"wp","href":"https:\/\/api.w.org\/{rel}","templated":true}]}}