{"id":76095,"date":"2022-04-06T15:32:37","date_gmt":"2022-04-06T18:32:37","guid":{"rendered":"https:\/\/radiosolaris.com.br\/beta\/?p=76095"},"modified":"2022-04-06T15:32:40","modified_gmt":"2022-04-06T18:32:40","slug":"reuniao-almoco-da-cic-caxias-passa-a-se-chamar-ra-cic-e-tera-enfase-no-conteudo","status":"publish","type":"post","link":"https:\/\/radiosolaris.com.br\/beta\/reuniao-almoco-da-cic-caxias-passa-a-se-chamar-ra-cic-e-tera-enfase-no-conteudo\/","title":{"rendered":"Reuni\u00e3o-almo\u00e7o da CIC Caxias passa a se chamar RA CIC e ter\u00e1 \u00eanfase no conte\u00fado"},"content":{"rendered":"\n<h4 id=\"novo-formato-do-evento-foi-apresentado-pela-entidade-nesta-quarta-feira\" class=\"wp-block-heading\">Novo formato do evento foi apresentado pela entidade nesta quarta-feira<\/h4>\n\n\n\n<p>\u201cRA CIC Caxias! A conex\u00e3o com o agora!\u201d A primeira fase das mudan\u00e7as que envolvem a tradicional reuni\u00e3o-almo\u00e7o da C\u00e2mara de Ind\u00fastria, Com\u00e9rcio e Servi\u00e7os de Caxias do Sul (CIC Caxias) foi apresentada na manh\u00e3 desta quarta-feira (6) durante evento h\u00edbrido que reuniu diferentes p\u00fablicos. \u201cA partir do objetivo de valorizar e fomentar conex\u00f5es, nasceu a ideia de levar a reuni\u00e3o-almo\u00e7o para um patamar mais tecnol\u00f3gico, mais moderno e inovador\u201d, revelou o presidente, Celestino Oscar Loro, ao fazer refer\u00eancia ao novo slogan do evento durante sua fala de abertura.<\/p>\n\n\n\n<p>O conjunto de novas experi\u00eancias que a CIC Caxias deseja oportunizar aos seus associados e comunidade a partir de segunda-feira (11), quando estreia o novo formato, foi detalhado pela coordenadora da Diretoria de Comunica\u00e7\u00e3o e Marketing, \u00c2ngela Francescato Ramalho. De acordo com ela, todo o plano de evolu\u00e7\u00e3o da reuni\u00e3o-almo\u00e7o est\u00e1 baseado em atender ao resultado da pesquisa entre associados, mas com um olhar para o mundo e para a constru\u00e7\u00e3o do futuro. \u201cA nossa maior preocupa\u00e7\u00e3o foi manter a tradi\u00e7\u00e3o e o compromisso da entidade em pautar as informa\u00e7\u00f5es que norteiam nossa cidade, regi\u00e3o e o mundo, mas tudo isso sendo apresentado em um novo formato\u201d, pontuou \u00c2ngela.<\/p>\n\n\n\n<p>Este novo formato tem como objetivos trazer uma nova experi\u00eancia, conversar e atrair novos p\u00fablicos, ampliar o acesso \u00e0 entidade, valorizar ainda mais a entrega de conte\u00fado e promover networking. \u201cAssim como prev\u00ea a gest\u00e3o por meio de metodologias \u00e1geis, o projeto de evolu\u00e7\u00e3o da nova reuni\u00e3o-almo\u00e7o prev\u00ea aprimoramento cont\u00ednuo, baseado em oferecer qualidade, ofertar melhorias e corrigir rapidamente quando necess\u00e1rio pelo olhar do nosso p\u00fablico\u201d, afirmou a diretora da entidade.<\/p>\n\n\n\n<p>A primeira mudan\u00e7a foi retirar a formalidade da palavra reuni\u00e3o. A Diretoria de Comunica\u00e7\u00e3o e Marketing ent\u00e3o optou pela abreviatura do nome e da utiliza\u00e7\u00e3o do naming RA CIC Caxias, refor\u00e7ado por uma nova identidade visual e recursos tecnol\u00f3gicos.<\/p>\n\n\n\n<p>Outra mudan\u00e7a foi a valoriza\u00e7\u00e3o da entrega do conte\u00fado. O plano de revitaliza\u00e7\u00e3o da RA teve como refer\u00eancia o TEDx, em que o palestrante recebe aten\u00e7\u00e3o e prioridade para abordar o tema. A ideia \u00e9 melhorar a experi\u00eancia, tanto do palestrante como dos convidados, contou \u00c2ngela. Para isso, o evento ter\u00e1 in\u00edcio \u00e0s 11h45 e \u00e0s 12h trazer o convidado j\u00e1 estar\u00e1 no palco para a palestra. Somente ao t\u00e9rmino de sua explana\u00e7\u00e3o \u00e9 que o servi\u00e7o de almo\u00e7o ser\u00e1 iniciado. A apresenta\u00e7\u00e3o do convidado ter\u00e1 o suporte da Aero St\u00fadio Digital, que fornece a estrutura audiovisual, tamb\u00e9m reformulada, incluindo a apresenta\u00e7\u00e3o do palco.<\/p>\n\n\n\n<p>Tamb\u00e9m haver\u00e1 mudan\u00e7as no protocolo e cerimonial do evento e inseridas novas formas de divulgar as marcas patrocinadoras e apoiadoras. Al\u00e9m disso, a RA CIC Caxias ser\u00e1 em formato h\u00edbrido, e a ideia, at\u00e9 o fim do ano, \u00e9 ampliar a entrega do conte\u00fado com a formata\u00e7\u00e3o de um novo produto digital.<\/p>\n\n\n\n<p><\/p>\n\n\n\n<figure class=\"wp-block-image size-large\"><img  decoding=\"async\"  src=\"data:image\/png;base64,iVBORw0KGgoAAAANSUhEUgAABIgAAAMFAQMAAAAla18IAAAAA1BMVEUAAP+KeNJXAAAAAXRSTlMAQObYZgAAAAlwSFlzAAAOxAAADsQBlSsOGwAAAIRJREFUeNrtwTEBAAAAwqD1T20LL6AAAAAAAAAAAAAAAAAAAAAAAAAAAAAAAAAAAAAAAAAAAAAAAAAAAAAAAAAAAAAAAAAAAAAAAAAAAAAAAAAAAAAAAAAAAAAAAAAAAAAAAAAAAAAAAAAAAAAAAAAAAAAAAAAAAAAAAAAAAAAAAAAA+Bq46QABBcE5SgAAAABJRU5ErkJggg==\"  alt=\"\"  class=\"wp-image-76096 pk-lazyload\"  data-pk-sizes=\"auto\"  data-pk-src=\"https:\/\/radiosolaris.com.br\/beta\/wp-content\/uploads\/2022\/04\/IMG_7098-2-1024x683.jpg\" ><figcaption>Foto: <strong>Amanda Faccio\/ CIC Caxias<\/strong><\/figcaption><\/figure>\n","protected":false},"excerpt":{"rendered":"<p>Novo formato do evento foi apresentado pela entidade nesta quarta-feira \u201cRA CIC Caxias! A conex\u00e3o com o agora!\u201d A primeira fase das mudan\u00e7as que envolvem a tradicional reuni\u00e3o-almo\u00e7o da C\u00e2mara&hellip;<\/p>\n","protected":false},"author":19,"featured_media":76096,"comment_status":"closed","ping_status":"closed","sticky":false,"template":"","format":"standard","meta":{"_lmt_disableupdate":"","_lmt_disable":"","footnotes":""},"categories":[83],"tags":[148,3043,10723,10722,283],"powerkit_post_featured":[],"class_list":{"0":"post-76095","1":"post","2":"type-post","3":"status-publish","4":"format-standard","5":"has-post-thumbnail","7":"category-serra-gaucha","8":"tag-caxias-do-sul","9":"tag-cic-caxias","10":"tag-ra-cic","11":"tag-reuiao-almoco","12":"tag-serra-gaucha"},"modified_by":"Luciano Pettorini","_links":{"self":[{"href":"https:\/\/radiosolaris.com.br\/beta\/wp-json\/wp\/v2\/posts\/76095","targetHints":{"allow":["GET"]}}],"collection":[{"href":"https:\/\/radiosolaris.com.br\/beta\/wp-json\/wp\/v2\/posts"}],"about":[{"href":"https:\/\/radiosolaris.com.br\/beta\/wp-json\/wp\/v2\/types\/post"}],"author":[{"embeddable":true,"href":"https:\/\/radiosolaris.com.br\/beta\/wp-json\/wp\/v2\/users\/19"}],"replies":[{"embeddable":true,"href":"https:\/\/radiosolaris.com.br\/beta\/wp-json\/wp\/v2\/comments?post=76095"}],"version-history":[{"count":0,"href":"https:\/\/radiosolaris.com.br\/beta\/wp-json\/wp\/v2\/posts\/76095\/revisions"}],"wp:featuredmedia":[{"embeddable":true,"href":"https:\/\/radiosolaris.com.br\/beta\/wp-json\/wp\/v2\/media\/76096"}],"wp:attachment":[{"href":"https:\/\/radiosolaris.com.br\/beta\/wp-json\/wp\/v2\/media?parent=76095"}],"wp:term":[{"taxonomy":"category","embeddable":true,"href":"https:\/\/radiosolaris.com.br\/beta\/wp-json\/wp\/v2\/categories?post=76095"},{"taxonomy":"post_tag","embeddable":true,"href":"https:\/\/radiosolaris.com.br\/beta\/wp-json\/wp\/v2\/tags?post=76095"},{"taxonomy":"powerkit_post_featured","embeddable":true,"href":"https:\/\/radiosolaris.com.br\/beta\/wp-json\/wp\/v2\/powerkit_post_featured?post=76095"}],"curies":[{"name":"wp","href":"https:\/\/api.w.org\/{rel}","templated":true}]}}