{"id":76068,"date":"2022-04-06T08:06:09","date_gmt":"2022-04-06T11:06:09","guid":{"rendered":"https:\/\/radiosolaris.com.br\/beta\/?p=76068"},"modified":"2022-04-06T08:06:11","modified_gmt":"2022-04-06T11:06:11","slug":"samae-registra-primeiro-auto-de-infracao-lavrado-pelo-uso-irracional-de-agua-em-caxias","status":"publish","type":"post","link":"https:\/\/radiosolaris.com.br\/beta\/samae-registra-primeiro-auto-de-infracao-lavrado-pelo-uso-irracional-de-agua-em-caxias\/","title":{"rendered":"Samae registra primeiro auto de infra\u00e7\u00e3o lavrado pelo uso irracional de \u00e1gua em Caxias"},"content":{"rendered":"\n<h4 id=\"entre-os-dias-21-e-31-de-marco-foram-contabilizadas-mais-de-100-denuncias\" class=\"wp-block-heading\">Entre os dias 21 e 31 de mar\u00e7o foram contabilizadas mais de 100 den\u00fancias<\/h4>\n\n\n\n<p>O Servi\u00e7o Aut\u00f4nomo Municipal de \u00c1gua e Esgoto (Samae) recebeu 101 den\u00fancias de uso indevido da \u00e1gua entre os dias 21 e 31 de mar\u00e7o. Ao total, desde a publica\u00e7\u00e3o do decreto, em 25 de janeiro, j\u00e1 foram registradas 654 den\u00fancias. O primeiro auto de infra\u00e7\u00e3o lavrado ocorreu no \u00faltimo dia 27. O estabelecimento autuado foi uma lavagem de carros localizada no Bairro S\u00e3o Pelegrino.<\/p>\n\n\n\n<p>De acordo com o Samae, ap\u00f3s a primeira reincid\u00eancia, o estabelecimento reportou que havia parado com as atividades, contudo, ap\u00f3s novas den\u00fancias e auditoria, fiscais da autarquia constataram que a lavagem continuava operando aos domingos. Agora, o dono do estabelecimento tem at\u00e9 10 dias \u00fateis, contados a partir do dia da autua\u00e7\u00e3o, para cumprir o ato. Em caso de descumprimento, o estabelecimento ser\u00e1 multado e o abastecimento de \u00e1gua, interrompido.<\/p>\n\n\n\n<p>O decreto n\u00b0 21.905 pro\u00edbe o uso de \u00e1gua tratada para lavar cal\u00e7adas ou passeios p\u00fablicos de \u00e1reas residenciais, comerciais ou industriais, al\u00e9m de ve\u00edculos. A pr\u00e1tica de irrigar plantas e jardins tamb\u00e9m deve ser evitada, bem como encher piscinas. \u00c9 importante esclarecer que decreto prev\u00ea a possibilidade da continuidade dos servi\u00e7os proibidos por meio da utiliza\u00e7\u00e3o de \u00e1gua de fontes alternativas e reuso.<\/p>\n\n\n\n<p>O Samae informa que os moradores que forem flagrados ou denunciados por outros tipos de uso que caracterizem o desperd\u00edcio tamb\u00e9m poder\u00e3o ser autuados. Na primeira infra\u00e7\u00e3o, o usu\u00e1rio ser\u00e1 alertado e orientado. Em caso de reincid\u00eancia, ser\u00e1 aplicada uma multa no valor correspondente a 10 tarifas m\u00ednimas de \u00e1gua de cada categoria. Den\u00fancias de uso irracional da \u00e1gua poder\u00e3o ser feitas por meio do telefone 115 ou pela plataforma de WhatsApp (54) 9 9180-0893.<\/p>\n\n\n\n<p><\/p>\n\n\n\n<figure class=\"wp-block-image size-full\"><img  loading=\"lazy\"  decoding=\"async\"  width=\"1000\"  height=\"667\"  src=\"data:image\/png;base64,iVBORw0KGgoAAAANSUhEUgAAA+gAAAKbAQMAAABcrDJ8AAAAA1BMVEUAAP+KeNJXAAAAAXRSTlMAQObYZgAAAAlwSFlzAAAOxAAADsQBlSsOGwAAAGhJREFUeNrtwQENAAAAwqD3T20ON6AAAAAAAAAAAAAAAAAAAAAAAAAAAAAAAAAAAAAAAAAAAAAAAAAAAAAAAAAAAAAAAAAAAAAAAAAAAAAAAAAAAAAAAAAAAAAAAAAAAAAAAAAAAAD4NkhZAAElH6lCAAAAAElFTkSuQmCC\"  alt=\"\"  class=\"wp-image-76069 pk-lazyload\"  data-pk-sizes=\"auto\"  data-ls-sizes=\"auto, (max-width: 1000px) 100vw, 1000px\"  data-pk-src=\"https:\/\/radiosolaris.com.br\/beta\/wp-content\/uploads\/2022\/04\/WhatsApp-Image-2022-04-06-at-06.34.10.jpeg\"  data-pk-srcset=\"https:\/\/radiosolaris.com.br\/beta\/wp-content\/uploads\/2022\/04\/WhatsApp-Image-2022-04-06-at-06.34.10.jpeg 1000w, https:\/\/radiosolaris.com.br\/beta\/wp-content\/uploads\/2022\/04\/WhatsApp-Image-2022-04-06-at-06.34.10-800x534.jpeg 800w\" ><figcaption>Foto: Andr\u00e9ia Copini<\/figcaption><\/figure>\n","protected":false},"excerpt":{"rendered":"<p>Entre os dias 21 e 31 de mar\u00e7o foram contabilizadas mais de 100 den\u00fancias O Servi\u00e7o Aut\u00f4nomo Municipal de \u00c1gua e Esgoto (Samae) recebeu 101 den\u00fancias de uso indevido da&hellip;<\/p>\n","protected":false},"author":19,"featured_media":76069,"comment_status":"closed","ping_status":"closed","sticky":false,"template":"","format":"standard","meta":{"_lmt_disableupdate":"","_lmt_disable":"","footnotes":""},"categories":[83],"tags":[148,791,3332,283,10715],"powerkit_post_featured":[],"class_list":{"0":"post-76068","1":"post","2":"type-post","3":"status-publish","4":"format-standard","5":"has-post-thumbnail","7":"category-serra-gaucha","8":"tag-caxias-do-sul","9":"tag-multa","10":"tag-samae","11":"tag-serra-gaucha","12":"tag-uso-irracional-da-agua"},"modified_by":"Luciano Pettorini","_links":{"self":[{"href":"https:\/\/radiosolaris.com.br\/beta\/wp-json\/wp\/v2\/posts\/76068","targetHints":{"allow":["GET"]}}],"collection":[{"href":"https:\/\/radiosolaris.com.br\/beta\/wp-json\/wp\/v2\/posts"}],"about":[{"href":"https:\/\/radiosolaris.com.br\/beta\/wp-json\/wp\/v2\/types\/post"}],"author":[{"embeddable":true,"href":"https:\/\/radiosolaris.com.br\/beta\/wp-json\/wp\/v2\/users\/19"}],"replies":[{"embeddable":true,"href":"https:\/\/radiosolaris.com.br\/beta\/wp-json\/wp\/v2\/comments?post=76068"}],"version-history":[{"count":0,"href":"https:\/\/radiosolaris.com.br\/beta\/wp-json\/wp\/v2\/posts\/76068\/revisions"}],"wp:featuredmedia":[{"embeddable":true,"href":"https:\/\/radiosolaris.com.br\/beta\/wp-json\/wp\/v2\/media\/76069"}],"wp:attachment":[{"href":"https:\/\/radiosolaris.com.br\/beta\/wp-json\/wp\/v2\/media?parent=76068"}],"wp:term":[{"taxonomy":"category","embeddable":true,"href":"https:\/\/radiosolaris.com.br\/beta\/wp-json\/wp\/v2\/categories?post=76068"},{"taxonomy":"post_tag","embeddable":true,"href":"https:\/\/radiosolaris.com.br\/beta\/wp-json\/wp\/v2\/tags?post=76068"},{"taxonomy":"powerkit_post_featured","embeddable":true,"href":"https:\/\/radiosolaris.com.br\/beta\/wp-json\/wp\/v2\/powerkit_post_featured?post=76068"}],"curies":[{"name":"wp","href":"https:\/\/api.w.org\/{rel}","templated":true}]}}