{"id":76044,"date":"2022-04-05T17:45:14","date_gmt":"2022-04-05T20:45:14","guid":{"rendered":"https:\/\/radiosolaris.com.br\/beta\/?p=76044"},"modified":"2022-04-05T17:45:21","modified_gmt":"2022-04-05T20:45:21","slug":"prefeitura-abre-vagas-para-929-alunos-nas-escolas-publicas-de-caxias-do-sul","status":"publish","type":"post","link":"https:\/\/radiosolaris.com.br\/beta\/prefeitura-abre-vagas-para-929-alunos-nas-escolas-publicas-de-caxias-do-sul\/","title":{"rendered":"Prefeitura abre vagas para 929 alunos nas escolas p\u00fablicas de Caxias do Sul"},"content":{"rendered":"\n<h4 id=\"ao-todo-40-novas-turmas-estao-sendo-abertas-na-regiao-norte-e-nos-bairros-desvio-rizzo-cruzeiro-centro-e-cinquentenario\" class=\"wp-block-heading\">Ao todo, 40 novas turmas est\u00e3o sendo abertas na regi\u00e3o norte e nos bairros Desvio Rizzo, Cruzeiro, Centro e Cinquenten\u00e1rio<\/h4>\n\n\n\n<p>H\u00e1 algumas semanas pais de crian\u00e7as e adolescentes de Caxias do Sul vem provocando longas filas na Central de Matr\u00edculas, mesmo ap\u00f3s o in\u00edcio do ano letivo, em busca de uma vaga nas escola p\u00fablicas. Para sanar o problema, a Prefeitura, por meio da Secretaria da Educa\u00e7\u00e3o, montou uma estrat\u00e9gia diferenciada para assegurar atendimento a 929 alunos que aguardavam por vagas ou transfer\u00eancia na Central de Matr\u00edculas: ser\u00e3o abertas 40 novas turmas em diversas regi\u00f5es do munic\u00edpio.<\/p>\n\n\n\n<p>Para atender esta demanda, a pasta investir\u00e1 aproximadamente R$ 12 milh\u00f5es, incluindo nomea\u00e7\u00e3o de 70 profissionais da educa\u00e7\u00e3o, oferta de transporte, alimenta\u00e7\u00e3o e servi\u00e7os de merendeira e higieniza\u00e7\u00e3o.<\/p>\n\n\n\n<p>A regi\u00e3o com maior necessidade de vagas \u00e9 o Desvio Rizzo, que contar\u00e1 com oito novas turmas e atendimento pelas escolas municipais Dezenove de Abril e San Gennaro. Na Regi\u00e3o Norte tamb\u00e9m ser\u00e3o abertas oito novas turmas. O servi\u00e7o de transporte envolver\u00e1 28 roteiros, o que possibilitou o atendimento em escolas com vagas antes n\u00e3o preenchidas.<\/p>\n\n\n\n<p>A Smed contar\u00e1 ainda com espa\u00e7os dispon\u00edveis em escolas estaduais. Estudantes do Bairro Cruzeiro ao Centro ser\u00e3o atendidos na Presidente Vargas; da Regi\u00e3o Esplanada, no Instituto Crist\u00f3v\u00e3o de Mendoza; e da Regi\u00e3o Norte, na Escola Professor Clauri Alves Flores. A partir desta semana, enquanto tramitam as nomea\u00e7\u00f5es dos novos professores e a conclus\u00e3o dos roteiros de transporte, j\u00e1 ter\u00e3o in\u00edcio as designa\u00e7\u00f5es para os estudantes que passar\u00e3o a receber estudos compensat\u00f3rios a serem entregues nas escolas mais pr\u00f3ximas de suas resid\u00eancias. Para a recupera\u00e7\u00e3o da aprendizagem, estes estudantes e professores n\u00e3o ter\u00e3o f\u00e9rias de inverno em julho.<\/p>\n\n\n\n<p>A secret\u00e1ria Sandra Negrini informa que o valor investido est\u00e1 fora da previs\u00e3o or\u00e7ament\u00e1ria e destaca que a Central de Matr\u00edculas continua recebendo em torno de 100 novas inscri\u00e7\u00f5es di\u00e1rias. Segundo a secret\u00e1ria, esta demanda decorre da chegada de fam\u00edlias de outros munic\u00edpios, estados e pa\u00edses. \u201cPor Caxias do Sul ser uma cidade atrativa na oferta de empregos, n\u00e3o podemos ignorar que a demanda por servi\u00e7os p\u00fablicos tamb\u00e9m \u00e9 impactada, especialmente a educa\u00e7\u00e3o\u201d, ponderou.<\/p>\n\n\n\n<p>Foto de capa: Reprodu\u00e7\u00e3o IE Crist\u00f3v\u00e3o de Mendoza<\/p>\n","protected":false},"excerpt":{"rendered":"<p>Ao todo, 40 novas turmas est\u00e3o sendo abertas na regi\u00e3o norte e nos bairros Desvio Rizzo, Cruzeiro, Centro e Cinquenten\u00e1rio H\u00e1 algumas semanas pais de crian\u00e7as e adolescentes de Caxias&hellip;<\/p>\n","protected":false},"author":17,"featured_media":76045,"comment_status":"closed","ping_status":"closed","sticky":false,"template":"","format":"standard","meta":{"_lmt_disableupdate":"","_lmt_disable":"","footnotes":""},"categories":[83],"tags":[10702,10705,10706,10707,10704,10708,5579,10703],"powerkit_post_featured":[],"class_list":{"0":"post-76044","1":"post","2":"type-post","3":"status-publish","4":"format-standard","5":"has-post-thumbnail","7":"category-serra-gaucha","8":"tag-central-de-matriculas","9":"tag-cristovao-de-mendoza","10":"tag-dezenove-de-abril","11":"tag-escola-professor-clauri-alves-flores","12":"tag-novas-turmas","13":"tag-presidente-vargas","14":"tag-san-gennaro","15":"tag-vagas-em-escolas"},"modified_by":"Igor Panzenhagen","_links":{"self":[{"href":"https:\/\/radiosolaris.com.br\/beta\/wp-json\/wp\/v2\/posts\/76044","targetHints":{"allow":["GET"]}}],"collection":[{"href":"https:\/\/radiosolaris.com.br\/beta\/wp-json\/wp\/v2\/posts"}],"about":[{"href":"https:\/\/radiosolaris.com.br\/beta\/wp-json\/wp\/v2\/types\/post"}],"author":[{"embeddable":true,"href":"https:\/\/radiosolaris.com.br\/beta\/wp-json\/wp\/v2\/users\/17"}],"replies":[{"embeddable":true,"href":"https:\/\/radiosolaris.com.br\/beta\/wp-json\/wp\/v2\/comments?post=76044"}],"version-history":[{"count":0,"href":"https:\/\/radiosolaris.com.br\/beta\/wp-json\/wp\/v2\/posts\/76044\/revisions"}],"wp:featuredmedia":[{"embeddable":true,"href":"https:\/\/radiosolaris.com.br\/beta\/wp-json\/wp\/v2\/media\/76045"}],"wp:attachment":[{"href":"https:\/\/radiosolaris.com.br\/beta\/wp-json\/wp\/v2\/media?parent=76044"}],"wp:term":[{"taxonomy":"category","embeddable":true,"href":"https:\/\/radiosolaris.com.br\/beta\/wp-json\/wp\/v2\/categories?post=76044"},{"taxonomy":"post_tag","embeddable":true,"href":"https:\/\/radiosolaris.com.br\/beta\/wp-json\/wp\/v2\/tags?post=76044"},{"taxonomy":"powerkit_post_featured","embeddable":true,"href":"https:\/\/radiosolaris.com.br\/beta\/wp-json\/wp\/v2\/powerkit_post_featured?post=76044"}],"curies":[{"name":"wp","href":"https:\/\/api.w.org\/{rel}","templated":true}]}}