{"id":75913,"date":"2022-04-04T15:45:51","date_gmt":"2022-04-04T18:45:51","guid":{"rendered":"https:\/\/radiosolaris.com.br\/beta\/?p=75913"},"modified":"2022-04-04T16:22:22","modified_gmt":"2022-04-04T19:22:22","slug":"daer-confirma-que-obras-na-ers-122-devem-ser-concluidas-ainda-este-mes","status":"publish","type":"post","link":"https:\/\/radiosolaris.com.br\/beta\/daer-confirma-que-obras-na-ers-122-devem-ser-concluidas-ainda-este-mes\/","title":{"rendered":"Daer confirma que obras na ERS-122 devem ser conclu\u00eddas ainda este m\u00eas"},"content":{"rendered":"\n<h4 id=\"mais-de-r-227-milhoes-estao-sendo-investidos-no-trecho-caxias-do-sul-farroupilha-sao-vendelino\" class=\"wp-block-heading\">Mais de R$ 22,7 milh\u00f5es est\u00e3o sendo investidos no trecho Caxias do Sul\/Farroupilha\/S\u00e3o Vendelino<\/h4>\n\n\n\n<p>Mais de R$ 22,7 milh\u00f5es est\u00e3o sendo investidos pelo Governo do Estado para recuperar a ERS-122, entre S\u00e3o Vendelino e Caxias do Sul. O Departamento Aut\u00f4nomo de Estradas de Rodagem (Daer) comunica que 35 quil\u00f4metros da rodovia que devem ser conclu\u00eddo at\u00e9 o final de abril, est\u00e3o recebendo servi\u00e7os que incluem a retirada e substitui\u00e7\u00e3o do pavimento danificado, limpeza dos dispositivos de drenagem, ro\u00e7ada e revitaliza\u00e7\u00e3o da sinaliza\u00e7\u00e3o.<\/p>\n\n\n\n<p>Aproximadamente 75 mil usu\u00e1rios que transitam diariamente na rodovia ser\u00e3o beneficiados com as interven\u00e7\u00f5es realizadas pelo Departamento Aut\u00f4nomo de Estradas de Rodagem (Daer) \u2013 vinculado \u00e0 Secretaria de Log\u00edstica e Transportes.<\/p>\n\n\n\n<figure class=\"wp-block-gallery has-nested-images columns-default is-cropped wp-block-gallery-1 is-layout-flex wp-block-gallery-is-layout-flex\">\n<figure class=\"wp-block-image size-large\"><img  loading=\"lazy\"  decoding=\"async\"  width=\"608\"  height=\"342\"  data-id=\"75914\"  src=\"data:image\/png;base64,iVBORw0KGgoAAAANSUhEUgAAAAEAAAABAQMAAAAl21bKAAAAA1BMVEUAAP+KeNJXAAAAAXRSTlMAQObYZgAAAAlwSFlzAAAOxAAADsQBlSsOGwAAAApJREFUCNdjYAAAAAIAAeIhvDMAAAAASUVORK5CYII=\"  alt=\"\"  class=\"wp-image-75914 pk-lazyload\"  data-pk-sizes=\"auto\"  data-ls-sizes=\"auto, (max-width: 608px) 100vw, 608px\"  data-pk-src=\"https:\/\/radiosolaris.com.br\/beta\/wp-content\/uploads\/2022\/04\/unnamed-16.jpg\"  data-pk-srcset=\"https:\/\/radiosolaris.com.br\/beta\/wp-content\/uploads\/2022\/04\/unnamed-16.jpg 608w, https:\/\/radiosolaris.com.br\/beta\/wp-content\/uploads\/2022\/04\/unnamed-16-300x169.jpg 300w\" ><\/figure>\n<\/figure>\n\n\n\n<p>\u201cEstamos qualificando esse important\u00edssimo acesso a uma das regi\u00f5es mais industrializadas do Rio Grande do Sul, respons\u00e1vel por grande parte do PIB estadual\u201d, destaca o diretor-geral do Daer, Luciano Faustino. \u201cSabemos que a infraestrutura de transportes impulsiona o desenvolvimento; portanto, podemos assegurar que os recursos aportados na estrada v\u00e3o retornar \u00e0 popula\u00e7\u00e3o com in\u00fameros benef\u00edcios \u00e0 economia\u201d, complementa.<\/p>\n\n\n\n<p>Os servi\u00e7os na ERS-122 fazem parte do Plano de Obras 2021-2022 do Governo do Estado e est\u00e3o divididos em dois trechos (S\u00e3o Vendelino &#8211; Farroupilha e Farroupilha &#8211; Caxias do Sul). Parte das interven\u00e7\u00f5es havia sido realizada em 2021, na primeira etapa do projeto voltado \u00e0 qualifica\u00e7\u00e3o da malha rodovi\u00e1ria ga\u00facha.<\/p>\n\n\n\n<p>\u201cO trabalho, iniciado em junho do ano passado, contou com duas fases: na primeira, atuamos nos pontos cr\u00edticos e, a partir de dezembro, ampliamos as melhorias para outros locais a fim de proporcionar ainda mais seguran\u00e7a aos motoristas\u201d, explica o diretor de Infraestrutura Rodovi\u00e1ria do Departamento, Richard Polo.<\/p>\n\n\n\n<p>\u201cNeste momento, a conserva\u00e7\u00e3o do pavimento est\u00e1 sendo finalizada. Na sequ\u00eancia, ocorrer\u00e1 a implanta\u00e7\u00e3o da sinaliza\u00e7\u00e3o horizontal na pista\u201d, esclarece Polo. Segundo o diretor, a expectativa \u00e9 de que neste m\u00eas as atividades sejam entregues. \u201cPor enquanto, solicitamos a compreens\u00e3o de quem transita na ERS-122, especialmente para as altera\u00e7\u00f5es no tr\u00e2nsito, que se encontra no sistema pare e siga. Essas interrup\u00e7\u00f5es s\u00e3o necess\u00e1rias para que consigamos deixar a estrada em excelentes condi\u00e7\u00f5es de trafegabilidade\u201d, ressalta.<\/p>\n\n\n\n<p>Vale lembrar que na quinta-feira (31) da semana passada, um acidente envolvendo dois caminh\u00f5es causou a morte de um homem na rodovia. O motorista, identificado como Juares Bettiol, de 65 anos, colidiu contra a uma ca\u00e7amba que prestava servi\u00e7os na obra. Segundo o Comando Rodovi\u00e1rio de Farroupilha, o caminhoneiro n\u00e3o teria visto a sinaliza\u00e7\u00e3o. O homem morreu na hora.<\/p>\n\n\n\n<figure class=\"wp-block-gallery has-nested-images columns-default is-cropped wp-block-gallery-2 is-layout-flex wp-block-gallery-is-layout-flex\">\n<figure class=\"wp-block-image size-large\"><img  loading=\"lazy\"  decoding=\"async\"  width=\"608\"  height=\"342\"  data-id=\"75915\"  src=\"data:image\/png;base64,iVBORw0KGgoAAAANSUhEUgAAAmAAAAFWAQMAAAD0brO+AAAAA1BMVEUAAP+KeNJXAAAAAXRSTlMAQObYZgAAAAlwSFlzAAAOxAAADsQBlSsOGwAAADBJREFUeNrtwTEBAAAAwqD1T+1vBqAAAAAAAAAAAAAAAAAAAAAAAAAAAAAAAAAA4A1m3gABoxFjIwAAAABJRU5ErkJggg==\"  alt=\"\"  class=\"wp-image-75915 pk-lazyload\"  data-pk-sizes=\"auto\"  data-ls-sizes=\"auto, (max-width: 608px) 100vw, 608px\"  data-pk-src=\"https:\/\/radiosolaris.com.br\/beta\/wp-content\/uploads\/2022\/04\/unnamed-15.jpg\"  data-pk-srcset=\"https:\/\/radiosolaris.com.br\/beta\/wp-content\/uploads\/2022\/04\/unnamed-15.jpg 608w, https:\/\/radiosolaris.com.br\/beta\/wp-content\/uploads\/2022\/04\/unnamed-15-300x169.jpg 300w\" ><\/figure>\n<\/figure>\n\n\n\n<p>Fotos: Assessoria de Comunica\u00e7\u00e3o do Daer<\/p>\n","protected":false},"excerpt":{"rendered":"<p>Mais de R$ 22,7 milh\u00f5es est\u00e3o sendo investidos no trecho Caxias do Sul\/Farroupilha\/S\u00e3o Vendelino Mais de R$ 22,7 milh\u00f5es est\u00e3o sendo investidos pelo Governo do Estado para recuperar a ERS-122,&hellip;<\/p>\n","protected":false},"author":17,"featured_media":75915,"comment_status":"closed","ping_status":"closed","sticky":false,"template":"","format":"standard","meta":{"_lmt_disableupdate":"","_lmt_disable":"","footnotes":""},"categories":[83],"tags":[148,424,4752,2626,1692,283],"powerkit_post_featured":[],"class_list":{"0":"post-75913","1":"post","2":"type-post","3":"status-publish","4":"format-standard","5":"has-post-thumbnail","7":"category-serra-gaucha","8":"tag-caxias-do-sul","9":"tag-farroupilha","10":"tag-rs-122","11":"tag-rsc-453","12":"tag-sao-vendelino","13":"tag-serra-gaucha"},"modified_by":"Igor Panzenhagen","_links":{"self":[{"href":"https:\/\/radiosolaris.com.br\/beta\/wp-json\/wp\/v2\/posts\/75913","targetHints":{"allow":["GET"]}}],"collection":[{"href":"https:\/\/radiosolaris.com.br\/beta\/wp-json\/wp\/v2\/posts"}],"about":[{"href":"https:\/\/radiosolaris.com.br\/beta\/wp-json\/wp\/v2\/types\/post"}],"author":[{"embeddable":true,"href":"https:\/\/radiosolaris.com.br\/beta\/wp-json\/wp\/v2\/users\/17"}],"replies":[{"embeddable":true,"href":"https:\/\/radiosolaris.com.br\/beta\/wp-json\/wp\/v2\/comments?post=75913"}],"version-history":[{"count":0,"href":"https:\/\/radiosolaris.com.br\/beta\/wp-json\/wp\/v2\/posts\/75913\/revisions"}],"wp:featuredmedia":[{"embeddable":true,"href":"https:\/\/radiosolaris.com.br\/beta\/wp-json\/wp\/v2\/media\/75915"}],"wp:attachment":[{"href":"https:\/\/radiosolaris.com.br\/beta\/wp-json\/wp\/v2\/media?parent=75913"}],"wp:term":[{"taxonomy":"category","embeddable":true,"href":"https:\/\/radiosolaris.com.br\/beta\/wp-json\/wp\/v2\/categories?post=75913"},{"taxonomy":"post_tag","embeddable":true,"href":"https:\/\/radiosolaris.com.br\/beta\/wp-json\/wp\/v2\/tags?post=75913"},{"taxonomy":"powerkit_post_featured","embeddable":true,"href":"https:\/\/radiosolaris.com.br\/beta\/wp-json\/wp\/v2\/powerkit_post_featured?post=75913"}],"curies":[{"name":"wp","href":"https:\/\/api.w.org\/{rel}","templated":true}]}}