{"id":75856,"date":"2022-04-04T09:49:24","date_gmt":"2022-04-04T12:49:24","guid":{"rendered":"https:\/\/radiosolaris.com.br\/beta\/?p=75856"},"modified":"2022-04-04T13:34:46","modified_gmt":"2022-04-04T16:34:46","slug":"autoridades-lamentam-a-morte-do-empresario-lourenco-castellan","status":"publish","type":"post","link":"https:\/\/radiosolaris.com.br\/beta\/autoridades-lamentam-a-morte-do-empresario-lourenco-castellan\/","title":{"rendered":"Autoridades lamentam a morte do empres\u00e1rio Louren\u00e7o Castellan"},"content":{"rendered":"\n<h4 id=\"ex-governador-germano-rigotto-ex-senadora-ana-amelia-lemos-e-outros-politicos-publicaram-notas-nas-redes-sociais\" class=\"wp-block-heading\">Ex-governador Germano Rigotto, ex-senadora Ana Am\u00e9lia Lemos e outros pol\u00edticos publicaram notas nas redes sociais<\/h4>\n\n\n\n<p>Ap\u00f3s <a href=\"https:\/\/radiosolaris.com.br\/beta\/morre-o-empresario-lourenco-castellan-da-moveis-florense\/\" target=\"_blank\" rel=\"noreferrer noopener\">a morte do empres\u00e1rio Louren\u00e7o Darcy Castellan<\/a>, aos 92 anos, diversas autoridades se manifestaram pelas redes sociais prestando solidariedade aos familiares. Castellan era s\u00f3cio fundador e atual presidente em\u00e9rito da M\u00f3veis Florense e faleceu na tarde deste domingo (3), no hospital Pomp\u00e9ia em Caxias do Sul, onde estava internado h\u00e1 alguns dias por problemas de sa\u00fade. A causa da morte n\u00e3o foi divulgada. \u00a0<\/p>\n\n\n\n<p><a href=\"https:\/\/radiosolaris.com.br\/beta\/empresario-lourenco-castellan-sera-cremado-nesta-segunda-feira-4-em-caxias-do-sul\/\" target=\"_blank\" rel=\"noreferrer noopener\">Louren\u00e7o est\u00e1 sendo velado em uma cerim\u00f4nia privada<\/a> na capela anexa ao castelo da fam\u00edlia, no centro de Flores da Cunha. Apenas familiares e amigos pr\u00f3ximos est\u00e3o tendo acesso ao local. Uma celebra\u00e7\u00e3o religiosa est\u00e1 marcada para as 11h desta segunda-feira (4). O corpo do empres\u00e1rio ser\u00e1 transladado \u00e0s 16h para o Memorial Cremat\u00f3rio S\u00e3o Jos\u00e9 em Caxias do Sul, onde ser\u00e1 cremado.<\/p>\n\n\n\n<p><strong>Confira as rea\u00e7\u00f5es de l\u00edderes pol\u00edticos ao falecimento de Louren\u00e7o Castellan:<\/strong><br>O prefeito de Flores da Cunha C\u00e9sar Ulian (Progressistas), publicou no Facebook uma foto tirada no castelo da fam\u00edlia, ao lado da esposa Lisiane e do casal Louren\u00e7o e Noemy Castellan. <a href=\"https:\/\/radiosolaris.com.br\/beta\/prefeitura-de-flores-da-cunha-decreta-luto-pela-morte-do-empresario-lourenco-castellan\/\" target=\"_blank\" rel=\"noreferrer noopener\">Ulian decretou tr\u00eas dias de luto oficial<\/a> no munic\u00edpio e bandeiras a meio mastro na Pra\u00e7a da Bandeira e no Centro Administrativo:<\/p>\n\n\n\n<div class=\"wp-block-image\"><figure class=\"aligncenter size-large is-resized\"><img  loading=\"lazy\"  decoding=\"async\"  src=\"data:image\/png;base64,iVBORw0KGgoAAAANSUhEUgAAAAEAAAABAQMAAAAl21bKAAAAA1BMVEUAAP+KeNJXAAAAAXRSTlMAQObYZgAAAAlwSFlzAAAOxAAADsQBlSsOGwAAAApJREFUCNdjYAAAAAIAAeIhvDMAAAAASUVORK5CYII=\"  alt=\"\"  class=\"wp-image-75865 pk-lazyload\"  width=\"407\"  height=\"607\"  data-pk-sizes=\"auto\"  data-ls-sizes=\"auto, (max-width: 407px) 100vw, 407px\"  data-pk-src=\"https:\/\/radiosolaris.com.br\/beta\/wp-content\/uploads\/2022\/04\/Prefeito-Cesar-Ulian-Lourenco-Castellan-687x1024.jpeg\"  data-pk-srcset=\"https:\/\/radiosolaris.com.br\/beta\/wp-content\/uploads\/2022\/04\/Prefeito-Cesar-Ulian-Lourenco-Castellan-687x1024.jpeg 687w, https:\/\/radiosolaris.com.br\/beta\/wp-content\/uploads\/2022\/04\/Prefeito-Cesar-Ulian-Lourenco-Castellan-201x300.jpeg 201w, https:\/\/radiosolaris.com.br\/beta\/wp-content\/uploads\/2022\/04\/Prefeito-Cesar-Ulian-Lourenco-Castellan-768x1145.jpeg 768w, https:\/\/radiosolaris.com.br\/beta\/wp-content\/uploads\/2022\/04\/Prefeito-Cesar-Ulian-Lourenco-Castellan.jpeg 828w\" ><\/figure><\/div>\n\n\n\n<p>A C\u00e2mara Municipal de Vereadores de Flores da Cunha tamb\u00e9m emitiu uma nota no Facebook, na qual lembrou a trajet\u00f3ria pol\u00edtica e empresarial de Louren\u00e7o Castellan:<\/p>\n\n\n\n<div class=\"wp-block-image\"><figure class=\"aligncenter size-large is-resized\"><img  loading=\"lazy\"  decoding=\"async\"  src=\"data:image\/png;base64,iVBORw0KGgoAAAANSUhEUgAAAAEAAAABAQMAAAAl21bKAAAAA1BMVEUAAP+KeNJXAAAAAXRSTlMAQObYZgAAAAlwSFlzAAAOxAAADsQBlSsOGwAAAApJREFUCNdjYAAAAAIAAeIhvDMAAAAASUVORK5CYII=\"  alt=\"\"  class=\"wp-image-75866 pk-lazyload\"  width=\"393\"  height=\"682\"  data-pk-sizes=\"auto\"  data-ls-sizes=\"auto, (max-width: 393px) 100vw, 393px\"  data-pk-src=\"https:\/\/radiosolaris.com.br\/beta\/wp-content\/uploads\/2022\/04\/Camara-de-Vereadores-de-Flores-da-Cunha-Lourenco-Castellan-590x1024.jpeg\"  data-pk-srcset=\"https:\/\/radiosolaris.com.br\/beta\/wp-content\/uploads\/2022\/04\/Camara-de-Vereadores-de-Flores-da-Cunha-Lourenco-Castellan-590x1024.jpeg 590w, https:\/\/radiosolaris.com.br\/beta\/wp-content\/uploads\/2022\/04\/Camara-de-Vereadores-de-Flores-da-Cunha-Lourenco-Castellan-173x300.jpeg 173w, https:\/\/radiosolaris.com.br\/beta\/wp-content\/uploads\/2022\/04\/Camara-de-Vereadores-de-Flores-da-Cunha-Lourenco-Castellan-768x1332.jpeg 768w, https:\/\/radiosolaris.com.br\/beta\/wp-content\/uploads\/2022\/04\/Camara-de-Vereadores-de-Flores-da-Cunha-Lourenco-Castellan.jpeg 738w\" ><\/figure><\/div>\n\n\n\n<p>O ex-governador do Rio Grande do Sul Germano Rigotto (MDB), lamentou o falecimento atrav\u00e9s de uma publica\u00e7\u00e3o no Twitter:<\/p>\n\n\n\n<figure class=\"wp-block-embed is-type-rich is-provider-twitter wp-block-embed-twitter\"><div class=\"wp-block-embed__wrapper\">\n<blockquote class=\"twitter-tweet\" data-width=\"550\" data-dnt=\"true\"><p lang=\"pt\" dir=\"ltr\">O Rio Grande e o Brasil perderam hj Louren\u00e7o Castelan, um exemplo de l\u00edder e empreendedor que colocou o setor moveleiro como um dos alavancadores do nosso desenvolvimento <br>Tinha muito orgulho em ser seu amigo<br>Abra\u00e7o de pesar \u00e0 fam\u00edlia,e aos milhares de colaboradores da Florense<\/p>&mdash; Germano Rigotto (@rigotto) <a href=\"https:\/\/twitter.com\/rigotto\/status\/1510750251233300483?ref_src=twsrc%5Etfw\">April 3, 2022<\/a><\/blockquote><script async src=\"https:\/\/platform.twitter.com\/widgets.js\" charset=\"utf-8\"><\/script>\n<\/div><\/figure>\n\n\n\n<p>A ex-senadora e secret\u00e1ria de Rela\u00e7\u00f5es Federativas e Internacionais do Rio Grande do Sul Ana Am\u00e9lia Lemos (PSD), tamb\u00e9m publicou uma nota no Twitter:<\/p>\n\n\n\n<figure class=\"wp-block-embed is-type-rich is-provider-twitter wp-block-embed-twitter\"><div class=\"wp-block-embed__wrapper\">\n<blockquote class=\"twitter-tweet\" data-width=\"550\" data-dnt=\"true\"><p lang=\"pt\" dir=\"ltr\">O Rio Grande perdeu neste domingo, em Flores da Cunha, um dos mais importantes empres\u00e1rios do setor moveleiro, Louren\u00e7o Castellan, fundador da conhecida M\u00f3veis Florense.<\/p>&mdash; Ana Am\u00e9lia Lemos (@anaamelialemos) <a href=\"https:\/\/twitter.com\/anaamelialemos\/status\/1510784716869455873?ref_src=twsrc%5Etfw\">April 4, 2022<\/a><\/blockquote><script async src=\"https:\/\/platform.twitter.com\/widgets.js\" charset=\"utf-8\"><\/script>\n<\/div><\/figure>\n\n\n\n<p>Jos\u00e9 Fortunati (Uni\u00e3o Brasil), conterr\u00e2neo de Castellan e ex-prefeito de Porto Alegre, publicou no Twitter uma homenagem ao empres\u00e1rio:<\/p>\n\n\n\n<figure class=\"wp-block-embed is-type-rich is-provider-twitter wp-block-embed-twitter\"><div class=\"wp-block-embed__wrapper\">\n<blockquote class=\"twitter-tweet\" data-width=\"550\" data-dnt=\"true\"><p lang=\"pt\" dir=\"ltr\">Com tristeza recebi a not\u00edcia do falecimento do amigo Louren\u00e7o Darcy Castellan um dos \u00faltimos empreendedores de uma gera\u00e7\u00e3o que marcou a economia do RS. De uma fabriqueta de fundo de quintal transformou a F\u00e1brica de M\u00f3veis numa empresa fant\u00e1stica. Meus sentimentos aos familiares!<\/p>&mdash; Jos\u00e9 Fortunati (@josefortunati) <a href=\"https:\/\/twitter.com\/josefortunati\/status\/1510801500578189315?ref_src=twsrc%5Etfw\">April 4, 2022<\/a><\/blockquote><script async src=\"https:\/\/platform.twitter.com\/widgets.js\" charset=\"utf-8\"><\/script>\n<\/div><\/figure>\n\n\n\n<p>Castellan tamb\u00e9m foi lembrado pelo deputado estadual Carlos B\u00farigo (MDB):<\/p>\n\n\n\n<figure class=\"wp-block-embed is-type-rich is-provider-twitter wp-block-embed-twitter\"><div class=\"wp-block-embed__wrapper\">\n<blockquote class=\"twitter-tweet\" data-width=\"550\" data-dnt=\"true\"><p lang=\"pt\" dir=\"ltr\">A Serra ga\u00facha se despede de um de seus maiores l\u00edderes e empreendedores. Fundador e presidente em\u00e9rito da f\u00e1brica de m\u00f3veis Florense, de Flores da Cunha, Louren\u00e7o Castellan nos deixou ontem. Fica o legado, no Brasil e no exterior, de trabalho e desenvolvimento.<\/p>&mdash; Carlos B\u00farigo (@CarlosBurigo) <a href=\"https:\/\/twitter.com\/CarlosBurigo\/status\/1510933021930754053?ref_src=twsrc%5Etfw\">April 4, 2022<\/a><\/blockquote><script async src=\"https:\/\/platform.twitter.com\/widgets.js\" charset=\"utf-8\"><\/script>\n<\/div><\/figure>\n\n\n\n<p>O ex-prefeito de Caxias do Sul e ex-deputado estadual Alceu Barbosa Velho (PDT) lembrou da homenagem de M\u00e9rito Farroupilha que entregou ao empres\u00e1rio em 2012:<\/p>\n\n\n\n<figure class=\"wp-block-embed is-type-rich is-provider-twitter wp-block-embed-twitter\"><div class=\"wp-block-embed__wrapper\">\n<blockquote class=\"twitter-tweet\" data-width=\"550\" data-dnt=\"true\"><p lang=\"pt\" dir=\"ltr\">Empreendedor e cidad\u00e3o valoroso,  a Serra Ga\u00facha perde um \u00edcone com a partida, neste domingo, de Louren\u00e7o Castellan. Em 2012, tive a alegria de dedicar a ele a Medalha M\u00e9rito Farroupilha,  na Assembleia Legislativa do RS. Acima de tudo,  um grande amigo. \ud83d\ude25 <a href=\"https:\/\/t.co\/3CcXZlP4I1\">pic.twitter.com\/3CcXZlP4I1<\/a><\/p>&mdash; Alceu Barbosa Velho (@Alceu_Barbosa) <a href=\"https:\/\/twitter.com\/Alceu_Barbosa\/status\/1510744551232843778?ref_src=twsrc%5Etfw\">April 3, 2022<\/a><\/blockquote><script async src=\"https:\/\/platform.twitter.com\/widgets.js\" charset=\"utf-8\"><\/script>\n<\/div><\/figure>\n","protected":false},"excerpt":{"rendered":"<p>Ex-governador Germano Rigotto, ex-senadora Ana Am\u00e9lia Lemos e outros pol\u00edticos publicaram notas nas redes sociais Ap\u00f3s a morte do empres\u00e1rio Louren\u00e7o Darcy Castellan, aos 92 anos, diversas autoridades se manifestaram&hellip;<\/p>\n","protected":false},"author":13,"featured_media":75860,"comment_status":"closed","ping_status":"closed","sticky":false,"template":"","format":"standard","meta":{"_lmt_disableupdate":"","_lmt_disable":"","footnotes":""},"categories":[83],"tags":[7729,1485,114,10658,10659,222,5575,3294,992,283],"powerkit_post_featured":[],"class_list":{"0":"post-75856","1":"post","2":"type-post","3":"status-publish","4":"format-standard","5":"has-post-thumbnail","7":"category-serra-gaucha","8":"tag-empresario","9":"tag-falecimento","10":"tag-flores-da-cunha","11":"tag-lourenco-castellan","12":"tag-lourenco-darcy-castellan","13":"tag-morte","14":"tag-moveis-florense-2","15":"tag-obituario","16":"tag-serra","17":"tag-serra-gaucha"},"modified_by":"Filipe Brogliatto","_links":{"self":[{"href":"https:\/\/radiosolaris.com.br\/beta\/wp-json\/wp\/v2\/posts\/75856","targetHints":{"allow":["GET"]}}],"collection":[{"href":"https:\/\/radiosolaris.com.br\/beta\/wp-json\/wp\/v2\/posts"}],"about":[{"href":"https:\/\/radiosolaris.com.br\/beta\/wp-json\/wp\/v2\/types\/post"}],"author":[{"embeddable":true,"href":"https:\/\/radiosolaris.com.br\/beta\/wp-json\/wp\/v2\/users\/13"}],"replies":[{"embeddable":true,"href":"https:\/\/radiosolaris.com.br\/beta\/wp-json\/wp\/v2\/comments?post=75856"}],"version-history":[{"count":0,"href":"https:\/\/radiosolaris.com.br\/beta\/wp-json\/wp\/v2\/posts\/75856\/revisions"}],"wp:featuredmedia":[{"embeddable":true,"href":"https:\/\/radiosolaris.com.br\/beta\/wp-json\/wp\/v2\/media\/75860"}],"wp:attachment":[{"href":"https:\/\/radiosolaris.com.br\/beta\/wp-json\/wp\/v2\/media?parent=75856"}],"wp:term":[{"taxonomy":"category","embeddable":true,"href":"https:\/\/radiosolaris.com.br\/beta\/wp-json\/wp\/v2\/categories?post=75856"},{"taxonomy":"post_tag","embeddable":true,"href":"https:\/\/radiosolaris.com.br\/beta\/wp-json\/wp\/v2\/tags?post=75856"},{"taxonomy":"powerkit_post_featured","embeddable":true,"href":"https:\/\/radiosolaris.com.br\/beta\/wp-json\/wp\/v2\/powerkit_post_featured?post=75856"}],"curies":[{"name":"wp","href":"https:\/\/api.w.org\/{rel}","templated":true}]}}