{"id":75651,"date":"2022-04-01T09:23:33","date_gmt":"2022-04-01T12:23:33","guid":{"rendered":"https:\/\/radiosolaris.com.br\/beta\/?p=75651"},"modified":"2022-04-01T10:45:23","modified_gmt":"2022-04-01T13:45:23","slug":"alcione-grazziotin-prefeito-de-nova-prata-e-eleito-novo-presidente-da-amesne","status":"publish","type":"post","link":"https:\/\/radiosolaris.com.br\/beta\/alcione-grazziotin-prefeito-de-nova-prata-e-eleito-novo-presidente-da-amesne\/","title":{"rendered":"Alcione Grazziotin, Prefeito de Nova Prata, \u00e9 eleito novo presidente da Amesne"},"content":{"rendered":"\n<h4 id=\"a-posse-ocorreu-na-tarde-de-quinta-feira-31\" class=\"wp-block-heading\">A posse ocorreu na tarde de quinta-feira (31)<\/h4>\n\n\n\n<p>Atrav\u00e9s de voto por aclama\u00e7\u00e3o, foi definido que o Presidente da Associa\u00e7\u00e3o dos Munic\u00edpios da Encosta Superior do Nordeste (Amesne) para a gest\u00e3o 2022-2023 ser\u00e1 o Prefeito de Nova Prata, Alcione Grazziotin. A posse ocorreu na tarde desta quinta-feira (31), em reuni\u00e3o almo\u00e7o no Galp\u00e3o de Eventos, na cidade de Nova Prata.<\/p>\n\n\n\n<p>Durante o \u00faltimo ano, a Amesne foi presidida pelo Prefeito de Farroupilha, Fabiano Feltrin, que em sua fala de encerramento, agradeceu a oportunidade de ter estado \u00e0 frente da entidade no per\u00edodo mais dif\u00edcil da hist\u00f3ria e, por consequ\u00eancia, da entidade, e por ter tido todo apoio necess\u00e1rio dos demais prefeitos e colegas. \u201cVencemos este momento juntos, com o empenho de todos. Saio com a sensa\u00e7\u00e3o de dever cumprido\u201d, disse.<\/p>\n\n\n\n<p><strong>Confira a composi\u00e7\u00e3o da diretoria 2022-2023:<\/strong><\/p>\n\n\n\n<p><strong>Presidente: Alcione Graziotin<\/strong>&nbsp;&#8211; Nova Prata<\/p>\n\n\n\n<p><strong>1\u00ba Vice-Presidente:<\/strong>&nbsp;Gisele Caumo &#8211; Santa Tereza<\/p>\n\n\n\n<p><strong>2\u00aa Vice-Presidente:<\/strong>&nbsp;Oscar Dallagnol &#8211; Para\u00ed<\/p>\n\n\n\n<p><strong>1\u00ba Secret\u00e1rio:<\/strong>&nbsp;Adenir Dall\u00e9 &#8211; Monte Belo<\/p>\n\n\n\n<p><strong>2\u00ba Secret\u00e1rio:<\/strong>&nbsp;Everson Kirch &#8211; Carlos Barbosa<\/p>\n\n\n\n<p><strong>TESOUREIRO:<\/strong> Hadair Ferrari &#8211; Pinto Bandeira<\/p>\n\n\n\n<p><strong>Conselho fiscal: <\/strong>Fabiano FeltrinWaldemar de CarliAdil\u00f3 Didomenico<\/p>\n\n\n\n<p><strong>Conselho fiscal suplentes:<\/strong> Douglas PasuchValdir FabrisEvandro Kuwer<\/p>\n\n\n\n<p>Fonte: AMESNE<\/p>\n","protected":false},"excerpt":{"rendered":"<p>A posse ocorreu na tarde de quinta-feira (31) Atrav\u00e9s de voto por aclama\u00e7\u00e3o, foi definido que o Presidente da Associa\u00e7\u00e3o dos Munic\u00edpios da Encosta Superior do Nordeste (Amesne) para a&hellip;<\/p>\n","protected":false},"author":20,"featured_media":75676,"comment_status":"closed","ping_status":"closed","sticky":false,"template":"","format":"standard","meta":{"_lmt_disableupdate":"","_lmt_disable":"","footnotes":""},"categories":[1],"tags":[3498,867],"powerkit_post_featured":[],"class_list":{"0":"post-75651","1":"post","2":"type-post","3":"status-publish","4":"format-standard","5":"has-post-thumbnail","7":"category-geral","8":"tag-amesne","9":"tag-nova-prata"},"modified_by":"Gustavo Zanotto","_links":{"self":[{"href":"https:\/\/radiosolaris.com.br\/beta\/wp-json\/wp\/v2\/posts\/75651","targetHints":{"allow":["GET"]}}],"collection":[{"href":"https:\/\/radiosolaris.com.br\/beta\/wp-json\/wp\/v2\/posts"}],"about":[{"href":"https:\/\/radiosolaris.com.br\/beta\/wp-json\/wp\/v2\/types\/post"}],"author":[{"embeddable":true,"href":"https:\/\/radiosolaris.com.br\/beta\/wp-json\/wp\/v2\/users\/20"}],"replies":[{"embeddable":true,"href":"https:\/\/radiosolaris.com.br\/beta\/wp-json\/wp\/v2\/comments?post=75651"}],"version-history":[{"count":0,"href":"https:\/\/radiosolaris.com.br\/beta\/wp-json\/wp\/v2\/posts\/75651\/revisions"}],"wp:featuredmedia":[{"embeddable":true,"href":"https:\/\/radiosolaris.com.br\/beta\/wp-json\/wp\/v2\/media\/75676"}],"wp:attachment":[{"href":"https:\/\/radiosolaris.com.br\/beta\/wp-json\/wp\/v2\/media?parent=75651"}],"wp:term":[{"taxonomy":"category","embeddable":true,"href":"https:\/\/radiosolaris.com.br\/beta\/wp-json\/wp\/v2\/categories?post=75651"},{"taxonomy":"post_tag","embeddable":true,"href":"https:\/\/radiosolaris.com.br\/beta\/wp-json\/wp\/v2\/tags?post=75651"},{"taxonomy":"powerkit_post_featured","embeddable":true,"href":"https:\/\/radiosolaris.com.br\/beta\/wp-json\/wp\/v2\/powerkit_post_featured?post=75651"}],"curies":[{"name":"wp","href":"https:\/\/api.w.org\/{rel}","templated":true}]}}