{"id":75642,"date":"2022-04-01T09:09:06","date_gmt":"2022-04-01T12:09:06","guid":{"rendered":"https:\/\/radiosolaris.com.br\/beta\/?p=75642"},"modified":"2022-04-01T09:47:46","modified_gmt":"2022-04-01T12:47:46","slug":"legislativo-pradense-realizara-projeto-aluno-cidadao","status":"publish","type":"post","link":"https:\/\/radiosolaris.com.br\/beta\/legislativo-pradense-realizara-projeto-aluno-cidadao\/","title":{"rendered":"Legislativo Pradense realizar\u00e1 Projeto Aluno Cidad\u00e3o"},"content":{"rendered":"\n<h4 id=\"o-projeto-sera-realizado-com-alunos-do-9o-ano-matriculados-nas-escolas-do-municipio-no-periodo-de-abril-a-setembro-de-2022\" class=\"wp-block-heading\">O Projeto ser\u00e1 realizado com alunos do 9\u00ba ano matriculados nas escolas do munic\u00edpio no per\u00edodo de abril a setembro de 2022<\/h4>\n\n\n\n<p>Com realiza\u00e7\u00e3o da C\u00e2mara de Vereadores de Ant\u00f4nio Prado, inicia-se na primeira semana de abril o Projeto Aluno Cidad\u00e3o neste ano com o tema: \u201cO Impacto da Tecnologia na Educa\u00e7\u00e3o\u201d. <\/p>\n\n\n\n<p>O avan\u00e7o das tecnologias digitais oportunizou a cria\u00e7\u00e3o de ferramentas que podem ser utilizadas pelos educadores em sala de aula, o que permite maior disponibilidade de informa\u00e7\u00f5es e recursos para o estudante, tornando o processo educativo mais din\u00e2mico, eficaz e atualizado. Dessa forma, o uso dos instrumentos tecnol\u00f3gicos na educa\u00e7\u00e3o precisa ser observado como uma nova metodologia de ensino, proporcionando a intera\u00e7\u00e3o digital dos educandos com os conte\u00fados, ou seja, o estudante passa a interagir com diversas ferramentas que o possibilitam a utilizar os seus esquemas mentais a partir do uso racional e permeado da informa\u00e7\u00e3o.<\/p>\n\n\n\n<p>Concomitante ao tema proposto, o objetivo \u00e9 proporcionar o conhecimento das atividades pol\u00edtico-parlamentares, valores como cidadania, solidariedade, inclus\u00e3o social e lideran\u00e7a, aproximar alunos, fam\u00edlia e a C\u00e2mara Municipal, oportunizar aos estudantes o conhecimento das atribui\u00e7\u00f5es dos Vereadores e do Poder Legislativo.<\/p>\n\n\n\n<p>O Projeto Aluno Cidad\u00e3o ser\u00e1 realizado com alunos do 9\u00ba ano, matriculados nas escolas sediadas no munic\u00edpio de Ant\u00f4nio Prado, no per\u00edodo de abril a setembro de 2022. Os encontros ser\u00e3o de forma presencial, visitas t\u00e9cnicas e atividades em que os alunos representar\u00e3o os Vereadores na Casa Legislativa. Acompanhe as not\u00edcias publicadas no site oficial e redes sociais do Legislativo Pradense.<\/p>\n\n\n\n<p>Fonte: Legislativo Pradense<\/p>\n","protected":false},"excerpt":{"rendered":"<p>O Projeto ser\u00e1 realizado com alunos do 9\u00ba ano matriculados nas escolas do munic\u00edpio no per\u00edodo de abril a setembro de 2022 Com realiza\u00e7\u00e3o da C\u00e2mara de Vereadores de Ant\u00f4nio&hellip;<\/p>\n","protected":false},"author":1,"featured_media":75661,"comment_status":"closed","ping_status":"closed","sticky":false,"template":"","format":"standard","meta":{"_lmt_disableupdate":"","_lmt_disable":"","footnotes":""},"categories":[1,83],"tags":[143,1436,10630],"powerkit_post_featured":[],"class_list":{"0":"post-75642","1":"post","2":"type-post","3":"status-publish","4":"format-standard","5":"has-post-thumbnail","7":"category-geral","8":"category-serra-gaucha","9":"tag-antonio-prado","10":"tag-legislativo","11":"tag-projeto-aluno-cidadao"},"modified_by":"Gustavo Zanotto","_links":{"self":[{"href":"https:\/\/radiosolaris.com.br\/beta\/wp-json\/wp\/v2\/posts\/75642","targetHints":{"allow":["GET"]}}],"collection":[{"href":"https:\/\/radiosolaris.com.br\/beta\/wp-json\/wp\/v2\/posts"}],"about":[{"href":"https:\/\/radiosolaris.com.br\/beta\/wp-json\/wp\/v2\/types\/post"}],"author":[{"embeddable":true,"href":"https:\/\/radiosolaris.com.br\/beta\/wp-json\/wp\/v2\/users\/1"}],"replies":[{"embeddable":true,"href":"https:\/\/radiosolaris.com.br\/beta\/wp-json\/wp\/v2\/comments?post=75642"}],"version-history":[{"count":0,"href":"https:\/\/radiosolaris.com.br\/beta\/wp-json\/wp\/v2\/posts\/75642\/revisions"}],"wp:featuredmedia":[{"embeddable":true,"href":"https:\/\/radiosolaris.com.br\/beta\/wp-json\/wp\/v2\/media\/75661"}],"wp:attachment":[{"href":"https:\/\/radiosolaris.com.br\/beta\/wp-json\/wp\/v2\/media?parent=75642"}],"wp:term":[{"taxonomy":"category","embeddable":true,"href":"https:\/\/radiosolaris.com.br\/beta\/wp-json\/wp\/v2\/categories?post=75642"},{"taxonomy":"post_tag","embeddable":true,"href":"https:\/\/radiosolaris.com.br\/beta\/wp-json\/wp\/v2\/tags?post=75642"},{"taxonomy":"powerkit_post_featured","embeddable":true,"href":"https:\/\/radiosolaris.com.br\/beta\/wp-json\/wp\/v2\/powerkit_post_featured?post=75642"}],"curies":[{"name":"wp","href":"https:\/\/api.w.org\/{rel}","templated":true}]}}