{"id":75598,"date":"2022-03-31T15:40:25","date_gmt":"2022-03-31T18:40:25","guid":{"rendered":"https:\/\/radiosolaris.com.br\/beta\/?p=75598"},"modified":"2022-03-31T15:45:33","modified_gmt":"2022-03-31T18:45:33","slug":"ex-capitao-da-selecao-uruguaia-investe-em-empreendimento-de-flores-da-cunha","status":"publish","type":"post","link":"https:\/\/radiosolaris.com.br\/beta\/ex-capitao-da-selecao-uruguaia-investe-em-empreendimento-de-flores-da-cunha\/","title":{"rendered":"Ex-capit\u00e3o da sele\u00e7\u00e3o uruguaia investe em empreendimento de Flores da Cunha"},"content":{"rendered":"\n<h4 id=\"diego-lugano-visitou-a-cidade-para-conhecer-local-que-abrigara-o-complexo-nova-alianca-com-lojas-hotel-e-museu-do-vinho\" class=\"wp-block-heading\">Diego Lugano visitou a cidade para conhecer local que abrigar\u00e1 o complexo Nova Alian\u00e7a, com lojas, hotel e museu do vinho<\/h4>\n\n\n\n<p>O ex-jogador de futebol uruguaio Diego Lugano, de 41 anos, esteve na Serra ga\u00facha neste m\u00eas de mar\u00e7o para visitar a cidade de Flores da Cunha e conhecer o projeto de um empreendimento que ser\u00e1 constru\u00eddo na cidade. Lugano, que foi zagueiro e capit\u00e3o na sele\u00e7\u00e3o do Uruguai e atuou tamb\u00e9m no S\u00e3o Paulo, \u00e9 investidor do Complexo Nova Alian\u00e7a.<\/p>\n\n\n\n<p>As obras est\u00e3o previstas para come\u00e7arem no segundo semestre deste ano e t\u00eam prazo de conclus\u00e3o at\u00e9 o final de 2025. O empreendimento onde o ex-jogador est\u00e1 investindo, contar\u00e1 com lojas comerciais, opera\u00e7\u00f5es de sa\u00fade, hotel e o primeiro museu do vinho do Brasil. Ao todo, ser\u00e3o mais de R$ 40 milh\u00f5es investidos no projeto, que deve gerar 100 empregos diretos e cerca de 400 indiretos.<\/p>\n\n\n\n<p>Lugano \u00e9 um investidor e j\u00e1 apostou em diversas op\u00e7\u00f5es da rede hoteleira no mundo. J\u00e1 possu\u00ed opera\u00e7\u00f5es no Uruguai e tamb\u00e9m nos Estados Unidos. Pela carreira constru\u00edda no Brasil, o ex-jogador decidiu investir no pa\u00eds e encontrou na Serra um espa\u00e7o com perspectiva de crescimento no setor de turismo. \u201cEu adoro a regi\u00e3o e acho ela \u00fanica no continente\u201d, resumiu o atleta.<\/p>\n\n\n\n<p>Durante a visita, Lugano esteve no pr\u00e9dio da Cooperativa Nova Alian\u00e7a, localizado na Avenida 25 de Julho, no centro de Flores da Cunha, onde deve ser constru\u00edda a estrutura do complexo. O ex-jogador tamb\u00e9m foi recepcionado pelo prefeito C\u00e9sar Ulian e conversou com empres\u00e1rios do munic\u00edpio.<\/p>\n\n\n\n<p>Parte importante do complexo, o Axten Hotel Flores da Cunha ter\u00e1 96 apartamentos. O projeto contempla restaurante, espa\u00e7o fitness, piscina, centro de eventos e local para recrea\u00e7\u00e3o infantil. Tamb\u00e9m ser\u00e1 constru\u00eddo um Memorial do Vinho, que deve resgatar os tra\u00e7os da cultura dos imigrantes italianos e promover uma vis\u00e3o contempor\u00e2nea do enoturismo local.<\/p>\n\n\n\n<p>Diego tamb\u00e9m afirmou que sua ideia era fugiu do eixo Gramado-Canela, que \u00e9 a regi\u00e3o com o maior n\u00famero de investimentos hoteleiros da regi\u00e3o e ampliar as possibilidades para outras cidades pr\u00f3ximas. \u201cQueremos aproveitar o crescimento que o setor da uva e do vinho est\u00e1 tendo nesta \u00e1rea\u201d, completou Lugano.<\/p>\n\n\n\n<p>A rede Axten tem duas opera\u00e7\u00f5es no Rio Grande do Sul: uma em Caxias do Sul e outra em Ant\u00f4nio Prado. O hotel em Ant\u00f4nio Prado foi inaugurado no final de 2021 e o de Caxias foi reaberto ainda em 2020 ap\u00f3s ter sido fechado pela Rede de Hot\u00e9is Dall&#8217;Onder e devolvido para a construtora.<\/p>\n\n\n\n<figure class=\"wp-block-gallery has-nested-images columns-default is-cropped wp-block-gallery-1 is-layout-flex wp-block-gallery-is-layout-flex\">\n<figure class=\"wp-block-image size-large\"><a href=\"https:\/\/radiosolaris.com.br\/beta\/wp-content\/uploads\/2022\/03\/Diego-Lugano.jpeg\"><img  decoding=\"async\"  data-id=\"75599\"  src=\"data:image\/png;base64,iVBORw0KGgoAAAANSUhEUgAAAAEAAAABAQMAAAAl21bKAAAAA1BMVEUAAP+KeNJXAAAAAXRSTlMAQObYZgAAAAlwSFlzAAAOxAAADsQBlSsOGwAAAApJREFUCNdjYAAAAAIAAeIhvDMAAAAASUVORK5CYII=\"  alt=\"\"  class=\"wp-image-75599 pk-lazyload\"  data-pk-sizes=\"auto\"  data-pk-src=\"https:\/\/radiosolaris.com.br\/beta\/wp-content\/uploads\/2022\/03\/Diego-Lugano-1024x768.jpeg\" ><\/a><\/figure>\n<figcaption class=\"blocks-gallery-caption\">Ex-jogador e ex-capit\u00e3o da Sele\u00e7\u00e3o do Uruguai Diego Lugano na Vin\u00edcola Nova Alian\u00e7a<br>Foto: Filipe Brogliatto\/ Grupo Solaris<\/figcaption><\/figure>\n\n\n\n<figure class=\"wp-block-gallery has-nested-images columns-default is-cropped wp-block-gallery-2 is-layout-flex wp-block-gallery-is-layout-flex\">\n<figure class=\"wp-block-image size-large\"><a href=\"https:\/\/radiosolaris.com.br\/beta\/wp-content\/uploads\/2022\/03\/Projeto-Axten-Hotel-Flores-da-Cunha.jpg\"><img  loading=\"lazy\"  decoding=\"async\"  width=\"700\"  height=\"394\"  data-id=\"75603\"  src=\"data:image\/png;base64,iVBORw0KGgoAAAANSUhEUgAAAAEAAAABAQMAAAAl21bKAAAAA1BMVEUAAP+KeNJXAAAAAXRSTlMAQObYZgAAAAlwSFlzAAAOxAAADsQBlSsOGwAAAApJREFUCNdjYAAAAAIAAeIhvDMAAAAASUVORK5CYII=\"  alt=\"\"  class=\"wp-image-75603 pk-lazyload\"  data-pk-sizes=\"auto\"  data-pk-src=\"https:\/\/radiosolaris.com.br\/beta\/wp-content\/uploads\/2022\/03\/Projeto-Axten-Hotel-Flores-da-Cunha.jpg\" ><\/a><\/figure>\n<figcaption class=\"blocks-gallery-caption\">Projeto do Axten Hotel de Flores da Cunha<br>Foto: Projeto\/ Divulga\u00e7\u00e3o<\/figcaption><\/figure>\n","protected":false},"excerpt":{"rendered":"<p>Diego Lugano visitou a cidade para conhecer local que abrigar\u00e1 o complexo Nova Alian\u00e7a, com lojas, hotel e museu do vinho O ex-jogador de futebol uruguaio Diego Lugano, de 41&hellip;<\/p>\n","protected":false},"author":13,"featured_media":75600,"comment_status":"closed","ping_status":"closed","sticky":false,"template":"","format":"standard","meta":{"_lmt_disableupdate":"","_lmt_disable":"","footnotes":""},"categories":[83],"tags":[143,10623,7220,5202,114,10624,283],"powerkit_post_featured":[],"class_list":{"0":"post-75598","1":"post","2":"type-post","3":"status-publish","4":"format-standard","5":"has-post-thumbnail","7":"category-serra-gaucha","8":"tag-antonio-prado","9":"tag-axtel-hotel","10":"tag-complexo-nova-alianca","11":"tag-diego-lugano","12":"tag-flores-da-cunha","13":"tag-hotel-flores-da-cunha","14":"tag-serra-gaucha"},"modified_by":"Filipe Brogliatto","_links":{"self":[{"href":"https:\/\/radiosolaris.com.br\/beta\/wp-json\/wp\/v2\/posts\/75598","targetHints":{"allow":["GET"]}}],"collection":[{"href":"https:\/\/radiosolaris.com.br\/beta\/wp-json\/wp\/v2\/posts"}],"about":[{"href":"https:\/\/radiosolaris.com.br\/beta\/wp-json\/wp\/v2\/types\/post"}],"author":[{"embeddable":true,"href":"https:\/\/radiosolaris.com.br\/beta\/wp-json\/wp\/v2\/users\/13"}],"replies":[{"embeddable":true,"href":"https:\/\/radiosolaris.com.br\/beta\/wp-json\/wp\/v2\/comments?post=75598"}],"version-history":[{"count":0,"href":"https:\/\/radiosolaris.com.br\/beta\/wp-json\/wp\/v2\/posts\/75598\/revisions"}],"wp:featuredmedia":[{"embeddable":true,"href":"https:\/\/radiosolaris.com.br\/beta\/wp-json\/wp\/v2\/media\/75600"}],"wp:attachment":[{"href":"https:\/\/radiosolaris.com.br\/beta\/wp-json\/wp\/v2\/media?parent=75598"}],"wp:term":[{"taxonomy":"category","embeddable":true,"href":"https:\/\/radiosolaris.com.br\/beta\/wp-json\/wp\/v2\/categories?post=75598"},{"taxonomy":"post_tag","embeddable":true,"href":"https:\/\/radiosolaris.com.br\/beta\/wp-json\/wp\/v2\/tags?post=75598"},{"taxonomy":"powerkit_post_featured","embeddable":true,"href":"https:\/\/radiosolaris.com.br\/beta\/wp-json\/wp\/v2\/powerkit_post_featured?post=75598"}],"curies":[{"name":"wp","href":"https:\/\/api.w.org\/{rel}","templated":true}]}}