{"id":75225,"date":"2022-03-28T15:44:29","date_gmt":"2022-03-28T18:44:29","guid":{"rendered":"https:\/\/radiosolaris.com.br\/beta\/?p=75225"},"modified":"2022-03-28T16:00:12","modified_gmt":"2022-03-28T19:00:12","slug":"eduardo-leite-renuncia-ao-cargo-de-governador-do-rio-grande-do-sul","status":"publish","type":"post","link":"https:\/\/radiosolaris.com.br\/beta\/eduardo-leite-renuncia-ao-cargo-de-governador-do-rio-grande-do-sul\/","title":{"rendered":"Eduardo Leite anuncia que vai renunciar ao cargo de governador do Rio Grande do Sul"},"content":{"rendered":"\n<h4 id=\"o-vice-governador-ranolfo-vieira-junior-deve-assumir-ate-o-final-da-semana\" class=\"wp-block-heading\">O vice-governador Ranolfo Vieira J\u00fanior deve assumir at\u00e9 o final da semana<\/h4>\n\n\n\n<p>O governador do Rio Grande do Sul, Eduardo Leite (PSDB) confirmou, na tarde desta segunda-feira (28) que ir\u00e1 renunciar ao cargo nos pr\u00f3ximos dias. Com a ren\u00fancia quem assume \u00e9 o atual vice, Ranolfo Vieira J\u00fanior (PSDB). A ren\u00fancia deve ser formalizada at\u00e9 o final de semana.<\/p>\n\n\n\n<p>Durante a coletiva de imprensa para fazer o an\u00fancio, Eduardo Leite falou sobre algumas conquistas do seu governo; disse estar deixando as contas p\u00fablicas em dia, frisou sobre a responsabilidade fiscal que foi uma das prioridades do seu Governo, citou investimentos realizados, sobretudo em infraestrutura, e sobre ter realizado o que havia se proposto. <\/p>\n\n\n\n<p>Sobre Ranolfo, Eduardo Leite disse que o novo governador &#8220;conhece o governo e o Estado, est\u00e1 por dentro do processo e participou de cada etapa do governo&#8221;. Durante pouco mais de tr\u00eas anos da chapa, Ranolfo foi secret\u00e1rio da Seguran\u00e7a P\u00fablica, al\u00e9m de ocupar o cargo de vice. &#8220;Eu tenho confian\u00e7a no Ranolfo, n\u00e3o s\u00f3 para os pr\u00f3ximos 9 meses, como tamb\u00e9m para as pr\u00f3ximas elei\u00e7\u00f5es&#8221;, declarou Leite.<\/p>\n\n\n\n<p>Com seu nome a disposi\u00e7\u00e3o para concorrer \u00e0 Presid\u00eancia da Rep\u00fablica, Eduardo Leite declarou que recusou o convite para concorrer pelo PSD, e que fica no PSDB. Apesar de ter perdido as pr\u00e9vias para as elei\u00e7\u00f5es pelo PSDB, h\u00e1 quatro meses atr\u00e1s, Leite disse que atuar\u00e1 fortemente junto ao partido para fortalecer a chapa, que ainda ser\u00e1 definida, e viabilizar uma nova alternativa ao Brasil, em lugar da polariza\u00e7\u00e3o entre Bolsonaro e Lula.<\/p>\n\n\n\n<p>Sobre o candidato ideal para a disputa do Planalto pelo partido, Eduardo Leite  confirmou a legitimidade das elei\u00e7\u00f5es internas do partido, por\u00e9m disse: &#8220;h\u00e1 um n\u00famero significativo de pessoas dentro do PSDB que entende que este candidato sou eu&#8221;. Ele tamb\u00e9m deixou claro que, se Jo\u00e3o D\u00f3ria (PSDB) for oficializado como candidato do partido nos pr\u00f3ximos meses, ele o apoiar\u00e1.<\/p>\n\n\n\n<p>&#8220;Telefonei para ele (D\u00f3ria) agora a pouco e tivermos uma conversa amistosa; reafirmamos que estamos com o mesmo sentimento, n\u00e3o \u00e9 sobre projeto pessoal, \u00e9 sobre o Brasil&#8221;. Segundo Leite, Jo\u00e3o D\u00f3ria est\u00e1 aberto a negocia\u00e7\u00f5es. <\/p>\n\n\n\n<p>Eduardo Leite diz que D\u00f3ria possui uma vis\u00e3o semelhante a sua quanto a preparar uma chapa presidenci\u00e1vel forte: &#8220;N\u00e3o contem comigo sobre dispersar energias, e dispersar candidaturas. N\u00e3o \u00e9 projeto pessoal, n\u00e3o s\u00e3o aspira\u00e7\u00f5es individuais, tenho a certeza que n\u00f3s construiremos juntos um caminho para viabilizar um futuro que possa ser bom para o pa\u00eds&#8221;. <\/p>\n\n\n\n<p>Quando questionado se ainda h\u00e1 a possibilidade de seu nome ser uma op\u00e7\u00e3o para concorrer a reelei\u00e7\u00e3o no Rio Grande do Sul, em outubro, ou mesmo uma disputa a um cargo no Senado, Leite deixou as possibilidade abertas: &#8220;a ren\u00fancia me abre muitas alternativas, mas n\u00e3o me tira nenhuma&#8221;. <\/p>\n","protected":false},"excerpt":{"rendered":"<p>O vice-governador Ranolfo Vieira J\u00fanior deve assumir at\u00e9 o final da semana O governador do Rio Grande do Sul, Eduardo Leite (PSDB) confirmou, na tarde desta segunda-feira (28) que ir\u00e1&hellip;<\/p>\n","protected":false},"author":17,"featured_media":48559,"comment_status":"closed","ping_status":"closed","sticky":false,"template":"","format":"standard","meta":{"_lmt_disableupdate":"","_lmt_disable":"","footnotes":""},"categories":[93,83],"tags":[1630,281,10551,10549],"powerkit_post_featured":[],"class_list":{"0":"post-75225","1":"post","2":"type-post","3":"status-publish","4":"format-standard","5":"has-post-thumbnail","7":"category-noticias-rs","8":"category-serra-gaucha","9":"tag-eduardo-leite","10":"tag-governo-do-estado","11":"tag-ranolfo-vieira-junior","12":"tag-renuncia"},"modified_by":"Igor Panzenhagen","_links":{"self":[{"href":"https:\/\/radiosolaris.com.br\/beta\/wp-json\/wp\/v2\/posts\/75225","targetHints":{"allow":["GET"]}}],"collection":[{"href":"https:\/\/radiosolaris.com.br\/beta\/wp-json\/wp\/v2\/posts"}],"about":[{"href":"https:\/\/radiosolaris.com.br\/beta\/wp-json\/wp\/v2\/types\/post"}],"author":[{"embeddable":true,"href":"https:\/\/radiosolaris.com.br\/beta\/wp-json\/wp\/v2\/users\/17"}],"replies":[{"embeddable":true,"href":"https:\/\/radiosolaris.com.br\/beta\/wp-json\/wp\/v2\/comments?post=75225"}],"version-history":[{"count":0,"href":"https:\/\/radiosolaris.com.br\/beta\/wp-json\/wp\/v2\/posts\/75225\/revisions"}],"wp:featuredmedia":[{"embeddable":true,"href":"https:\/\/radiosolaris.com.br\/beta\/wp-json\/wp\/v2\/media\/48559"}],"wp:attachment":[{"href":"https:\/\/radiosolaris.com.br\/beta\/wp-json\/wp\/v2\/media?parent=75225"}],"wp:term":[{"taxonomy":"category","embeddable":true,"href":"https:\/\/radiosolaris.com.br\/beta\/wp-json\/wp\/v2\/categories?post=75225"},{"taxonomy":"post_tag","embeddable":true,"href":"https:\/\/radiosolaris.com.br\/beta\/wp-json\/wp\/v2\/tags?post=75225"},{"taxonomy":"powerkit_post_featured","embeddable":true,"href":"https:\/\/radiosolaris.com.br\/beta\/wp-json\/wp\/v2\/powerkit_post_featured?post=75225"}],"curies":[{"name":"wp","href":"https:\/\/api.w.org\/{rel}","templated":true}]}}