{"id":75147,"date":"2022-03-28T08:09:55","date_gmt":"2022-03-28T11:09:55","guid":{"rendered":"https:\/\/radiosolaris.com.br\/beta\/?p=75147"},"modified":"2022-03-28T08:11:54","modified_gmt":"2022-03-28T11:11:54","slug":"medico-e-vitima-de-assassinato-no-bairro-rio-branco-em-caxias","status":"publish","type":"post","link":"https:\/\/radiosolaris.com.br\/beta\/medico-e-vitima-de-assassinato-no-bairro-rio-branco-em-caxias\/","title":{"rendered":"M\u00e9dico \u00e9 v\u00edtima de assassinato no bairro Rio Branco em Caxias"},"content":{"rendered":"\n<h4 id=\"guilherme-de-oliveira-lahm-estaria-chegando-em-casa-acompanhado-de-familiares-quando-aconteceu-o-crime\" class=\"wp-block-heading\">Guilherme de Oliveira Lahm estaria chegando em casa, acompanhado de familiares, quando aconteceu o crime<\/h4>\n\n\n\n<p>O m\u00e9dico Guilherme de Oliveira Lahm, 35 anos, foi morto a tiros no come\u00e7o da madrugada desta segunda-feira (28), no bairro Rio Branco, em Caxias do Sul.<\/p>\n\n\n\n<p>De acordo com o relato policial, Lahm estaria chegando em casa em uma caminhonete Ford Ranger, por volta da meia-noite, acompanhado por familiares, quando um indiv\u00edduo se aproximou e acertou disparos de arma de fogo na v\u00edtima.<\/p>\n\n\n\n<p>O Servi\u00e7o de Atendimento M\u00f3vel de Urg\u00eancia (Samu) foi chamado para prestar socorro, mas a v\u00edtima morreu antes de receber atendimento. O autor do crime fugiu do local.<\/p>\n\n\n\n<p>Os familiares relataram \u00e0 Brigada Militar que Lahm teria recebido amea\u00e7as de morte durante a semana atrav\u00e9s de mensagens eletr\u00f4nicas. A Pol\u00edcia Civil est\u00e1 investigando o caso.<\/p>\n\n\n\n<p>Caxias do Sul registra oito mortes violentas no m\u00eas de mar\u00e7o e 17 no ano de 2022.<\/p>\n\n\n\n<p><\/p>\n\n\n\n<figure class=\"wp-block-image size-large\"><img  loading=\"lazy\"  decoding=\"async\"  width=\"576\"  height=\"1024\"  src=\"data:image\/png;base64,iVBORw0KGgoAAAANSUhEUgAAAAEAAAABAQMAAAAl21bKAAAAA1BMVEUAAP+KeNJXAAAAAXRSTlMAQObYZgAAAAlwSFlzAAAOxAAADsQBlSsOGwAAAApJREFUCNdjYAAAAAIAAeIhvDMAAAAASUVORK5CYII=\"  alt=\"\"  class=\"wp-image-75148 pk-lazyload\"  data-pk-sizes=\"auto\"  data-pk-src=\"https:\/\/radiosolaris.com.br\/beta\/wp-content\/uploads\/2022\/03\/218dc152-4810-4177-80c2-ddf6246dd70e-576x1024.jpg\" ><figcaption>Foto: Redes Sociais<\/figcaption><\/figure>\n","protected":false},"excerpt":{"rendered":"<p>Guilherme de Oliveira Lahm estaria chegando em casa, acompanhado de familiares, quando aconteceu o crime O m\u00e9dico Guilherme de Oliveira Lahm, 35 anos, foi morto a tiros no come\u00e7o da&hellip;<\/p>\n","protected":false},"author":19,"featured_media":35208,"comment_status":"closed","ping_status":"closed","sticky":false,"template":"","format":"standard","meta":{"_lmt_disableupdate":"","_lmt_disable":"","footnotes":""},"categories":[83],"tags":[148,158,1865,3242,2955,283,2393],"powerkit_post_featured":[],"class_list":{"0":"post-75147","1":"post","2":"type-post","3":"status-publish","4":"format-standard","5":"has-post-thumbnail","7":"category-serra-gaucha","8":"tag-caxias-do-sul","9":"tag-crime","10":"tag-homicidio-2","11":"tag-medico-2","12":"tag-morto","13":"tag-serra-gaucha","14":"tag-tiros"},"modified_by":"Luciano Pettorini","_links":{"self":[{"href":"https:\/\/radiosolaris.com.br\/beta\/wp-json\/wp\/v2\/posts\/75147","targetHints":{"allow":["GET"]}}],"collection":[{"href":"https:\/\/radiosolaris.com.br\/beta\/wp-json\/wp\/v2\/posts"}],"about":[{"href":"https:\/\/radiosolaris.com.br\/beta\/wp-json\/wp\/v2\/types\/post"}],"author":[{"embeddable":true,"href":"https:\/\/radiosolaris.com.br\/beta\/wp-json\/wp\/v2\/users\/19"}],"replies":[{"embeddable":true,"href":"https:\/\/radiosolaris.com.br\/beta\/wp-json\/wp\/v2\/comments?post=75147"}],"version-history":[{"count":0,"href":"https:\/\/radiosolaris.com.br\/beta\/wp-json\/wp\/v2\/posts\/75147\/revisions"}],"wp:featuredmedia":[{"embeddable":true,"href":"https:\/\/radiosolaris.com.br\/beta\/wp-json\/wp\/v2\/media\/35208"}],"wp:attachment":[{"href":"https:\/\/radiosolaris.com.br\/beta\/wp-json\/wp\/v2\/media?parent=75147"}],"wp:term":[{"taxonomy":"category","embeddable":true,"href":"https:\/\/radiosolaris.com.br\/beta\/wp-json\/wp\/v2\/categories?post=75147"},{"taxonomy":"post_tag","embeddable":true,"href":"https:\/\/radiosolaris.com.br\/beta\/wp-json\/wp\/v2\/tags?post=75147"},{"taxonomy":"powerkit_post_featured","embeddable":true,"href":"https:\/\/radiosolaris.com.br\/beta\/wp-json\/wp\/v2\/powerkit_post_featured?post=75147"}],"curies":[{"name":"wp","href":"https:\/\/api.w.org\/{rel}","templated":true}]}}