{"id":74864,"date":"2022-03-23T07:58:25","date_gmt":"2022-03-23T10:58:25","guid":{"rendered":"https:\/\/radiosolaris.com.br\/beta\/?p=74864"},"modified":"2022-03-23T07:58:28","modified_gmt":"2022-03-23T10:58:28","slug":"caminhao-tomba-na-curva-da-morte-da-ers-122-entre-sao-vendelino-e-farroupilha","status":"publish","type":"post","link":"https:\/\/radiosolaris.com.br\/beta\/caminhao-tomba-na-curva-da-morte-da-ers-122-entre-sao-vendelino-e-farroupilha\/","title":{"rendered":"Caminh\u00e3o tomba na \u201ccurva da morte\u201d da ERS-122, entre S\u00e3o Vendelino e Farroupilha"},"content":{"rendered":"\n<h4 id=\"caminhoneiro-saiu-do-veiculo-com-auxilio-de-populares-e-sofreu-apenas-ferimentos-leves\" class=\"wp-block-heading\">Caminhoneiro saiu do ve\u00edculo com aux\u00edlio de populares e sofreu apenas ferimentos leves<\/h4>\n\n\n\n<p>Um caminh\u00e3o carregado de MDF tombou no km 47 da ERS-122, no local conhecido como \u201ccurva da morte\u201d, entre S\u00e3o Vendelino e Farroupilha. O acidente aconteceu na tarde desta ter\u00e7a-feira (22), por volta das 14h30min.<\/p>\n\n\n\n<p>O caminhoneiro, de 36 anos, sofreu apenas ferimentos leves e foi socorrido pelo Corpo de Bombeiros Volunt\u00e1rios de S\u00e3o Vendelino.<\/p>\n\n\n\n<p>De acordo com os bombeiros, o caminh\u00e3o trafegava na dire\u00e7\u00e3o S\u00e3o Vendelino\/Farroupilha, quando ao passar pela curva, teria acontecido o tombamento.<\/p>\n\n\n\n<p>Populares que estavam nas proximidades auxiliaram no resgate do condutor. O Resgate Volunt\u00e1rio de S\u00e3o Vendelino esteve no local para atender a ocorr\u00eancia e auxiliaram no processo de retirada do material da pista.<\/p>\n\n\n\n<figure class=\"wp-block-image size-full\"><img  loading=\"lazy\"  decoding=\"async\"  width=\"720\"  height=\"406\"  src=\"data:image\/png;base64,iVBORw0KGgoAAAANSUhEUgAAAAEAAAABAQMAAAAl21bKAAAAA1BMVEUAAP+KeNJXAAAAAXRSTlMAQObYZgAAAAlwSFlzAAAOxAAADsQBlSsOGwAAAApJREFUCNdjYAAAAAIAAeIhvDMAAAAASUVORK5CYII=\"  alt=\"\"  class=\"wp-image-74865 pk-lazyload\"  data-pk-sizes=\"auto\"  data-pk-src=\"https:\/\/radiosolaris.com.br\/beta\/wp-content\/uploads\/2022\/03\/c311b84d-e1c1-4136-8f98-46203d5f7bd5.jpg\" ><\/figure>\n\n\n\n<figure class=\"wp-block-image size-full\"><img  loading=\"lazy\"  decoding=\"async\"  width=\"720\"  height=\"406\"  src=\"data:image\/png;base64,iVBORw0KGgoAAAANSUhEUgAAAAEAAAABAQMAAAAl21bKAAAAA1BMVEUAAP+KeNJXAAAAAXRSTlMAQObYZgAAAAlwSFlzAAAOxAAADsQBlSsOGwAAAApJREFUCNdjYAAAAAIAAeIhvDMAAAAASUVORK5CYII=\"  alt=\"\"  class=\"wp-image-74866 pk-lazyload\"  data-pk-sizes=\"auto\"  data-ls-sizes=\"auto, (max-width: 720px) 100vw, 720px\"  data-pk-src=\"https:\/\/radiosolaris.com.br\/beta\/wp-content\/uploads\/2022\/03\/b734e747-298a-42ce-8201-1811632949f3.jpg\"  data-pk-srcset=\"https:\/\/radiosolaris.com.br\/beta\/wp-content\/uploads\/2022\/03\/b734e747-298a-42ce-8201-1811632949f3.jpg 720w, https:\/\/radiosolaris.com.br\/beta\/wp-content\/uploads\/2022\/03\/b734e747-298a-42ce-8201-1811632949f3-300x169.jpg 300w\" ><\/figure>\n\n\n\n<figure class=\"wp-block-image size-full\"><img  loading=\"lazy\"  decoding=\"async\"  width=\"720\"  height=\"406\"  src=\"data:image\/png;base64,iVBORw0KGgoAAAANSUhEUgAAAtAAAAGWAQMAAABrcCYzAAAAA1BMVEUAAP+KeNJXAAAAAXRSTlMAQObYZgAAAAlwSFlzAAAOxAAADsQBlSsOGwAAADtJREFUeNrtwTEBAAAAwqD1T20Gf6AAAAAAAAAAAAAAAAAAAAAAAAAAAAAAAAAAAAAAAAAAAAAAAIDfAJBSAAGRGLv+AAAAAElFTkSuQmCC\"  alt=\"\"  class=\"wp-image-74867 pk-lazyload\"  data-pk-sizes=\"auto\"  data-pk-src=\"https:\/\/radiosolaris.com.br\/beta\/wp-content\/uploads\/2022\/03\/6f3a6065-7472-481a-a993-0e8c4f2178b5.jpg\" ><figcaption>Fotos: Corpo de Bombeiros Volunt\u00e1rios de S\u00e3o Vendelino<\/figcaption><\/figure>\n\n\n\n<p><\/p>\n","protected":false},"excerpt":{"rendered":"<p>Caminhoneiro saiu do ve\u00edculo com aux\u00edlio de populares e sofreu apenas ferimentos leves Um caminh\u00e3o carregado de MDF tombou no km 47 da ERS-122, no local conhecido como \u201ccurva da&hellip;<\/p>\n","protected":false},"author":19,"featured_media":74867,"comment_status":"closed","ping_status":"closed","sticky":false,"template":"","format":"standard","meta":{"_lmt_disableupdate":"","_lmt_disable":"","footnotes":""},"categories":[83],"tags":[307,580,9664,424,1692],"powerkit_post_featured":[],"class_list":{"0":"post-74864","1":"post","2":"type-post","3":"status-publish","4":"format-standard","5":"has-post-thumbnail","7":"category-serra-gaucha","8":"tag-acidente","9":"tag-caminhao","10":"tag-curva-da-morte","11":"tag-farroupilha","12":"tag-sao-vendelino"},"modified_by":"Luciano Pettorini","_links":{"self":[{"href":"https:\/\/radiosolaris.com.br\/beta\/wp-json\/wp\/v2\/posts\/74864","targetHints":{"allow":["GET"]}}],"collection":[{"href":"https:\/\/radiosolaris.com.br\/beta\/wp-json\/wp\/v2\/posts"}],"about":[{"href":"https:\/\/radiosolaris.com.br\/beta\/wp-json\/wp\/v2\/types\/post"}],"author":[{"embeddable":true,"href":"https:\/\/radiosolaris.com.br\/beta\/wp-json\/wp\/v2\/users\/19"}],"replies":[{"embeddable":true,"href":"https:\/\/radiosolaris.com.br\/beta\/wp-json\/wp\/v2\/comments?post=74864"}],"version-history":[{"count":0,"href":"https:\/\/radiosolaris.com.br\/beta\/wp-json\/wp\/v2\/posts\/74864\/revisions"}],"wp:featuredmedia":[{"embeddable":true,"href":"https:\/\/radiosolaris.com.br\/beta\/wp-json\/wp\/v2\/media\/74867"}],"wp:attachment":[{"href":"https:\/\/radiosolaris.com.br\/beta\/wp-json\/wp\/v2\/media?parent=74864"}],"wp:term":[{"taxonomy":"category","embeddable":true,"href":"https:\/\/radiosolaris.com.br\/beta\/wp-json\/wp\/v2\/categories?post=74864"},{"taxonomy":"post_tag","embeddable":true,"href":"https:\/\/radiosolaris.com.br\/beta\/wp-json\/wp\/v2\/tags?post=74864"},{"taxonomy":"powerkit_post_featured","embeddable":true,"href":"https:\/\/radiosolaris.com.br\/beta\/wp-json\/wp\/v2\/powerkit_post_featured?post=74864"}],"curies":[{"name":"wp","href":"https:\/\/api.w.org\/{rel}","templated":true}]}}