{"id":74604,"date":"2022-03-20T14:50:47","date_gmt":"2022-03-20T17:50:47","guid":{"rendered":"https:\/\/radiosolaris.com.br\/beta\/?p=74604"},"modified":"2022-03-20T14:50:49","modified_gmt":"2022-03-20T17:50:49","slug":"foragido-da-justica-e-preso-em-flores-da-cunha-por-trafico-de-drogas-e-violencia","status":"publish","type":"post","link":"https:\/\/radiosolaris.com.br\/beta\/foragido-da-justica-e-preso-em-flores-da-cunha-por-trafico-de-drogas-e-violencia\/","title":{"rendered":"Foragido da justi\u00e7a \u00e9 preso em Flores da Cunha por tr\u00e1fico de drogas e viol\u00eancia &nbsp;"},"content":{"rendered":"\n<h4 id=\"conforme-relato-a-vitima-de-15-anos-foi-agredida-pelo-companheiro-de-33-anos-no-bairro-perola\" class=\"wp-block-heading\">Conforme relato, a v\u00edtima de 15 anos foi agredida pelo companheiro de 33 anos no bairro P\u00e9rola<\/h4>\n\n\n\n<p>Um homem que estava foragido da justi\u00e7a foi preso por tr\u00e1fico de drogas e viol\u00eancia dom\u00e9stica no s\u00e1bado (19), em Flores da Cunha. A Brigada Militar (BM) foi acionada para atender uma ocorr\u00eancia de viol\u00eancia dom\u00e9stica na rua das Palmeiras, no bairro P\u00e9rola.<\/p>\n\n\n\n<p>Chegando ao local, a v\u00edtima de 15 anos que acionou a BM relatou que havia sido agredida pelo seu companheiro de 33 anos. O agressor foi identificado pela BM e foi constatado pelos policiais que o mesmo estava foragido desde janeiro deste ano.<\/p>\n\n\n\n<p>Em revista pessoal, a guarni\u00e7\u00e3o localizou no bolso da jaqueta que o indiv\u00edduo estava usando 101 pedras de crack, 13 por\u00e7\u00f5es de maconha, 37 pinos de coca\u00edna e uma quantia em dinheiro.<\/p>\n\n\n\n<p>Diante dos fatos, a v\u00edtima e o preso foram conduzidos a Delegacia de Pol\u00edcia de Pronto Atendimento (DPPA) em Caxias do Sul, onde foi lavrado o auto de pris\u00e3o em flagrante, pelo crime de tr\u00e1fico de entorpecentes e agress\u00e3o f\u00edsica (viol\u00eancia dom\u00e9stica), bem como o registro pela recaptura de foragido.<\/p>\n","protected":false},"excerpt":{"rendered":"<p>Conforme relato, a v\u00edtima de 15 anos foi agredida pelo companheiro de 33 anos no bairro P\u00e9rola Um homem que estava foragido da justi\u00e7a foi preso por tr\u00e1fico de drogas&hellip;<\/p>\n","protected":false},"author":16,"featured_media":74605,"comment_status":"closed","ping_status":"closed","sticky":false,"template":"","format":"standard","meta":{"_lmt_disableupdate":"","_lmt_disable":"","footnotes":""},"categories":[83],"tags":[247,158,114,840,992,283,943,9904,3302,2371,10408],"powerkit_post_featured":[],"class_list":{"0":"post-74604","1":"post","2":"type-post","3":"status-publish","4":"format-standard","5":"has-post-thumbnail","7":"category-serra-gaucha","8":"tag-brigada-militar","9":"tag-crime","10":"tag-flores-da-cunha","11":"tag-foragido","12":"tag-serra","13":"tag-serra-gaucha","14":"tag-trafico-de-drogas-2","15":"tag-trafico-em-flores","16":"tag-violencia-2","17":"tag-violencia-domestica-2","18":"tag-violencia-domestica-em-flores-da-cunha"},"modified_by":"Bruna Picinini","_links":{"self":[{"href":"https:\/\/radiosolaris.com.br\/beta\/wp-json\/wp\/v2\/posts\/74604","targetHints":{"allow":["GET"]}}],"collection":[{"href":"https:\/\/radiosolaris.com.br\/beta\/wp-json\/wp\/v2\/posts"}],"about":[{"href":"https:\/\/radiosolaris.com.br\/beta\/wp-json\/wp\/v2\/types\/post"}],"author":[{"embeddable":true,"href":"https:\/\/radiosolaris.com.br\/beta\/wp-json\/wp\/v2\/users\/16"}],"replies":[{"embeddable":true,"href":"https:\/\/radiosolaris.com.br\/beta\/wp-json\/wp\/v2\/comments?post=74604"}],"version-history":[{"count":0,"href":"https:\/\/radiosolaris.com.br\/beta\/wp-json\/wp\/v2\/posts\/74604\/revisions"}],"wp:featuredmedia":[{"embeddable":true,"href":"https:\/\/radiosolaris.com.br\/beta\/wp-json\/wp\/v2\/media\/74605"}],"wp:attachment":[{"href":"https:\/\/radiosolaris.com.br\/beta\/wp-json\/wp\/v2\/media?parent=74604"}],"wp:term":[{"taxonomy":"category","embeddable":true,"href":"https:\/\/radiosolaris.com.br\/beta\/wp-json\/wp\/v2\/categories?post=74604"},{"taxonomy":"post_tag","embeddable":true,"href":"https:\/\/radiosolaris.com.br\/beta\/wp-json\/wp\/v2\/tags?post=74604"},{"taxonomy":"powerkit_post_featured","embeddable":true,"href":"https:\/\/radiosolaris.com.br\/beta\/wp-json\/wp\/v2\/powerkit_post_featured?post=74604"}],"curies":[{"name":"wp","href":"https:\/\/api.w.org\/{rel}","templated":true}]}}