{"id":74154,"date":"2022-03-15T07:58:35","date_gmt":"2022-03-15T10:58:35","guid":{"rendered":"https:\/\/radiosolaris.com.br\/beta\/?p=74154"},"modified":"2022-03-15T07:58:37","modified_gmt":"2022-03-15T10:58:37","slug":"brigada-militar-de-flores-da-cunha-registra-duas-ocorrencias-nas-ultimas-horas","status":"publish","type":"post","link":"https:\/\/radiosolaris.com.br\/beta\/brigada-militar-de-flores-da-cunha-registra-duas-ocorrencias-nas-ultimas-horas\/","title":{"rendered":"Brigada Militar de Flores da Cunha registra duas ocorr\u00eancias nas \u00faltimas horas"},"content":{"rendered":"\n<h4 id=\"um-motorista-nao-habilitado-foi-autuado-e-drogas-foram-encontradas-com-um-individuo\" class=\"wp-block-heading\">Um motorista n\u00e3o habilitado foi autuado e drogas foram encontradas com um indiv\u00edduo<\/h4>\n\n\n\n<p>A Brigada Militar (BM) de Flores da Cunha atendeu duas ocorr\u00eancias nas \u00faltimas horas. Na primeira delas, um condutor foi abordado sem carteira de habilita\u00e7\u00e3o. Na segunda ocorr\u00eancia, drogas foram encontradas com um homem.<\/p>\n\n\n\n<p><strong>Motorista n\u00e3o habilitado<\/strong><\/p>\n\n\n\n<p>De acordo com a BM, por volta das 19h desta segunda-feira (14), uma guarni\u00e7\u00e3o abordou um ve\u00edculo Renault Twingo que trafegava pela rua Frei Eugenio, na \u00e1rea central da cidade, sendo constatado que seu condutor, um homem de 52 anos, n\u00e3o possu\u00eda Carteira Nacional de Habilita\u00e7\u00e3o. O motorista foi autuado por dirigir sem habilita\u00e7\u00e3o e ao propriet\u00e1rio que estava ausente, foi confeccionado o registro policial pelo crime de tr\u00e2nsito de entregar ve\u00edculo a pessoa n\u00e3o habilitada. O carro foi entregue a um condutor habilitado.<\/p>\n\n\n\n<p><strong>Posso de entorpecentes <\/strong><\/p>\n\n\n\n<p>J\u00e1 por volta da 00h20min desta ter\u00e7a-feira (15), a guarni\u00e7\u00e3o da Brigada Militar abordou um indiv\u00edduo, na rua das Palmeiras, no bairro P\u00e9rola. Durante a busca pessoal, foi encontrado em sua posse sete por\u00e7\u00f5es de crack. A droga foi apreendida e ao indiv\u00edduo, de 38 anos, foi lavrado o Termo Circunstanciado (TC) por posse de entorpecente.<\/p>\n","protected":false},"excerpt":{"rendered":"<p>Um motorista n\u00e3o habilitado foi autuado e drogas foram encontradas com um indiv\u00edduo A Brigada Militar (BM) de Flores da Cunha atendeu duas ocorr\u00eancias nas \u00faltimas horas. Na primeira delas,&hellip;<\/p>\n","protected":false},"author":19,"featured_media":35211,"comment_status":"closed","ping_status":"closed","sticky":false,"template":"","format":"standard","meta":{"_lmt_disableupdate":"","_lmt_disable":"","footnotes":""},"categories":[83],"tags":[247,10327,114,5845,283],"powerkit_post_featured":[],"class_list":{"0":"post-74154","1":"post","2":"type-post","3":"status-publish","4":"format-standard","5":"has-post-thumbnail","7":"category-serra-gaucha","8":"tag-brigada-militar","9":"tag-condutor-nao-habilitado","10":"tag-flores-da-cunha","11":"tag-posse-de-entorpecentes","12":"tag-serra-gaucha"},"modified_by":"Luciano Pettorini","_links":{"self":[{"href":"https:\/\/radiosolaris.com.br\/beta\/wp-json\/wp\/v2\/posts\/74154","targetHints":{"allow":["GET"]}}],"collection":[{"href":"https:\/\/radiosolaris.com.br\/beta\/wp-json\/wp\/v2\/posts"}],"about":[{"href":"https:\/\/radiosolaris.com.br\/beta\/wp-json\/wp\/v2\/types\/post"}],"author":[{"embeddable":true,"href":"https:\/\/radiosolaris.com.br\/beta\/wp-json\/wp\/v2\/users\/19"}],"replies":[{"embeddable":true,"href":"https:\/\/radiosolaris.com.br\/beta\/wp-json\/wp\/v2\/comments?post=74154"}],"version-history":[{"count":0,"href":"https:\/\/radiosolaris.com.br\/beta\/wp-json\/wp\/v2\/posts\/74154\/revisions"}],"wp:featuredmedia":[{"embeddable":true,"href":"https:\/\/radiosolaris.com.br\/beta\/wp-json\/wp\/v2\/media\/35211"}],"wp:attachment":[{"href":"https:\/\/radiosolaris.com.br\/beta\/wp-json\/wp\/v2\/media?parent=74154"}],"wp:term":[{"taxonomy":"category","embeddable":true,"href":"https:\/\/radiosolaris.com.br\/beta\/wp-json\/wp\/v2\/categories?post=74154"},{"taxonomy":"post_tag","embeddable":true,"href":"https:\/\/radiosolaris.com.br\/beta\/wp-json\/wp\/v2\/tags?post=74154"},{"taxonomy":"powerkit_post_featured","embeddable":true,"href":"https:\/\/radiosolaris.com.br\/beta\/wp-json\/wp\/v2\/powerkit_post_featured?post=74154"}],"curies":[{"name":"wp","href":"https:\/\/api.w.org\/{rel}","templated":true}]}}