{"id":74045,"date":"2022-03-14T08:49:08","date_gmt":"2022-03-14T11:49:08","guid":{"rendered":"https:\/\/radiosolaris.com.br\/beta\/?p=74045"},"modified":"2022-03-14T08:49:10","modified_gmt":"2022-03-14T11:49:10","slug":"acidente-na-ers-115-em-gramado-deixa-cinco-feridos","status":"publish","type":"post","link":"https:\/\/radiosolaris.com.br\/beta\/acidente-na-ers-115-em-gramado-deixa-cinco-feridos\/","title":{"rendered":"Acidente na ERS-115 em Gramado deixa cinco feridos"},"content":{"rendered":"\n<h4 id=\"de-acordo-com-os-bombeiros-os-quatro-adultos-e-uma-crianca-foram-encaminhados-a-hospitais-da-regiao\" class=\"wp-block-heading\">De acordo com os Bombeiros, os quatro adultos e uma crian\u00e7a foram encaminhados a hospitais da regi\u00e3o<\/h4>\n\n\n\n<p>Um acidente deixou quatro adultos e uma crian\u00e7a feridos na ERS-115 em Gramado. O acidente aconteceu na tarde deste domingo (13), por volta das 16h20min, na localidade do Carah\u00e1, pr\u00f3ximo ao local conhecido como curva da Santinha.<\/p>\n\n\n\n<p>De acordo com o Corpo de Bombeiros Militar de Gramado, o motorista de um GM Prisma teria perdido o controle do ve\u00edculo e colidido de frente em um Jeep Compass.<\/p>\n\n\n\n<p>As v\u00edtimas receberam socorro dos Bombeiros de Gramado e tamb\u00e9m dos Bombeiros Volunt\u00e1rios de Tr\u00eas Coroas e foram encaminhados para atendimento m\u00e9dico por ambul\u00e2ncias do Servi\u00e7o M\u00f3vel de Atendimento de Urg\u00eancia (Samu) e por unidades de atendimento da empresa respons\u00e1vel pela via (EGR).<\/p>\n\n\n\n<p>De acordo com o comando Rodovi\u00e1rio da Brigada Militar, o tr\u00e2nsito chegou a ficar interrompido no local, mas foi liberado depois da remo\u00e7\u00e3o dos ve\u00edculos.<\/p>\n\n\n\n<figure class=\"wp-block-gallery has-nested-images columns-default is-cropped wp-block-gallery-1 is-layout-flex wp-block-gallery-is-layout-flex\">\n<figure class=\"wp-block-image size-large\"><a href=\"https:\/\/radiosolaris.com.br\/beta\/wp-content\/uploads\/2022\/03\/275783714_4963515100377568_8112725286284018529_n.jpg\"><img  loading=\"lazy\"  decoding=\"async\"  width=\"900\"  height=\"506\"  data-id=\"74046\"  src=\"data:image\/png;base64,iVBORw0KGgoAAAANSUhEUgAAAAEAAAABAQMAAAAl21bKAAAAA1BMVEUAAP+KeNJXAAAAAXRSTlMAQObYZgAAAAlwSFlzAAAOxAAADsQBlSsOGwAAAApJREFUCNdjYAAAAAIAAeIhvDMAAAAASUVORK5CYII=\"  alt=\"\"  class=\"wp-image-74046 pk-lazyload\"  data-pk-sizes=\"auto\"  data-ls-sizes=\"auto, (max-width: 900px) 100vw, 900px\"  data-pk-src=\"https:\/\/radiosolaris.com.br\/beta\/wp-content\/uploads\/2022\/03\/275783714_4963515100377568_8112725286284018529_n.jpg\"  data-pk-srcset=\"https:\/\/radiosolaris.com.br\/beta\/wp-content\/uploads\/2022\/03\/275783714_4963515100377568_8112725286284018529_n.jpg 900w, https:\/\/radiosolaris.com.br\/beta\/wp-content\/uploads\/2022\/03\/275783714_4963515100377568_8112725286284018529_n-300x169.jpg 300w, https:\/\/radiosolaris.com.br\/beta\/wp-content\/uploads\/2022\/03\/275783714_4963515100377568_8112725286284018529_n-768x432.jpg 768w, https:\/\/radiosolaris.com.br\/beta\/wp-content\/uploads\/2022\/03\/275783714_4963515100377568_8112725286284018529_n-800x450.jpg 800w\" ><\/a><\/figure>\n<figcaption class=\"blocks-gallery-caption\">Foto: Bombeiros <\/figcaption><\/figure>\n","protected":false},"excerpt":{"rendered":"<p>De acordo com os Bombeiros, os quatro adultos e uma crian\u00e7a foram encaminhados a hospitais da regi\u00e3o Um acidente deixou quatro adultos e uma crian\u00e7a feridos na ERS-115 em Gramado.&hellip;<\/p>\n","protected":false},"author":19,"featured_media":74046,"comment_status":"closed","ping_status":"closed","sticky":false,"template":"","format":"standard","meta":{"_lmt_disableupdate":"","_lmt_disable":"","footnotes":""},"categories":[83],"tags":[307,159,10307,1032,283],"powerkit_post_featured":[],"class_list":{"0":"post-74045","1":"post","2":"type-post","3":"status-publish","4":"format-standard","5":"has-post-thumbnail","7":"category-serra-gaucha","8":"tag-acidente","9":"tag-bombeiros","10":"tag-ers-115","11":"tag-gramado","12":"tag-serra-gaucha"},"modified_by":"Luciano Pettorini","_links":{"self":[{"href":"https:\/\/radiosolaris.com.br\/beta\/wp-json\/wp\/v2\/posts\/74045","targetHints":{"allow":["GET"]}}],"collection":[{"href":"https:\/\/radiosolaris.com.br\/beta\/wp-json\/wp\/v2\/posts"}],"about":[{"href":"https:\/\/radiosolaris.com.br\/beta\/wp-json\/wp\/v2\/types\/post"}],"author":[{"embeddable":true,"href":"https:\/\/radiosolaris.com.br\/beta\/wp-json\/wp\/v2\/users\/19"}],"replies":[{"embeddable":true,"href":"https:\/\/radiosolaris.com.br\/beta\/wp-json\/wp\/v2\/comments?post=74045"}],"version-history":[{"count":0,"href":"https:\/\/radiosolaris.com.br\/beta\/wp-json\/wp\/v2\/posts\/74045\/revisions"}],"wp:featuredmedia":[{"embeddable":true,"href":"https:\/\/radiosolaris.com.br\/beta\/wp-json\/wp\/v2\/media\/74046"}],"wp:attachment":[{"href":"https:\/\/radiosolaris.com.br\/beta\/wp-json\/wp\/v2\/media?parent=74045"}],"wp:term":[{"taxonomy":"category","embeddable":true,"href":"https:\/\/radiosolaris.com.br\/beta\/wp-json\/wp\/v2\/categories?post=74045"},{"taxonomy":"post_tag","embeddable":true,"href":"https:\/\/radiosolaris.com.br\/beta\/wp-json\/wp\/v2\/tags?post=74045"},{"taxonomy":"powerkit_post_featured","embeddable":true,"href":"https:\/\/radiosolaris.com.br\/beta\/wp-json\/wp\/v2\/powerkit_post_featured?post=74045"}],"curies":[{"name":"wp","href":"https:\/\/api.w.org\/{rel}","templated":true}]}}