{"id":73776,"date":"2022-03-09T16:03:37","date_gmt":"2022-03-09T19:03:37","guid":{"rendered":"https:\/\/radiosolaris.com.br\/beta\/?p=73776"},"modified":"2022-03-09T16:22:44","modified_gmt":"2022-03-09T19:22:44","slug":"governo-avalia-liberacao-do-uso-de-mascaras-em-ambientes-abertos-no-rio-grande-do-sul","status":"publish","type":"post","link":"https:\/\/radiosolaris.com.br\/beta\/governo-avalia-liberacao-do-uso-de-mascaras-em-ambientes-abertos-no-rio-grande-do-sul\/","title":{"rendered":"Governo avalia libera\u00e7\u00e3o do uso de m\u00e1scaras em ambientes abertos no Rio Grande do Sul"},"content":{"rendered":"\n<h4 id=\"eduardo-leite-disse-que-enviou-uma-solicitacao-para-o-comite-cientifico-da-covid-19\" class=\"wp-block-heading\">Eduardo Leite disse que enviou uma solicita\u00e7\u00e3o para o Comit\u00ea Cient\u00edfico da Covid-19 <\/h4>\n\n\n\n<p>O governador Eduardo Leite (PSDB), cumprindo agenda em Nova York, anunciou para a imprensa que fez uma solicita\u00e7\u00e3o para o Comit\u00ea Cient\u00edfico da Covid-19 para que se avalie o fim do uso obrigat\u00f3rio de m\u00e1scaras em ambientes abertos no Rio Grande do Sul. O chefe do executivo usou como refer\u00eancia os n\u00fameros da pandemia que indicam redu\u00e7\u00e3o no n\u00famero de contamina\u00e7\u00f5es nas \u00faltimas semanas no Estado.<\/p>\n\n\n\n<p>A partir desta quarta (9), a popula\u00e7\u00e3o do estado de S\u00e3o Paulo j\u00e1 n\u00e3o \u00e9 mais obrigada a usar m\u00e1scaras em ambientes abertos. No entanto, em ambientes fechados como lojas, salas de aula, transporte p\u00fablico, cinemas, teatros, hospitais, escrit\u00f3rios, shoppings e pr\u00e9dios p\u00fablicos, o uso de m\u00e1scara continuar\u00e1 obrigat\u00f3rio.<\/p>\n\n\n\n<p>Leite citou o presidente Bolsonaro, que poderia, por meio de Medida Provis\u00f3ria (MP), pedir o fim do uso obrigat\u00f3rio de m\u00e1scaras em todo o Brasil. &#8220;Ele tem na sua m\u00e3o essa possibilidade; essa lei precisa e precisar\u00e1 ser revista, e penso que estamos nesse momento, de observar e reavaliar a legisla\u00e7\u00e3o federal&#8221;, pontuou.<\/p>\n\n\n\n<figure class=\"wp-block-gallery has-nested-images columns-default is-cropped wp-block-gallery-1 is-layout-flex wp-block-gallery-is-layout-flex\">\n<figure class=\"wp-block-image size-large\"><img  decoding=\"async\"  data-id=\"73784\"  src=\"data:image\/png;base64,iVBORw0KGgoAAAANSUhEUgAABIgAAAMGAQMAAACj\/y2mAAAAA1BMVEUAAP+KeNJXAAAAAXRSTlMAQObYZgAAAAlwSFlzAAAOxAAADsQBlSsOGwAAAINJREFUeNrtwQEBAAAAgiD\/r25IQAEAAAAAAAAAAAAAAAAAAAAAAAAAAAAAAAAAAAAAAAAAAAAAAAAAAAAAAAAAAAAAAAAAAAAAAAAAAAAAAAAAAAAAAAAAAAAAAAAAAAAAAAAAAAAAAAAAAAAAAAAAAAAAAAAAAAAAAAAAAAAAAADwbrl7AAHvW\/FXAAAAAElFTkSuQmCC\"  alt=\"\"  class=\"wp-image-73784 pk-lazyload\"  data-pk-sizes=\"auto\"  data-pk-src=\"https:\/\/radiosolaris.com.br\/beta\/wp-content\/uploads\/2022\/03\/275399254_4405467446220175_5672075197770674566_n-1024x683.jpg\" ><\/figure>\n<\/figure>\n\n\n\n<p class=\"has-text-align-center\">Foto: Divulga\u00e7\u00e3o\/Pal\u00e1cio Piratini<\/p>\n","protected":false},"excerpt":{"rendered":"<p>Eduardo Leite disse que enviou uma solicita\u00e7\u00e3o para o Comit\u00ea Cient\u00edfico da Covid-19 O governador Eduardo Leite (PSDB), cumprindo agenda em Nova York, anunciou para a imprensa que fez uma&hellip;<\/p>\n","protected":false},"author":17,"featured_media":73784,"comment_status":"closed","ping_status":"closed","sticky":false,"template":"","format":"standard","meta":{"_lmt_disableupdate":"","_lmt_disable":"","footnotes":""},"categories":[84,1,93],"tags":[1630,10250,3120,283],"powerkit_post_featured":[],"class_list":{"0":"post-73776","1":"post","2":"type-post","3":"status-publish","4":"format-standard","5":"has-post-thumbnail","7":"category-brasil","8":"category-geral","9":"category-noticias-rs","10":"tag-eduardo-leite","11":"tag-fim-da-obrigatoriedade-do-uso-de-mascaras","12":"tag-mascaras","13":"tag-serra-gaucha"},"modified_by":"Igor Panzenhagen","_links":{"self":[{"href":"https:\/\/radiosolaris.com.br\/beta\/wp-json\/wp\/v2\/posts\/73776","targetHints":{"allow":["GET"]}}],"collection":[{"href":"https:\/\/radiosolaris.com.br\/beta\/wp-json\/wp\/v2\/posts"}],"about":[{"href":"https:\/\/radiosolaris.com.br\/beta\/wp-json\/wp\/v2\/types\/post"}],"author":[{"embeddable":true,"href":"https:\/\/radiosolaris.com.br\/beta\/wp-json\/wp\/v2\/users\/17"}],"replies":[{"embeddable":true,"href":"https:\/\/radiosolaris.com.br\/beta\/wp-json\/wp\/v2\/comments?post=73776"}],"version-history":[{"count":0,"href":"https:\/\/radiosolaris.com.br\/beta\/wp-json\/wp\/v2\/posts\/73776\/revisions"}],"wp:featuredmedia":[{"embeddable":true,"href":"https:\/\/radiosolaris.com.br\/beta\/wp-json\/wp\/v2\/media\/73784"}],"wp:attachment":[{"href":"https:\/\/radiosolaris.com.br\/beta\/wp-json\/wp\/v2\/media?parent=73776"}],"wp:term":[{"taxonomy":"category","embeddable":true,"href":"https:\/\/radiosolaris.com.br\/beta\/wp-json\/wp\/v2\/categories?post=73776"},{"taxonomy":"post_tag","embeddable":true,"href":"https:\/\/radiosolaris.com.br\/beta\/wp-json\/wp\/v2\/tags?post=73776"},{"taxonomy":"powerkit_post_featured","embeddable":true,"href":"https:\/\/radiosolaris.com.br\/beta\/wp-json\/wp\/v2\/powerkit_post_featured?post=73776"}],"curies":[{"name":"wp","href":"https:\/\/api.w.org\/{rel}","templated":true}]}}