{"id":73681,"date":"2022-03-08T12:18:42","date_gmt":"2022-03-08T15:18:42","guid":{"rendered":"https:\/\/radiosolaris.com.br\/beta\/?p=73681"},"modified":"2022-03-08T12:26:49","modified_gmt":"2022-03-08T15:26:49","slug":"balsas-do-rio-das-antas-em-nova-roma-do-sul-devem-voltar-a-funcionar-nesta-terca-feira","status":"publish","type":"post","link":"https:\/\/radiosolaris.com.br\/beta\/balsas-do-rio-das-antas-em-nova-roma-do-sul-devem-voltar-a-funcionar-nesta-terca-feira\/","title":{"rendered":"Balsas do Rio das Antas em Nova Roma do Sul devem voltar a funcionar nesta ter\u00e7a-feira"},"content":{"rendered":"\n<h4 id=\"o-prefeito-douglas-pasuch-acredita-que-a-partir-das-16h-a-situacao-das-embarcacoes-seja-normalizada\" class=\"wp-block-heading\">O prefeito Douglas Pasuch acredita que a partir das 16h a situa\u00e7\u00e3o das embarca\u00e7\u00f5es seja normalizada<\/h4>\n\n\n\n<p>As duas balsas que a <a href=\"https:\/\/radiosolaris.com.br\/beta\/marinha-interdita-balsa-no-rio-das-antas-entre-nova-padua-e-nova-roma-do-sul\/\" data-type=\"URL\" data-id=\"https:\/\/radiosolaris.com.br\/beta\/marinha-interdita-balsa-no-rio-das-antas-entre-nova-padua-e-nova-roma-do-sul\/\" target=\"_blank\" rel=\"noreferrer noopener\">Marinha do Brasil havia interditado no domingo (6) em Nova Roma do Sul,<\/a> devem voltar a funcionar no final da tarde desta ter\u00e7a-feira (8). Segundo o prefeito do munic\u00edpio, Douglas F\u00e1vero Pasuch, a partir das 16h os lacres que haviam sido colocados nas embarca\u00e7\u00f5es ser\u00e3o retirados e ambas voltar\u00e3o a funcionar.<\/p>\n\n\n\n<p>Os fiscais interditaram as balsas de acesso \u00e0 Nova P\u00e1dua e Veran\u00f3polis por alegar a falta do Cart\u00e3o de Tripula\u00e7\u00e3o de Seguran\u00e7a (CTS), certificado que autoriza a utiliza\u00e7\u00e3o da plataforma e tamb\u00e9m a seguran\u00e7a das balsas e por alegarem que estavam em mal estado de conserva\u00e7\u00e3o.<\/p>\n\n\n\n<p>Na manh\u00e3 desta ter\u00e7a o prefeito se reuniu com a Marinha para discutir a situa\u00e7\u00e3o. \u201cAquele documento que hav\u00edamos protocolado em novembro de 2020 e ao qual eles trancaram as balsas porque n\u00e3o t\u00ednhamos, eles emitiram e at\u00e9 o final do dia eles estar\u00e3o tirando os lacres e elas voltar\u00e3o a trabalhar normalmente\u201d, afirmou Pasuch.<\/p>\n","protected":false},"excerpt":{"rendered":"<p>O prefeito Douglas Pasuch acredita que a partir das 16h a situa\u00e7\u00e3o das embarca\u00e7\u00f5es seja normalizada As duas balsas que a Marinha do Brasil havia interditado no domingo (6) em&hellip;<\/p>\n","protected":false},"author":16,"featured_media":73686,"comment_status":"closed","ping_status":"closed","sticky":false,"template":"","format":"standard","meta":{"_lmt_disableupdate":"","_lmt_disable":"","footnotes":""},"categories":[83],"tags":[10216,10218,10217,167,217,992,283,1611],"powerkit_post_featured":[],"class_list":{"0":"post-73681","1":"post","2":"type-post","3":"status-publish","4":"format-standard","5":"has-post-thumbnail","7":"category-serra-gaucha","8":"tag-balsas","9":"tag-balsas-interditadas","10":"tag-balsas-nova-roma-do-sul","11":"tag-nova-padua","12":"tag-nova-roma-do-sul","13":"tag-serra","14":"tag-serra-gaucha","15":"tag-veranopolis"},"modified_by":"Bruna Picinini","_links":{"self":[{"href":"https:\/\/radiosolaris.com.br\/beta\/wp-json\/wp\/v2\/posts\/73681","targetHints":{"allow":["GET"]}}],"collection":[{"href":"https:\/\/radiosolaris.com.br\/beta\/wp-json\/wp\/v2\/posts"}],"about":[{"href":"https:\/\/radiosolaris.com.br\/beta\/wp-json\/wp\/v2\/types\/post"}],"author":[{"embeddable":true,"href":"https:\/\/radiosolaris.com.br\/beta\/wp-json\/wp\/v2\/users\/16"}],"replies":[{"embeddable":true,"href":"https:\/\/radiosolaris.com.br\/beta\/wp-json\/wp\/v2\/comments?post=73681"}],"version-history":[{"count":0,"href":"https:\/\/radiosolaris.com.br\/beta\/wp-json\/wp\/v2\/posts\/73681\/revisions"}],"wp:featuredmedia":[{"embeddable":true,"href":"https:\/\/radiosolaris.com.br\/beta\/wp-json\/wp\/v2\/media\/73686"}],"wp:attachment":[{"href":"https:\/\/radiosolaris.com.br\/beta\/wp-json\/wp\/v2\/media?parent=73681"}],"wp:term":[{"taxonomy":"category","embeddable":true,"href":"https:\/\/radiosolaris.com.br\/beta\/wp-json\/wp\/v2\/categories?post=73681"},{"taxonomy":"post_tag","embeddable":true,"href":"https:\/\/radiosolaris.com.br\/beta\/wp-json\/wp\/v2\/tags?post=73681"},{"taxonomy":"powerkit_post_featured","embeddable":true,"href":"https:\/\/radiosolaris.com.br\/beta\/wp-json\/wp\/v2\/powerkit_post_featured?post=73681"}],"curies":[{"name":"wp","href":"https:\/\/api.w.org\/{rel}","templated":true}]}}