{"id":73141,"date":"2022-03-02T15:00:48","date_gmt":"2022-03-02T18:00:48","guid":{"rendered":"https:\/\/radiosolaris.com.br\/beta\/?p=73141"},"modified":"2022-03-02T15:00:50","modified_gmt":"2022-03-02T18:00:50","slug":"projeto-um-canteiro-para-chamar-de-seu-entrega-primeiro-canteiro-em-flores-da-cunha","status":"publish","type":"post","link":"https:\/\/radiosolaris.com.br\/beta\/projeto-um-canteiro-para-chamar-de-seu-entrega-primeiro-canteiro-em-flores-da-cunha\/","title":{"rendered":"Projeto \u2018Um Canteiro Para Chamar de Seu\u2019 entrega primeiro canteiro em Flores da Cunha"},"content":{"rendered":"\n<h4 id=\"espaco-localizado-na-avenida-25-de-julho-foi-adotado-pela-empresa-forbal-automotive\" class=\"wp-block-heading\">Espa\u00e7o localizado na Avenida 25 de Julho foi adotado pela empresa Forbal Automotive<\/h4>\n\n\n\n<p>O primeiro canteiro do projeto \u2018Um Canteiro Para Chamar de Seu\u2019 foi entregue nesta ter\u00e7a-feira (1), em Flores da Cunha. A empresa Forbal Automotive adotou o espa\u00e7o, localizado na Avenida 25 de Julho, no bairro S\u00e3o Crist\u00f3v\u00e3o, no acesso ao Loteamento Monte Belo.<\/p>\n\n\n\n<p>Ap\u00f3s adotar o canteiro, a empresa \u00e9 respons\u00e1vel pela manuten\u00e7\u00e3o do local. Neste caso, a Forbal tamb\u00e9m fez a instala\u00e7\u00e3o de uma parada de \u00f4nibus, o plantio de flores e plantas, entre outras melhorias junto ao espa\u00e7o.<\/p>\n\n\n\n<p>De acordo com o prefeito, C\u00e9sar Ulian, esta realiza\u00e7\u00e3o visa despertar o senso de pertencimento da comunidade, al\u00e9m ser uma forma de fortalecer parcerias p\u00fablico-privadas para o desenvolvimento do munic\u00edpio.<\/p>\n\n\n\n<p>Tamb\u00e9m participaram do ato o vice-prefeito, Marcio Rech, a secret\u00e1ria de Agricultura e Abastecimento, Fabiane Veadrigo, a diretora administrativa da Forbal, Joaneta Baldissera Santos, a coordenadora administrativa, Sthefania Dani Cavalli, e o jardineiro respons\u00e1vel pelos servi\u00e7os, Miguel Mascarello.<\/p>\n\n\n\n<figure class=\"wp-block-gallery has-nested-images columns-2 is-cropped wp-block-gallery-1 is-layout-flex wp-block-gallery-is-layout-flex\">\n<figure class=\"wp-block-image size-large\"><a href=\"https:\/\/radiosolaris.com.br\/beta\/wp-content\/uploads\/2022\/03\/Um-canteiro-para-chamar-de-seu-Forbal-Automotive-6.jpeg\"><img  loading=\"lazy\"  decoding=\"async\"  width=\"1024\"  height=\"768\"  data-id=\"73149\"  src=\"data:image\/png;base64,iVBORw0KGgoAAAANSUhEUgAAAAEAAAABAQMAAAAl21bKAAAAA1BMVEUAAP+KeNJXAAAAAXRSTlMAQObYZgAAAAlwSFlzAAAOxAAADsQBlSsOGwAAAApJREFUCNdjYAAAAAIAAeIhvDMAAAAASUVORK5CYII=\"  alt=\"\"  class=\"wp-image-73149 pk-lazyload\"  data-pk-sizes=\"auto\"  data-ls-sizes=\"auto, (max-width: 1024px) 100vw, 1024px\"  data-pk-src=\"https:\/\/radiosolaris.com.br\/beta\/wp-content\/uploads\/2022\/03\/Um-canteiro-para-chamar-de-seu-Forbal-Automotive-6-1024x768.jpeg\"  data-pk-srcset=\"https:\/\/radiosolaris.com.br\/beta\/wp-content\/uploads\/2022\/03\/Um-canteiro-para-chamar-de-seu-Forbal-Automotive-6-1024x768.jpeg 1024w, https:\/\/radiosolaris.com.br\/beta\/wp-content\/uploads\/2022\/03\/Um-canteiro-para-chamar-de-seu-Forbal-Automotive-6-300x225.jpeg 300w, https:\/\/radiosolaris.com.br\/beta\/wp-content\/uploads\/2022\/03\/Um-canteiro-para-chamar-de-seu-Forbal-Automotive-6-768x576.jpeg 768w, https:\/\/radiosolaris.com.br\/beta\/wp-content\/uploads\/2022\/03\/Um-canteiro-para-chamar-de-seu-Forbal-Automotive-6.jpeg 1280w\" ><\/a><\/figure>\n\n\n\n<figure class=\"wp-block-image size-large\"><a href=\"https:\/\/radiosolaris.com.br\/beta\/wp-content\/uploads\/2022\/03\/Um-canteiro-para-chamar-de-seu-Forbal-Automotive-5.jpeg\"><img  loading=\"lazy\"  decoding=\"async\"  width=\"1024\"  height=\"768\"  data-id=\"73148\"  src=\"data:image\/png;base64,iVBORw0KGgoAAAANSUhEUgAAAAEAAAABAQMAAAAl21bKAAAAA1BMVEUAAP+KeNJXAAAAAXRSTlMAQObYZgAAAAlwSFlzAAAOxAAADsQBlSsOGwAAAApJREFUCNdjYAAAAAIAAeIhvDMAAAAASUVORK5CYII=\"  alt=\"\"  class=\"wp-image-73148 pk-lazyload\"  data-pk-sizes=\"auto\"  data-ls-sizes=\"auto, (max-width: 1024px) 100vw, 1024px\"  data-pk-src=\"https:\/\/radiosolaris.com.br\/beta\/wp-content\/uploads\/2022\/03\/Um-canteiro-para-chamar-de-seu-Forbal-Automotive-5-1024x768.jpeg\"  data-pk-srcset=\"https:\/\/radiosolaris.com.br\/beta\/wp-content\/uploads\/2022\/03\/Um-canteiro-para-chamar-de-seu-Forbal-Automotive-5-1024x768.jpeg 1024w, https:\/\/radiosolaris.com.br\/beta\/wp-content\/uploads\/2022\/03\/Um-canteiro-para-chamar-de-seu-Forbal-Automotive-5-300x225.jpeg 300w, https:\/\/radiosolaris.com.br\/beta\/wp-content\/uploads\/2022\/03\/Um-canteiro-para-chamar-de-seu-Forbal-Automotive-5-768x576.jpeg 768w, https:\/\/radiosolaris.com.br\/beta\/wp-content\/uploads\/2022\/03\/Um-canteiro-para-chamar-de-seu-Forbal-Automotive-5.jpeg 1280w\" ><\/a><\/figure>\n\n\n\n<figure class=\"wp-block-image size-large\"><a href=\"https:\/\/radiosolaris.com.br\/beta\/wp-content\/uploads\/2022\/03\/Um-canteiro-para-chamar-de-seu-Forbal-Automotive-4.jpeg\"><img  loading=\"lazy\"  decoding=\"async\"  width=\"1024\"  height=\"768\"  data-id=\"73147\"  src=\"data:image\/png;base64,iVBORw0KGgoAAAANSUhEUgAAAAEAAAABAQMAAAAl21bKAAAAA1BMVEUAAP+KeNJXAAAAAXRSTlMAQObYZgAAAAlwSFlzAAAOxAAADsQBlSsOGwAAAApJREFUCNdjYAAAAAIAAeIhvDMAAAAASUVORK5CYII=\"  alt=\"\"  class=\"wp-image-73147 pk-lazyload\"  data-pk-sizes=\"auto\"  data-ls-sizes=\"auto, (max-width: 1024px) 100vw, 1024px\"  data-pk-src=\"https:\/\/radiosolaris.com.br\/beta\/wp-content\/uploads\/2022\/03\/Um-canteiro-para-chamar-de-seu-Forbal-Automotive-4-1024x768.jpeg\"  data-pk-srcset=\"https:\/\/radiosolaris.com.br\/beta\/wp-content\/uploads\/2022\/03\/Um-canteiro-para-chamar-de-seu-Forbal-Automotive-4-1024x768.jpeg 1024w, https:\/\/radiosolaris.com.br\/beta\/wp-content\/uploads\/2022\/03\/Um-canteiro-para-chamar-de-seu-Forbal-Automotive-4-300x225.jpeg 300w, https:\/\/radiosolaris.com.br\/beta\/wp-content\/uploads\/2022\/03\/Um-canteiro-para-chamar-de-seu-Forbal-Automotive-4-768x576.jpeg 768w, https:\/\/radiosolaris.com.br\/beta\/wp-content\/uploads\/2022\/03\/Um-canteiro-para-chamar-de-seu-Forbal-Automotive-4.jpeg 1600w\" ><\/a><\/figure>\n\n\n\n<figure class=\"wp-block-image size-large\"><a href=\"https:\/\/radiosolaris.com.br\/beta\/wp-content\/uploads\/2022\/03\/Um-canteiro-para-chamar-de-seu-Forbal-Automotive-2.jpeg\"><img  decoding=\"async\"  data-id=\"73150\"  src=\"data:image\/png;base64,iVBORw0KGgoAAAANSUhEUgAAAAEAAAABAQMAAAAl21bKAAAAA1BMVEUAAP+KeNJXAAAAAXRSTlMAQObYZgAAAAlwSFlzAAAOxAAADsQBlSsOGwAAAApJREFUCNdjYAAAAAIAAeIhvDMAAAAASUVORK5CYII=\"  alt=\"\"  class=\"wp-image-73150 pk-lazyload\"  data-pk-sizes=\"auto\"  data-pk-src=\"https:\/\/radiosolaris.com.br\/beta\/wp-content\/uploads\/2022\/03\/Um-canteiro-para-chamar-de-seu-Forbal-Automotive-2-1024x768.jpeg\" ><\/a><\/figure>\n\n\n\n<figure class=\"wp-block-image size-large\"><a href=\"https:\/\/radiosolaris.com.br\/beta\/wp-content\/uploads\/2022\/03\/Um-canteiro-para-chamar-de-seu-Forbal-Automotive-1.jpeg\"><img  decoding=\"async\"  data-id=\"73146\"  src=\"data:image\/png;base64,iVBORw0KGgoAAAANSUhEUgAAAAEAAAABAQMAAAAl21bKAAAAA1BMVEUAAP+KeNJXAAAAAXRSTlMAQObYZgAAAAlwSFlzAAAOxAAADsQBlSsOGwAAAApJREFUCNdjYAAAAAIAAeIhvDMAAAAASUVORK5CYII=\"  alt=\"\"  class=\"wp-image-73146 pk-lazyload\"  data-pk-sizes=\"auto\"  data-pk-src=\"https:\/\/radiosolaris.com.br\/beta\/wp-content\/uploads\/2022\/03\/Um-canteiro-para-chamar-de-seu-Forbal-Automotive-1-1024x768.jpeg\" ><\/a><\/figure>\n<figcaption class=\"blocks-gallery-caption\">Fotos: Divulga\u00e7\u00e3o<\/figcaption><\/figure>\n","protected":false},"excerpt":{"rendered":"<p>Espa\u00e7o localizado na Avenida 25 de Julho foi adotado pela empresa Forbal Automotive O primeiro canteiro do projeto \u2018Um Canteiro Para Chamar de Seu\u2019 foi entregue nesta ter\u00e7a-feira (1), em&hellip;<\/p>\n","protected":false},"author":19,"featured_media":73146,"comment_status":"closed","ping_status":"closed","sticky":false,"template":"","format":"standard","meta":{"_lmt_disableupdate":"","_lmt_disable":"","footnotes":""},"categories":[83],"tags":[10115,114,326,283,10116],"powerkit_post_featured":[],"class_list":{"0":"post-73141","1":"post","2":"type-post","3":"status-publish","4":"format-standard","5":"has-post-thumbnail","7":"category-serra-gaucha","8":"tag-canteiro","9":"tag-flores-da-cunha","10":"tag-projeto","11":"tag-serra-gaucha","12":"tag-um-canteiro-para-chamar-de-seu"},"modified_by":"Luciano Pettorini","_links":{"self":[{"href":"https:\/\/radiosolaris.com.br\/beta\/wp-json\/wp\/v2\/posts\/73141","targetHints":{"allow":["GET"]}}],"collection":[{"href":"https:\/\/radiosolaris.com.br\/beta\/wp-json\/wp\/v2\/posts"}],"about":[{"href":"https:\/\/radiosolaris.com.br\/beta\/wp-json\/wp\/v2\/types\/post"}],"author":[{"embeddable":true,"href":"https:\/\/radiosolaris.com.br\/beta\/wp-json\/wp\/v2\/users\/19"}],"replies":[{"embeddable":true,"href":"https:\/\/radiosolaris.com.br\/beta\/wp-json\/wp\/v2\/comments?post=73141"}],"version-history":[{"count":0,"href":"https:\/\/radiosolaris.com.br\/beta\/wp-json\/wp\/v2\/posts\/73141\/revisions"}],"wp:featuredmedia":[{"embeddable":true,"href":"https:\/\/radiosolaris.com.br\/beta\/wp-json\/wp\/v2\/media\/73146"}],"wp:attachment":[{"href":"https:\/\/radiosolaris.com.br\/beta\/wp-json\/wp\/v2\/media?parent=73141"}],"wp:term":[{"taxonomy":"category","embeddable":true,"href":"https:\/\/radiosolaris.com.br\/beta\/wp-json\/wp\/v2\/categories?post=73141"},{"taxonomy":"post_tag","embeddable":true,"href":"https:\/\/radiosolaris.com.br\/beta\/wp-json\/wp\/v2\/tags?post=73141"},{"taxonomy":"powerkit_post_featured","embeddable":true,"href":"https:\/\/radiosolaris.com.br\/beta\/wp-json\/wp\/v2\/powerkit_post_featured?post=73141"}],"curies":[{"name":"wp","href":"https:\/\/api.w.org\/{rel}","templated":true}]}}