{"id":72918,"date":"2022-02-28T15:57:24","date_gmt":"2022-02-28T18:57:24","guid":{"rendered":"https:\/\/radiosolaris.com.br\/beta\/?p=72918"},"modified":"2022-02-28T16:02:27","modified_gmt":"2022-02-28T19:02:27","slug":"flores-da-cunha-registra-o-74o-obito-por-covid-19","status":"publish","type":"post","link":"https:\/\/radiosolaris.com.br\/beta\/flores-da-cunha-registra-o-74o-obito-por-covid-19\/","title":{"rendered":"Flores da Cunha registra o 74\u00ba \u00f3bito por Covid-19"},"content":{"rendered":"\n<h4 id=\"trata-se-de-um-homem-de-81-anos-que-estava-internado-no-hospital-fatima\" class=\"wp-block-heading\">Trata-se de um homem de 81 anos, que estava internado no Hospital F\u00e1tima<\/h4>\n\n\n\n<p>A Secretaria Municipal da Sa\u00fade (SMS) de Flores da Cunha informou nesta segunda-feira (28), mais uma morte por Covid-19. De acordo com o Centro de Opera\u00e7\u00f5es de Emerg\u00eancia (COE), trata-se de um homem de 81 anos que estava internado no Hospital F\u00e1tima.<\/p>\n\n\n\n<p>Esta \u00e9 a 74\u00aa morte em decorr\u00eancia do novo coronav\u00edrus na cidade desde o come\u00e7o da pandemia. Al\u00e9m disso, \u00e9 o terceiro caso registrado neste ano de 2022 e a segundo \u00f3bito confirmado pela doen\u00e7a de fevereiro.<\/p>\n\n\n\n<figure class=\"wp-block-table\"><table><tbody><tr><td><\/td><td><strong><em>DATA<\/em><\/strong><\/td><td><strong><em>IDADE&nbsp;<\/em><\/strong><\/td><\/tr><tr><td>1\u00ba<\/td><td>21\/06\/2020<\/td><td>Mulher de 54 anos<\/td><\/tr><tr><td>2\u00ba<\/td><td>21\/08\/2020<\/td><td>Mulher de 67 anos<\/td><\/tr><tr><td>3\u00ba<\/td><td>25\/09\/2020<\/td><td>Mulher de 85 anos<\/td><\/tr><tr><td>4\u00ba<\/td><td>28\/09\/2020<\/td><td>Homem de 53 anos<\/td><\/tr><tr><td>5\u00ba<\/td><td>29\/09\/2020<\/td><td>Mulher de 61 anos<\/td><\/tr><tr><td>6\u00ba<\/td><td>30\/10\/2020<\/td><td>Homem de 79 anos<\/td><\/tr><tr><td>7\u00ba<\/td><td>06\/11\/2020<\/td><td>Mulher de 64 anos<\/td><\/tr><tr><td>8\u00ba<\/td><td>16\/11\/2020<\/td><td>Homem de 59 anos<\/td><\/tr><tr><td>9\u00ba<\/td><td>13\/12\/2020<\/td><td>Mulher de 82 anos<\/td><\/tr><tr><td>10\u00ba<\/td><td>13\/12\/2020<\/td><td>Homem de 72 anos<\/td><\/tr><tr><td>11\u00ba<\/td><td>21\/12\/2020<\/td><td>Homem de 49 anos<\/td><\/tr><tr><td>12\u00ba<\/td><td>26\/12\/2020<\/td><td>Homem de 52 anos<\/td><\/tr><tr><td>13\u00ba<\/td><td>28\/12\/2020<\/td><td>Mulher de 80 anos<\/td><\/tr><tr><td>14\u00ba<\/td><td>14\/01\/2021<\/td><td>Homem de 58 anos<\/td><\/tr><tr><td>15\u00ba<\/td><td>12\/02\/2021<\/td><td>Mulher de 78 anos<\/td><\/tr><tr><td>16\u00ba<\/td><td>26\/02\/2021<\/td><td>Homem de 81 anos<\/td><\/tr><tr><td>17\u00ba<\/td><td>04\/03\/2021<\/td><td>Homem de 86 anos<\/td><\/tr><tr><td>18\u00ba<\/td><td>07\/03\/2021<\/td><td>Mulher de 88 anos<\/td><\/tr><tr><td>19\u00ba<\/td><td>08\/03\/2021<\/td><td>Homem de 61 anos<\/td><\/tr><tr><td>20\u00ba<\/td><td>09\/03\/2021<\/td><td>Homem de 76 anos<\/td><\/tr><tr><td>21\u00ba&nbsp;<\/td><td>10\/03\/2021<\/td><td>Mulher de 66 anos<\/td><\/tr><tr><td>22\u00ba<\/td><td>12\/03\/2021<\/td><td>Homem de 66 anos<\/td><\/tr><tr><td>23\u00ba<\/td><td>13\/03\/2021<\/td><td>Homem de 87 anos<\/td><\/tr><tr><td>24\u00ba<\/td><td>13\/03\/2021<\/td><td>Mulher de 82 anos<\/td><\/tr><tr><td>25\u00ba<\/td><td>13\/03\/2021<\/td><td>Homem de 75 anos<\/td><\/tr><tr><td>26\u00ba<\/td><td>14\/03\/2021<\/td><td>Homem de 52 anos<\/td><\/tr><tr><td>27\u00ba<\/td><td>16\/03\/2021<\/td><td>Mulher de 71 anos<\/td><\/tr><tr><td>28\u00ba<\/td><td>08\/03\/2021<\/td><td>Homem de 74 anos<\/td><\/tr><tr><td>29\u00ba<\/td><td>16\/03\/2021<\/td><td>Mulher de 75 anos<\/td><\/tr><tr><td>30\u00ba<\/td><td>16\/03\/2021<\/td><td>Homem de 58 anos<\/td><\/tr><tr><td>31\u00ba<\/td><td>17\/03\/2021<\/td><td>Mulher de 78 anos&nbsp;<\/td><\/tr><tr><td>32\u00ba<\/td><td>17\/03\/2021<\/td><td>Mulher de 55 anos<\/td><\/tr><tr><td>33\u00ba<\/td><td>21\/03\/2021<\/td><td>Mulher de 61 anos<\/td><\/tr><tr><td>34\u00ba<\/td><td>19\/03\/2021<\/td><td>Homem de 60 anos&nbsp;<\/td><\/tr><tr><td>35\u00ba<\/td><td>22\/03\/2021<\/td><td>Mulher de 60 anos<\/td><\/tr><tr><td>36\u00ba<\/td><td>22\/03\/2021<\/td><td>Homem de 60 anos<\/td><\/tr><tr><td>37\u00ba<\/td><td>23\/03\/2021<\/td><td>Mulher de 84 anos<\/td><\/tr><tr><td>38\u00ba<\/td><td>24\/03\/2021<\/td><td>Homem de 61 anos<\/td><\/tr><tr><td>39\u00ba<\/td><td>26\/03\/2021<\/td><td>Homem de 61 anos&nbsp;<\/td><\/tr><tr><td>40\u00ba<\/td><td>31\/03\/2021<\/td><td>Homem de 53 anos<\/td><\/tr><tr><td>41\u00ba<\/td><td>30\/03\/2021<\/td><td>Mulher de 77 anos<\/td><\/tr><tr><td>42\u00ba<\/td><td>04\/04\/2021<\/td><td>Homem de 57 anos<\/td><\/tr><tr><td>43\u00ba<\/td><td>05\/04\/2021<\/td><td>Homem de 65 anos<\/td><\/tr><tr><td>44\u00ba<\/td><td>07\/04\/2021<\/td><td>Homem de 47 anos<\/td><\/tr><tr><td>45\u00ba<\/td><td>19\/04\/2021<\/td><td>Mulher de 52 anos<\/td><\/tr><tr><td>46\u00ba<\/td><td>03\/05\/2021<\/td><td>Mulher de 72 anos<\/td><\/tr><tr><td>47\u00ba<\/td><td>11\/05\/2021<\/td><td>Mulher de 72 anos<\/td><\/tr><tr><td>48\u00ba<\/td><td>11\/05\/2021<\/td><td>Homem de 49 anos<\/td><\/tr><tr><td>49\u00ba<\/td><td>14\/05\/2021<\/td><td>Homem de 78 anos<\/td><\/tr><tr><td>50\u00ba<\/td><td>16\/05\/2021<\/td><td>Homem de 68 anos<\/td><\/tr><tr><td>51\u00ba<\/td><td>24\/05\/2021<\/td><td>Homem de 72 anos<\/td><\/tr><tr><td>52\u00ba<\/td><td>25\/05\/2021<\/td><td>Homem de 58 anos<\/td><\/tr><tr><td>53\u00ba<\/td><td>25\/05\/2021<\/td><td>Mulher de 78 anos<\/td><\/tr><tr><td>54\u00ba<\/td><td>28\/05\/2021<\/td><td>Homem de 51 anos<\/td><\/tr><tr><td>55\u00ba<\/td><td>04\/06\/2021<\/td><td>Homem de 73 anos<\/td><\/tr><tr><td>56\u00ba<\/td><td>06\/06\/2021<\/td><td>Homem de 66 anos<\/td><\/tr><tr><td>57\u00ba<\/td><td>08\/06\/2021<\/td><td>Homem de 89 anos<\/td><\/tr><tr><td>58\u00ba<\/td><td>12\/06\/2021<\/td><td>Mulher de 91 anos<\/td><\/tr><tr><td>59\u00ba<\/td><td>12\/06\/2021<\/td><td>Homem de 52 anos<\/td><\/tr><tr><td>60\u00ba<\/td><td>17\/06\/2021<\/td><td>Homem de 74 anos<\/td><\/tr><tr><td>61\u00ba<\/td><td>19\/06\/2021<\/td><td>Mulher de 89 anos<\/td><\/tr><tr><td>62\u00ba<\/td><td>21\/06\/2021<\/td><td>Mulher de 53 anos<\/td><\/tr><tr><td>63\u00ba<\/td><td>25\/06\/2021<\/td><td>Homem de 69 anos<\/td><\/tr><tr><td>64\u00ba<\/td><td>17\/07\/2021<\/td><td>Mulher de 86 anos<\/td><\/tr><tr><td>65\u00ba<\/td><td>15\/08\/2021<\/td><td>Mulher de 55 anos<\/td><\/tr><tr><td>66\u00ba<\/td><td>29\/08\/2021<\/td><td>Homem de 67 anos<\/td><\/tr><tr><td>67\u00ba<\/td><td>02\/09\/2021<\/td><td>Homem de 80 anos<\/td><\/tr><tr><td>68\u00ba<\/td><td>19\/09\/2021<\/td><td>Mulher de 77 anos&nbsp;<\/td><\/tr><tr><td>69\u00ba<\/td><td>23\/09\/2021<\/td><td>Mulher de 61 anos<\/td><\/tr><tr><td>70\u00ba<\/td><td>23\/10\/2021<\/td><td>Mulher de 95 anos<\/td><\/tr><tr><td>71\u00ba<\/td><td>25\/10\/2021<\/td><td>Homem de 49 anos<\/td><\/tr><tr><td>72\u00ba<\/td><td>31\/01\/2022<\/td><td>Mulher de 43 anos<\/td><\/tr><tr><td>73\u00ba<\/td><td>07\/02\/2022<\/td><td>Homem de 87 anos<\/td><\/tr><tr><td>74\u00ba<\/td><td>28\/02\/2022<\/td><td>Homem de 81 anos<\/td><\/tr><\/tbody><\/table><\/figure>\n","protected":false},"excerpt":{"rendered":"<p>Trata-se de um homem de 81 anos, que estava internado no Hospital F\u00e1tima A Secretaria Municipal da Sa\u00fade (SMS) de Flores da Cunha informou nesta segunda-feira (28), mais uma morte&hellip;<\/p>\n","protected":false},"author":13,"featured_media":55212,"comment_status":"closed","ping_status":"closed","sticky":false,"template":"","format":"standard","meta":{"_lmt_disableupdate":"","_lmt_disable":"","footnotes":""},"categories":[83],"tags":[10078,2752,3137,114,222,6410,5581,540,903,10079,283,3224],"powerkit_post_featured":[],"class_list":{"0":"post-72918","1":"post","2":"type-post","3":"status-publish","4":"format-standard","5":"has-post-thumbnail","7":"category-serra-gaucha","8":"tag-74o-obito","9":"tag-coronavirus","10":"tag-covid-19","11":"tag-flores-da-cunha","12":"tag-morte","13":"tag-morte-coronavirus","14":"tag-morte-covid","15":"tag-obito","16":"tag-secretaria-da-saude","17":"tag-secretaria-da-saude-flores-da-cunha","18":"tag-serra-gaucha","19":"tag-sms"},"modified_by":"Filipe Brogliatto","_links":{"self":[{"href":"https:\/\/radiosolaris.com.br\/beta\/wp-json\/wp\/v2\/posts\/72918","targetHints":{"allow":["GET"]}}],"collection":[{"href":"https:\/\/radiosolaris.com.br\/beta\/wp-json\/wp\/v2\/posts"}],"about":[{"href":"https:\/\/radiosolaris.com.br\/beta\/wp-json\/wp\/v2\/types\/post"}],"author":[{"embeddable":true,"href":"https:\/\/radiosolaris.com.br\/beta\/wp-json\/wp\/v2\/users\/13"}],"replies":[{"embeddable":true,"href":"https:\/\/radiosolaris.com.br\/beta\/wp-json\/wp\/v2\/comments?post=72918"}],"version-history":[{"count":0,"href":"https:\/\/radiosolaris.com.br\/beta\/wp-json\/wp\/v2\/posts\/72918\/revisions"}],"wp:featuredmedia":[{"embeddable":true,"href":"https:\/\/radiosolaris.com.br\/beta\/wp-json\/wp\/v2\/media\/55212"}],"wp:attachment":[{"href":"https:\/\/radiosolaris.com.br\/beta\/wp-json\/wp\/v2\/media?parent=72918"}],"wp:term":[{"taxonomy":"category","embeddable":true,"href":"https:\/\/radiosolaris.com.br\/beta\/wp-json\/wp\/v2\/categories?post=72918"},{"taxonomy":"post_tag","embeddable":true,"href":"https:\/\/radiosolaris.com.br\/beta\/wp-json\/wp\/v2\/tags?post=72918"},{"taxonomy":"powerkit_post_featured","embeddable":true,"href":"https:\/\/radiosolaris.com.br\/beta\/wp-json\/wp\/v2\/powerkit_post_featured?post=72918"}],"curies":[{"name":"wp","href":"https:\/\/api.w.org\/{rel}","templated":true}]}}