{"id":72893,"date":"2022-02-28T11:11:52","date_gmt":"2022-02-28T14:11:52","guid":{"rendered":"https:\/\/radiosolaris.com.br\/beta\/?p=72893"},"modified":"2022-02-28T11:12:34","modified_gmt":"2022-02-28T14:12:34","slug":"padre-ricardo-fontana-e-empossado-novo-reitor-do-santuario-de-caravaggio","status":"publish","type":"post","link":"https:\/\/radiosolaris.com.br\/beta\/padre-ricardo-fontana-e-empossado-novo-reitor-do-santuario-de-caravaggio\/","title":{"rendered":"Padre Ricardo Fontana \u00e9 empossado novo reitor do Santu\u00e1rio de Caravaggio"},"content":{"rendered":"\n<h4 id=\"cerimonia-de-posse-canonica-foi-realizada-no-ultimo-sabado-26-na-igreja-do-santuario-em-farroupilha\" class=\"wp-block-heading\">Cerim\u00f4nia de posse can\u00f4nica foi realizada no \u00faltimo s\u00e1bado (26), na Igreja do Santu\u00e1rio em Farroupilha<\/h4>\n\n\n\n<p>Foi empossado na tarde do \u00faltimo s\u00e1bado (26), o novo reitor e p\u00e1roco do Santu\u00e1rio de Nossa Senhora de Caravaggio, em Farroupilha. Durante celebra\u00e7\u00e3o eucar\u00edstica, o padre Ricardo Fontana recebeu do bispo de Caxias do Sul dom Jos\u00e9 Gislon, a posse can\u00f4nica e a miss\u00e3o de comandar o maior santu\u00e1rio diocesano da regi\u00e3o.<\/p>\n\n\n\n<p>Padre Ricardo foi recebido na Igreja do Santu\u00e1rio por uma multid\u00e3o de pessoas, entre elas, autoridades civis e militares, sacerdotes, religiosos e religiosas, fi\u00e9is leigos e demais devotos de Nossa Senhora provenientes de Farroupilha e outros munic\u00edpios da regi\u00e3o, muitos dos quais vindos de lugares onde trabalhou o atual reitor.<\/p>\n\n\n\n<p>O bispo dom Jos\u00e9 Gislon, que presidiu a missa de posse, afirmou em sua hom\u00edlia: \u201cquero manifestar a minha gratid\u00e3o, minha profunda gratid\u00e3o, embora n\u00e3o esteja presente, ao padre Gilnei Fronza pelos servi\u00e7os prestados com amor e dedica\u00e7\u00e3o com a Igreja povo de Deus nos anos que esteve \u00e0 frente deste Santu\u00e1rio Diocesano e par\u00f3quia dedicada a Nossa Senhora de Caravaggio\u201d, disse.<\/p>\n\n\n\n<p>Al\u00e9m disso, dom Jos\u00e9 tamb\u00e9m acolheu o novo reitor: \u201cquero saudar os familiares e amigos do padre Ricardo que vieram de v\u00e1rios lugares para participarem deste momento, desejo que o vosso minist\u00e9rio junto a este querido povo, seja marcado pela fidelidade ao Mestre Jesus sem esquecer a miseric\u00f3rdia e a compaix\u00e3o, pelo povo de Deus que est\u00e1 a caminho da casa do Pai. Que a virgem Maria, Nossa Senhora de Caravaggio, m\u00e3e do Cristo Sacerdote, vos sustente com sua ternura materna na vossa miss\u00e3o sacerdotal e pastoral\u201d, desejou o bispo.<\/p>\n\n\n\n<p>Em suas palavras de agradecimento, o padre Ricardo Fontana deixou suas palavras como sinal de servi\u00e7o, acolhimento e esperan\u00e7a: \u201cServir na casa da M\u00e3e, penso que \u00e9 ser um servidor na alegria! Penso que ela nos diz hoje: Fa\u00e7a tudo o que Ele (meu Filho Jesus) lhe disser! Sei que na sua festa sou apenas um servente da tua Alegria ao povo, que ajuda a encher as talhas d\u00b4agua. O vinho novo ser\u00e1 dado pelo Teu amado Filho!&#8221;, concluiu o novo reitor de Caravaggio.<\/p>\n\n\n\n<figure class=\"wp-block-gallery has-nested-images columns-1 is-cropped wp-block-gallery-1 is-layout-flex wp-block-gallery-is-layout-flex\">\n<figure class=\"wp-block-image size-large\"><a href=\"https:\/\/radiosolaris.com.br\/beta\/wp-content\/uploads\/2022\/02\/Padre-Ricardo-Fontana-e-empossado-novo-reitor-do-Santuario-de-Caravaggio-1.jpg\"><img  loading=\"lazy\"  decoding=\"async\"  width=\"1024\"  height=\"576\"  data-id=\"72896\"  src=\"data:image\/png;base64,iVBORw0KGgoAAAANSUhEUgAAAAEAAAABAQMAAAAl21bKAAAAA1BMVEUAAP+KeNJXAAAAAXRSTlMAQObYZgAAAAlwSFlzAAAOxAAADsQBlSsOGwAAAApJREFUCNdjYAAAAAIAAeIhvDMAAAAASUVORK5CYII=\"  alt=\"\"  class=\"wp-image-72896 pk-lazyload\"  data-pk-sizes=\"auto\"  data-ls-sizes=\"auto, (max-width: 1024px) 100vw, 1024px\"  data-pk-src=\"https:\/\/radiosolaris.com.br\/beta\/wp-content\/uploads\/2022\/02\/Padre-Ricardo-Fontana-e-empossado-novo-reitor-do-Santuario-de-Caravaggio-1-1024x576.jpg\"  data-pk-srcset=\"https:\/\/radiosolaris.com.br\/beta\/wp-content\/uploads\/2022\/02\/Padre-Ricardo-Fontana-e-empossado-novo-reitor-do-Santuario-de-Caravaggio-1-1024x576.jpg 1024w, https:\/\/radiosolaris.com.br\/beta\/wp-content\/uploads\/2022\/02\/Padre-Ricardo-Fontana-e-empossado-novo-reitor-do-Santuario-de-Caravaggio-1-300x169.jpg 300w, https:\/\/radiosolaris.com.br\/beta\/wp-content\/uploads\/2022\/02\/Padre-Ricardo-Fontana-e-empossado-novo-reitor-do-Santuario-de-Caravaggio-1-768x432.jpg 768w, https:\/\/radiosolaris.com.br\/beta\/wp-content\/uploads\/2022\/02\/Padre-Ricardo-Fontana-e-empossado-novo-reitor-do-Santuario-de-Caravaggio-1.jpg 1920w\" ><\/a><\/figure>\n\n\n\n<figure class=\"wp-block-image size-large\"><a href=\"https:\/\/radiosolaris.com.br\/beta\/wp-content\/uploads\/2022\/02\/Padre-Ricardo-Fontana-e-empossado-novo-reitor-do-Santuario-de-Caravaggio-3.jpg\"><img  loading=\"lazy\"  decoding=\"async\"  width=\"1024\"  height=\"576\"  data-id=\"72894\"  src=\"data:image\/png;base64,iVBORw0KGgoAAAANSUhEUgAAAAEAAAABAQMAAAAl21bKAAAAA1BMVEUAAP+KeNJXAAAAAXRSTlMAQObYZgAAAAlwSFlzAAAOxAAADsQBlSsOGwAAAApJREFUCNdjYAAAAAIAAeIhvDMAAAAASUVORK5CYII=\"  alt=\"\"  class=\"wp-image-72894 pk-lazyload\"  data-pk-sizes=\"auto\"  data-ls-sizes=\"auto, (max-width: 1024px) 100vw, 1024px\"  data-pk-src=\"https:\/\/radiosolaris.com.br\/beta\/wp-content\/uploads\/2022\/02\/Padre-Ricardo-Fontana-e-empossado-novo-reitor-do-Santuario-de-Caravaggio-3-1024x576.jpg\"  data-pk-srcset=\"https:\/\/radiosolaris.com.br\/beta\/wp-content\/uploads\/2022\/02\/Padre-Ricardo-Fontana-e-empossado-novo-reitor-do-Santuario-de-Caravaggio-3-1024x576.jpg 1024w, https:\/\/radiosolaris.com.br\/beta\/wp-content\/uploads\/2022\/02\/Padre-Ricardo-Fontana-e-empossado-novo-reitor-do-Santuario-de-Caravaggio-3-300x169.jpg 300w, https:\/\/radiosolaris.com.br\/beta\/wp-content\/uploads\/2022\/02\/Padre-Ricardo-Fontana-e-empossado-novo-reitor-do-Santuario-de-Caravaggio-3-768x432.jpg 768w, https:\/\/radiosolaris.com.br\/beta\/wp-content\/uploads\/2022\/02\/Padre-Ricardo-Fontana-e-empossado-novo-reitor-do-Santuario-de-Caravaggio-3.jpg 1280w\" ><\/a><\/figure>\n\n\n\n<figure class=\"wp-block-image size-large\"><a href=\"https:\/\/radiosolaris.com.br\/beta\/wp-content\/uploads\/2022\/02\/Padre-Ricardo-Fontana-e-empossado-novo-reitor-do-Santuario-de-Caravaggio-2.jpg\"><img  loading=\"lazy\"  decoding=\"async\"  width=\"1024\"  height=\"576\"  data-id=\"72895\"  src=\"data:image\/png;base64,iVBORw0KGgoAAAANSUhEUgAAAAEAAAABAQMAAAAl21bKAAAAA1BMVEUAAP+KeNJXAAAAAXRSTlMAQObYZgAAAAlwSFlzAAAOxAAADsQBlSsOGwAAAApJREFUCNdjYAAAAAIAAeIhvDMAAAAASUVORK5CYII=\"  alt=\"\"  class=\"wp-image-72895 pk-lazyload\"  data-pk-sizes=\"auto\"  data-ls-sizes=\"auto, (max-width: 1024px) 100vw, 1024px\"  data-pk-src=\"https:\/\/radiosolaris.com.br\/beta\/wp-content\/uploads\/2022\/02\/Padre-Ricardo-Fontana-e-empossado-novo-reitor-do-Santuario-de-Caravaggio-2-1024x576.jpg\"  data-pk-srcset=\"https:\/\/radiosolaris.com.br\/beta\/wp-content\/uploads\/2022\/02\/Padre-Ricardo-Fontana-e-empossado-novo-reitor-do-Santuario-de-Caravaggio-2-1024x576.jpg 1024w, https:\/\/radiosolaris.com.br\/beta\/wp-content\/uploads\/2022\/02\/Padre-Ricardo-Fontana-e-empossado-novo-reitor-do-Santuario-de-Caravaggio-2-300x169.jpg 300w, https:\/\/radiosolaris.com.br\/beta\/wp-content\/uploads\/2022\/02\/Padre-Ricardo-Fontana-e-empossado-novo-reitor-do-Santuario-de-Caravaggio-2-768x432.jpg 768w, https:\/\/radiosolaris.com.br\/beta\/wp-content\/uploads\/2022\/02\/Padre-Ricardo-Fontana-e-empossado-novo-reitor-do-Santuario-de-Caravaggio-2.jpg 1920w\" ><\/a><\/figure>\n\n\n\n<figure class=\"wp-block-image size-large\"><a href=\"https:\/\/radiosolaris.com.br\/beta\/wp-content\/uploads\/2022\/02\/Padre-Ricardo-Fontana-e-empossado-novo-reitor-do-Santuario-de-Caravaggio-4.png\"><img  decoding=\"async\"  data-id=\"72899\"  src=\"data:image\/png;base64,iVBORw0KGgoAAAANSUhEUgAAAAEAAAABAQMAAAAl21bKAAAAA1BMVEUAAP+KeNJXAAAAAXRSTlMAQObYZgAAAAlwSFlzAAAOxAAADsQBlSsOGwAAAApJREFUCNdjYAAAAAIAAeIhvDMAAAAASUVORK5CYII=\"  alt=\"\"  class=\"wp-image-72899 pk-lazyload\"  data-pk-sizes=\"auto\"  data-pk-src=\"https:\/\/radiosolaris.com.br\/beta\/wp-content\/uploads\/2022\/02\/Padre-Ricardo-Fontana-e-empossado-novo-reitor-do-Santuario-de-Caravaggio-4-1024x576.png\" ><\/a><\/figure>\n\n\n\n<figure class=\"wp-block-image size-large\"><a href=\"https:\/\/radiosolaris.com.br\/beta\/wp-content\/uploads\/2022\/02\/Padre-Ricardo-Fontana-e-empossado-novo-reitor-do-Santuario-de-Caravaggio-3.png\"><img  decoding=\"async\"  data-id=\"72897\"  src=\"data:image\/png;base64,iVBORw0KGgoAAAANSUhEUgAAAAEAAAABAQMAAAAl21bKAAAAA1BMVEUAAP+KeNJXAAAAAXRSTlMAQObYZgAAAAlwSFlzAAAOxAAADsQBlSsOGwAAAApJREFUCNdjYAAAAAIAAeIhvDMAAAAASUVORK5CYII=\"  alt=\"\"  class=\"wp-image-72897 pk-lazyload\"  data-pk-sizes=\"auto\"  data-pk-src=\"https:\/\/radiosolaris.com.br\/beta\/wp-content\/uploads\/2022\/02\/Padre-Ricardo-Fontana-e-empossado-novo-reitor-do-Santuario-de-Caravaggio-3-1024x576.png\" ><\/a><\/figure>\n\n\n\n<figure class=\"wp-block-image size-large\"><a href=\"https:\/\/radiosolaris.com.br\/beta\/wp-content\/uploads\/2022\/02\/Padre-Ricardo-Fontana-e-empossado-novo-reitor-do-Santuario-de-Caravaggio-2.png\"><img  loading=\"lazy\"  decoding=\"async\"  width=\"1024\"  height=\"576\"  data-id=\"72900\"  src=\"data:image\/png;base64,iVBORw0KGgoAAAANSUhEUgAAAAEAAAABAQMAAAAl21bKAAAAA1BMVEUAAP+KeNJXAAAAAXRSTlMAQObYZgAAAAlwSFlzAAAOxAAADsQBlSsOGwAAAApJREFUCNdjYAAAAAIAAeIhvDMAAAAASUVORK5CYII=\"  alt=\"\"  class=\"wp-image-72900 pk-lazyload\"  data-pk-sizes=\"auto\"  data-ls-sizes=\"auto, (max-width: 1024px) 100vw, 1024px\"  data-pk-src=\"https:\/\/radiosolaris.com.br\/beta\/wp-content\/uploads\/2022\/02\/Padre-Ricardo-Fontana-e-empossado-novo-reitor-do-Santuario-de-Caravaggio-2-1024x576.png\"  data-pk-srcset=\"https:\/\/radiosolaris.com.br\/beta\/wp-content\/uploads\/2022\/02\/Padre-Ricardo-Fontana-e-empossado-novo-reitor-do-Santuario-de-Caravaggio-2-1024x576.png 1024w, https:\/\/radiosolaris.com.br\/beta\/wp-content\/uploads\/2022\/02\/Padre-Ricardo-Fontana-e-empossado-novo-reitor-do-Santuario-de-Caravaggio-2-300x169.png 300w, https:\/\/radiosolaris.com.br\/beta\/wp-content\/uploads\/2022\/02\/Padre-Ricardo-Fontana-e-empossado-novo-reitor-do-Santuario-de-Caravaggio-2-768x432.png 768w, https:\/\/radiosolaris.com.br\/beta\/wp-content\/uploads\/2022\/02\/Padre-Ricardo-Fontana-e-empossado-novo-reitor-do-Santuario-de-Caravaggio-2.png 1280w\" ><\/a><\/figure>\n\n\n\n<figure class=\"wp-block-image size-large\"><a href=\"https:\/\/radiosolaris.com.br\/beta\/wp-content\/uploads\/2022\/02\/Padre-Ricardo-Fontana-e-empossado-novo-reitor-do-Santuario-de-Caravaggio-1.png\"><img  loading=\"lazy\"  decoding=\"async\"  width=\"1024\"  height=\"576\"  data-id=\"72898\"  src=\"data:image\/png;base64,iVBORw0KGgoAAAANSUhEUgAAAAEAAAABAQMAAAAl21bKAAAAA1BMVEUAAP+KeNJXAAAAAXRSTlMAQObYZgAAAAlwSFlzAAAOxAAADsQBlSsOGwAAAApJREFUCNdjYAAAAAIAAeIhvDMAAAAASUVORK5CYII=\"  alt=\"\"  class=\"wp-image-72898 pk-lazyload\"  data-pk-sizes=\"auto\"  data-ls-sizes=\"auto, (max-width: 1024px) 100vw, 1024px\"  data-pk-src=\"https:\/\/radiosolaris.com.br\/beta\/wp-content\/uploads\/2022\/02\/Padre-Ricardo-Fontana-e-empossado-novo-reitor-do-Santuario-de-Caravaggio-1-1024x576.png\"  data-pk-srcset=\"https:\/\/radiosolaris.com.br\/beta\/wp-content\/uploads\/2022\/02\/Padre-Ricardo-Fontana-e-empossado-novo-reitor-do-Santuario-de-Caravaggio-1-1024x576.png 1024w, https:\/\/radiosolaris.com.br\/beta\/wp-content\/uploads\/2022\/02\/Padre-Ricardo-Fontana-e-empossado-novo-reitor-do-Santuario-de-Caravaggio-1-300x169.png 300w, https:\/\/radiosolaris.com.br\/beta\/wp-content\/uploads\/2022\/02\/Padre-Ricardo-Fontana-e-empossado-novo-reitor-do-Santuario-de-Caravaggio-1-768x432.png 768w, https:\/\/radiosolaris.com.br\/beta\/wp-content\/uploads\/2022\/02\/Padre-Ricardo-Fontana-e-empossado-novo-reitor-do-Santuario-de-Caravaggio-1.png 1920w\" ><\/a><\/figure>\n<figcaption class=\"blocks-gallery-caption\">Fotos: Mariana \u00c1vila\/ Divulga\u00e7\u00e3o<\/figcaption><\/figure>\n","protected":false},"excerpt":{"rendered":"<p>Cerim\u00f4nia de posse can\u00f4nica foi realizada no \u00faltimo s\u00e1bado (26), na Igreja do Santu\u00e1rio em Farroupilha Foi empossado na tarde do \u00faltimo s\u00e1bado (26), o novo reitor e p\u00e1roco do&hellip;<\/p>\n","protected":false},"author":13,"featured_media":72897,"comment_status":"closed","ping_status":"closed","sticky":false,"template":"","format":"standard","meta":{"_lmt_disableupdate":"","_lmt_disable":"","footnotes":""},"categories":[83],"tags":[4298,424,1244,2295,3567,9957,10074,1624,7146,283],"powerkit_post_featured":[],"class_list":{"0":"post-72893","1":"post","2":"type-post","3":"status-publish","4":"format-standard","5":"has-post-thumbnail","7":"category-serra-gaucha","8":"tag-dom-jose-gislon-2","9":"tag-farroupilha","10":"tag-igreja","11":"tag-missa","12":"tag-nossa-senhora-de-caravaggio","13":"tag-padre-ricardo-fontana","14":"tag-posse-do-reitor","15":"tag-santuario","16":"tag-santuario-de-caravaggio","17":"tag-serra-gaucha"},"modified_by":"Filipe Brogliatto","_links":{"self":[{"href":"https:\/\/radiosolaris.com.br\/beta\/wp-json\/wp\/v2\/posts\/72893","targetHints":{"allow":["GET"]}}],"collection":[{"href":"https:\/\/radiosolaris.com.br\/beta\/wp-json\/wp\/v2\/posts"}],"about":[{"href":"https:\/\/radiosolaris.com.br\/beta\/wp-json\/wp\/v2\/types\/post"}],"author":[{"embeddable":true,"href":"https:\/\/radiosolaris.com.br\/beta\/wp-json\/wp\/v2\/users\/13"}],"replies":[{"embeddable":true,"href":"https:\/\/radiosolaris.com.br\/beta\/wp-json\/wp\/v2\/comments?post=72893"}],"version-history":[{"count":0,"href":"https:\/\/radiosolaris.com.br\/beta\/wp-json\/wp\/v2\/posts\/72893\/revisions"}],"wp:featuredmedia":[{"embeddable":true,"href":"https:\/\/radiosolaris.com.br\/beta\/wp-json\/wp\/v2\/media\/72897"}],"wp:attachment":[{"href":"https:\/\/radiosolaris.com.br\/beta\/wp-json\/wp\/v2\/media?parent=72893"}],"wp:term":[{"taxonomy":"category","embeddable":true,"href":"https:\/\/radiosolaris.com.br\/beta\/wp-json\/wp\/v2\/categories?post=72893"},{"taxonomy":"post_tag","embeddable":true,"href":"https:\/\/radiosolaris.com.br\/beta\/wp-json\/wp\/v2\/tags?post=72893"},{"taxonomy":"powerkit_post_featured","embeddable":true,"href":"https:\/\/radiosolaris.com.br\/beta\/wp-json\/wp\/v2\/powerkit_post_featured?post=72893"}],"curies":[{"name":"wp","href":"https:\/\/api.w.org\/{rel}","templated":true}]}}