{"id":72817,"date":"2022-02-26T00:07:41","date_gmt":"2022-02-26T03:07:41","guid":{"rendered":"https:\/\/radiosolaris.com.br\/beta\/?p=72817"},"modified":"2022-02-26T00:07:42","modified_gmt":"2022-02-26T03:07:42","slug":"estuprador-e-preso-pela-prf-em-vacaria","status":"publish","type":"post","link":"https:\/\/radiosolaris.com.br\/beta\/estuprador-e-preso-pela-prf-em-vacaria\/","title":{"rendered":"Estuprador \u00e9 preso pela PRF em Vacaria"},"content":{"rendered":"\n<h4 id=\"o-crime-teria-sido-cometido-em-caxias-do-sul-ha-tres-meses\" class=\"wp-block-heading\">O crime teria sido cometido em Caxias do Sul h\u00e1 tr\u00eas meses<\/h4>\n\n\n\n<p>Na tarde desta sexta-feira (28), a Pol\u00edcia Rodovi\u00e1ria Federal prendeu, na BR-285 em Vacaria, um homem que estava sendo procurado pela justi\u00e7a por estupro de vulner\u00e1vel em Caxias do Sul. De acordo com a PRF, o crime teria sido cometido em Caxias do Sul h\u00e1 tr\u00eas meses<\/p>\n\n\n\n<p>O homem foi identificado a partir da abordagem de um Corsa, com placas de S\u00e3o Marcos. O motorista, de 31 anos, natural de S\u00e3o Borja, viajava com outros dois homens.<\/p>\n\n\n\n<p>Em consulta aos sistemas foi encontrado um mandado judicial determinando sua pris\u00e3o por estupro de vulner\u00e1vel. Ele tinha tamb\u00e9m ocorr\u00eancias por furto e amea\u00e7a.<\/p>\n\n\n\n<p>O homem foi preso e levado \u00e0 pol\u00edcia judici\u00e1ria em Vacaria, e posteriormente ficar\u00e1 \u00e0 disposi\u00e7\u00e3o da justi\u00e7a no pres\u00eddio. O ve\u00edculo foi liberado para outro condutor habilitado.<\/p>\n\n\n\n<p>Foto de capa: PRF<\/p>\n","protected":false},"excerpt":{"rendered":"<p>O crime teria sido cometido em Caxias do Sul h\u00e1 tr\u00eas meses Na tarde desta sexta-feira (28), a Pol\u00edcia Rodovi\u00e1ria Federal prendeu, na BR-285 em Vacaria, um homem que estava&hellip;<\/p>\n","protected":false},"author":17,"featured_media":72818,"comment_status":"closed","ping_status":"closed","sticky":false,"template":"","format":"standard","meta":{"_lmt_disableupdate":"","_lmt_disable":"","footnotes":""},"categories":[83],"tags":[148,742,301,624,283,628],"powerkit_post_featured":[],"class_list":{"0":"post-72817","1":"post","2":"type-post","3":"status-publish","4":"format-standard","5":"has-post-thumbnail","7":"category-serra-gaucha","8":"tag-caxias-do-sul","9":"tag-estupro","10":"tag-prf","11":"tag-sao-marcos","12":"tag-serra-gaucha","13":"tag-vacaria"},"modified_by":"Igor Panzenhagen","_links":{"self":[{"href":"https:\/\/radiosolaris.com.br\/beta\/wp-json\/wp\/v2\/posts\/72817","targetHints":{"allow":["GET"]}}],"collection":[{"href":"https:\/\/radiosolaris.com.br\/beta\/wp-json\/wp\/v2\/posts"}],"about":[{"href":"https:\/\/radiosolaris.com.br\/beta\/wp-json\/wp\/v2\/types\/post"}],"author":[{"embeddable":true,"href":"https:\/\/radiosolaris.com.br\/beta\/wp-json\/wp\/v2\/users\/17"}],"replies":[{"embeddable":true,"href":"https:\/\/radiosolaris.com.br\/beta\/wp-json\/wp\/v2\/comments?post=72817"}],"version-history":[{"count":0,"href":"https:\/\/radiosolaris.com.br\/beta\/wp-json\/wp\/v2\/posts\/72817\/revisions"}],"wp:featuredmedia":[{"embeddable":true,"href":"https:\/\/radiosolaris.com.br\/beta\/wp-json\/wp\/v2\/media\/72818"}],"wp:attachment":[{"href":"https:\/\/radiosolaris.com.br\/beta\/wp-json\/wp\/v2\/media?parent=72817"}],"wp:term":[{"taxonomy":"category","embeddable":true,"href":"https:\/\/radiosolaris.com.br\/beta\/wp-json\/wp\/v2\/categories?post=72817"},{"taxonomy":"post_tag","embeddable":true,"href":"https:\/\/radiosolaris.com.br\/beta\/wp-json\/wp\/v2\/tags?post=72817"},{"taxonomy":"powerkit_post_featured","embeddable":true,"href":"https:\/\/radiosolaris.com.br\/beta\/wp-json\/wp\/v2\/powerkit_post_featured?post=72817"}],"curies":[{"name":"wp","href":"https:\/\/api.w.org\/{rel}","templated":true}]}}