{"id":72572,"date":"2022-02-23T14:14:57","date_gmt":"2022-02-23T17:14:57","guid":{"rendered":"https:\/\/radiosolaris.com.br\/beta\/?p=72572"},"modified":"2022-02-23T14:46:15","modified_gmt":"2022-02-23T17:46:15","slug":"governo-lanca-rg-unico-nesta-quarta-feira-23","status":"publish","type":"post","link":"https:\/\/radiosolaris.com.br\/beta\/governo-lanca-rg-unico-nesta-quarta-feira-23\/","title":{"rendered":"Governo lan\u00e7a RG \u00danico nesta quarta-feira 23"},"content":{"rendered":"\n<h4 id=\"numero-do-cpf-sera-o-padrao-de-identificacao-e-devera-ser-adotado-em-todo-o-pais-ate-marco-de-2023\" class=\"wp-block-heading\">N\u00famero do CPF ser\u00e1 o padr\u00e3o de identifica\u00e7\u00e3o e dever\u00e1 ser adotado em todo o pa\u00eds at\u00e9 mar\u00e7o de 2023<\/h4>\n\n\n\n<p>Em cerim\u00f4nia no Pal\u00e1cio do Planalto, o presidente Jair Bolsonaro (PL) vai lan\u00e7ar nesta quarta-feira (23) o RG \u00fanico. Com a assinatura do decreto, o n\u00famero do CPF ser\u00e1 adotado como padr\u00e3o para identifica\u00e7\u00e3o em todo o pa\u00eds, de forma obrigat\u00f3ria at\u00e9 6 de mar\u00e7o de 2023. Pelo novo modelo, o documento poder\u00e1 ser acessado tamb\u00e9m pelo aplicativo do Gov.br. A previs\u00e3o \u00e9 que o formato impresso deixe de existir em at\u00e9 uma d\u00e9cada. Conforme o governo federal, o objetivo da unifica\u00e7\u00e3o \u00e9 coibir fraudes.<\/p>\n\n\n\n<p>Por falta dessa centraliza\u00e7\u00e3o, hoje \u00e9 poss\u00edvel retirar uma identidade em cada uma das unidades da federa\u00e7\u00e3o. Essa falha gera o risco, por exemplo, de um benef\u00edcio social ser expedido mais de uma vez para a mesma pessoa. Ser\u00e1 poss\u00edvel cadastrar, ainda, informa\u00e7\u00f5es sobre a sa\u00fade do titular, tais como tipo sangu\u00edneo e fator RH, al\u00e9m da disposi\u00e7\u00e3o em doar \u00f3rg\u00e3os.<\/p>\n\n\n\n<p>Para emiti-lo, o cidad\u00e3o dever\u00e1 procurar a Secretaria de Seguran\u00e7a do Estado em que reside. Os \u00f3rg\u00e3os far\u00e3o o registro no cadastro \u00fanico federal. O RG antigo poder\u00e1 continuar sendo utilizado por at\u00e9 10 anos. Idosos com 60 anos ou mais poder\u00e3o manter o padr\u00e3o anterior por tempo indeterminado.<\/p>\n\n\n\n<p>Informa\u00e7\u00f5es\/ Ag\u00eancia Brasil<\/p>\n\n\n\n<p>Foto divulga\u00e7\u00e3o<\/p>\n","protected":false},"excerpt":{"rendered":"<p>N\u00famero do CPF ser\u00e1 o padr\u00e3o de identifica\u00e7\u00e3o e dever\u00e1 ser adotado em todo o pa\u00eds at\u00e9 mar\u00e7o de 2023 Em cerim\u00f4nia no Pal\u00e1cio do Planalto, o presidente Jair Bolsonaro&hellip;<\/p>\n","protected":false},"author":1,"featured_media":72573,"comment_status":"closed","ping_status":"closed","sticky":false,"template":"","format":"standard","meta":{"_lmt_disableupdate":"","_lmt_disable":"","footnotes":""},"categories":[84],"tags":[8416,138,10012],"powerkit_post_featured":[],"class_list":{"0":"post-72572","1":"post","2":"type-post","3":"status-publish","4":"format-standard","5":"has-post-thumbnail","7":"category-brasil","8":"tag-cpf","9":"tag-governo","10":"tag-rg-unico"},"modified_by":"Gustavo Zanotto","_links":{"self":[{"href":"https:\/\/radiosolaris.com.br\/beta\/wp-json\/wp\/v2\/posts\/72572","targetHints":{"allow":["GET"]}}],"collection":[{"href":"https:\/\/radiosolaris.com.br\/beta\/wp-json\/wp\/v2\/posts"}],"about":[{"href":"https:\/\/radiosolaris.com.br\/beta\/wp-json\/wp\/v2\/types\/post"}],"author":[{"embeddable":true,"href":"https:\/\/radiosolaris.com.br\/beta\/wp-json\/wp\/v2\/users\/1"}],"replies":[{"embeddable":true,"href":"https:\/\/radiosolaris.com.br\/beta\/wp-json\/wp\/v2\/comments?post=72572"}],"version-history":[{"count":0,"href":"https:\/\/radiosolaris.com.br\/beta\/wp-json\/wp\/v2\/posts\/72572\/revisions"}],"wp:featuredmedia":[{"embeddable":true,"href":"https:\/\/radiosolaris.com.br\/beta\/wp-json\/wp\/v2\/media\/72573"}],"wp:attachment":[{"href":"https:\/\/radiosolaris.com.br\/beta\/wp-json\/wp\/v2\/media?parent=72572"}],"wp:term":[{"taxonomy":"category","embeddable":true,"href":"https:\/\/radiosolaris.com.br\/beta\/wp-json\/wp\/v2\/categories?post=72572"},{"taxonomy":"post_tag","embeddable":true,"href":"https:\/\/radiosolaris.com.br\/beta\/wp-json\/wp\/v2\/tags?post=72572"},{"taxonomy":"powerkit_post_featured","embeddable":true,"href":"https:\/\/radiosolaris.com.br\/beta\/wp-json\/wp\/v2\/powerkit_post_featured?post=72572"}],"curies":[{"name":"wp","href":"https:\/\/api.w.org\/{rel}","templated":true}]}}