{"id":72531,"date":"2022-02-23T08:59:28","date_gmt":"2022-02-23T11:59:28","guid":{"rendered":"https:\/\/radiosolaris.com.br\/beta\/?p=72531"},"modified":"2022-02-23T09:00:13","modified_gmt":"2022-02-23T12:00:13","slug":"trio-e-preso-por-posse-de-entorpecentes-em-flores-da-cunha","status":"publish","type":"post","link":"https:\/\/radiosolaris.com.br\/beta\/trio-e-preso-por-posse-de-entorpecentes-em-flores-da-cunha\/","title":{"rendered":"Trio \u00e9 preso por posse de entorpecentes em Flores da Cunha"},"content":{"rendered":"\n<h4 id=\"um-taxista-e-um-casal-foram-detidos-pela-brigada-militar-pouco-depois-da-meia-noite-desta-quarta-feira-23\" class=\"wp-block-heading\">Um taxista e um casal foram detidos pela Brigada Militar pouco depois da meia-noite desta quarta-feira (23)<\/h4>\n\n\n\n<p>Tr\u00eas pessoas foram presas por posse de entorpecentes na madrugada desta quarta-feira (23), em Flores da Cunha. O caso foi registrado pela Brigada Militar (BM) na Avenida 25 de Julho, pouco depois da meia-noite.<\/p>\n\n\n\n<p>Segundo boletim de ocorr\u00eancia, durante patrulhamento de rotina, a guarni\u00e7\u00e3o abordou um t\u00e1xi que trafegava em via p\u00fablica. Durante busca pessoal, foi localizado no bolso do taxista de 55 anos, um peda\u00e7o grande de subst\u00e2ncia semelhante a maconha, em uma caixa pequena um peda\u00e7o menor da mesma droga e duas petecas de subst\u00e2ncia semelhante a coca\u00edna, al\u00e9m de certa quantia em dinheiro. Em revista veicular os policiais localizaram R$ 1.542 em dinheiro. &nbsp;<\/p>\n\n\n\n<p>O casal que estava no t\u00e1xi, o homem de 37 anos e a mulher de 36, estavam em pris\u00e3o de regime domiciliar e n\u00e3o poderia estar fora de casa no hor\u00e1rio em que foram localizados. Diante dos fatos, o trio foi conduzido \u00e0 Delegacia de Pol\u00edcia de Pronto Atendimento (DPPA), onde foram autuados por posse de entorpecentes.<\/p>\n\n\n\n<figure class=\"wp-block-gallery has-nested-images columns-default is-cropped wp-block-gallery-1 is-layout-flex wp-block-gallery-is-layout-flex\">\n<figure class=\"wp-block-image size-large\"><a href=\"https:\/\/radiosolaris.com.br\/beta\/wp-content\/uploads\/2022\/02\/Trio-e-preso-por-posse-de-entorpecentes-em-Flores-da-Cunha.jpeg\"><img  decoding=\"async\"  data-id=\"72532\"  src=\"data:image\/png;base64,iVBORw0KGgoAAAANSUhEUgAAAAEAAAABAQMAAAAl21bKAAAAA1BMVEUAAP+KeNJXAAAAAXRSTlMAQObYZgAAAAlwSFlzAAAOxAAADsQBlSsOGwAAAApJREFUCNdjYAAAAAIAAeIhvDMAAAAASUVORK5CYII=\"  alt=\"\"  class=\"wp-image-72532 pk-lazyload\"  data-pk-sizes=\"auto\"  data-pk-src=\"https:\/\/radiosolaris.com.br\/beta\/wp-content\/uploads\/2022\/02\/Trio-e-preso-por-posse-de-entorpecentes-em-Flores-da-Cunha-1024x576.jpeg\" ><\/a><\/figure>\n<figcaption class=\"blocks-gallery-caption\">Foto: Brigada Militar\/ Divulga\u00e7\u00e3o<\/figcaption><\/figure>\n","protected":false},"excerpt":{"rendered":"<p>Um taxista e um casal foram detidos pela Brigada Militar pouco depois da meia-noite desta quarta-feira (23) Tr\u00eas pessoas foram presas por posse de entorpecentes na madrugada desta quarta-feira (23),&hellip;<\/p>\n","protected":false},"author":13,"featured_media":72532,"comment_status":"closed","ping_status":"closed","sticky":false,"template":"","format":"standard","meta":{"_lmt_disableupdate":"","_lmt_disable":"","footnotes":""},"categories":[83],"tags":[247,158,513,114,3040,5845,992,283,2485],"powerkit_post_featured":[],"class_list":{"0":"post-72531","1":"post","2":"type-post","3":"status-publish","4":"format-standard","5":"has-post-thumbnail","7":"category-serra-gaucha","8":"tag-brigada-militar","9":"tag-crime","10":"tag-drogas","11":"tag-flores-da-cunha","12":"tag-ocorrencia","13":"tag-posse-de-entorpecentes","14":"tag-serra","15":"tag-serra-gaucha","16":"tag-taxista"},"modified_by":"Filipe Brogliatto","_links":{"self":[{"href":"https:\/\/radiosolaris.com.br\/beta\/wp-json\/wp\/v2\/posts\/72531","targetHints":{"allow":["GET"]}}],"collection":[{"href":"https:\/\/radiosolaris.com.br\/beta\/wp-json\/wp\/v2\/posts"}],"about":[{"href":"https:\/\/radiosolaris.com.br\/beta\/wp-json\/wp\/v2\/types\/post"}],"author":[{"embeddable":true,"href":"https:\/\/radiosolaris.com.br\/beta\/wp-json\/wp\/v2\/users\/13"}],"replies":[{"embeddable":true,"href":"https:\/\/radiosolaris.com.br\/beta\/wp-json\/wp\/v2\/comments?post=72531"}],"version-history":[{"count":0,"href":"https:\/\/radiosolaris.com.br\/beta\/wp-json\/wp\/v2\/posts\/72531\/revisions"}],"wp:featuredmedia":[{"embeddable":true,"href":"https:\/\/radiosolaris.com.br\/beta\/wp-json\/wp\/v2\/media\/72532"}],"wp:attachment":[{"href":"https:\/\/radiosolaris.com.br\/beta\/wp-json\/wp\/v2\/media?parent=72531"}],"wp:term":[{"taxonomy":"category","embeddable":true,"href":"https:\/\/radiosolaris.com.br\/beta\/wp-json\/wp\/v2\/categories?post=72531"},{"taxonomy":"post_tag","embeddable":true,"href":"https:\/\/radiosolaris.com.br\/beta\/wp-json\/wp\/v2\/tags?post=72531"},{"taxonomy":"powerkit_post_featured","embeddable":true,"href":"https:\/\/radiosolaris.com.br\/beta\/wp-json\/wp\/v2\/powerkit_post_featured?post=72531"}],"curies":[{"name":"wp","href":"https:\/\/api.w.org\/{rel}","templated":true}]}}