{"id":72521,"date":"2022-02-23T08:29:42","date_gmt":"2022-02-23T11:29:42","guid":{"rendered":"https:\/\/radiosolaris.com.br\/beta\/?p=72521"},"modified":"2022-02-23T08:31:11","modified_gmt":"2022-02-23T11:31:11","slug":"comissao-do-legislativo-realiza-reuniao-para-debater-situacao-da-saude-pradense","status":"publish","type":"post","link":"https:\/\/radiosolaris.com.br\/beta\/comissao-do-legislativo-realiza-reuniao-para-debater-situacao-da-saude-pradense\/","title":{"rendered":"Comiss\u00e3o do Legislativo realiza reuni\u00e3o para debater situa\u00e7\u00e3o da sa\u00fade Pradense"},"content":{"rendered":"\n<h4 id=\"a-reuniao-contou-com-a-presenca-da-secretaria-de-saude-representantes-do-hospital-sao-jose-e-conselho-municipal-de-saude\" class=\"wp-block-heading\">A reuni\u00e3o contou com a presen\u00e7a da secret\u00e1ria de Sa\u00fade, representantes do Hospital S\u00e3o Jos\u00e9 e Conselho Municipal de Sa\u00fade<\/h4>\n\n\n\n<p>Na tarde de ter\u00e7a-feira (22), foi realizada reuni\u00e3o da Comiss\u00e3o de Constitui\u00e7\u00e3o, Reda\u00e7\u00e3o e Bem-estar Social da C\u00e2mara de Vereadores de Ant\u00f4nio Prado que convocou a secret\u00e1ria de Sa\u00fade, Jordana Serafim e convidou representantes da Administra\u00e7\u00e3o Municipal, Conselho Municipal de Sa\u00fade e Hospital S\u00e3o Jos\u00e9 para esclarecimentos em rela\u00e7\u00e3o a situa\u00e7\u00e3o da sa\u00fade no munic\u00edpio.<\/p>\n\n\n\n<p>Estavam presentes, a secret\u00e1ria de Sa\u00fade, Jordana Serafim, presidente do Hospital S\u00e3o Jos\u00e9, Sadi Macagnan, diretor-geral, Di\u00f3genes Weber, integrantes do Conselho Municipal de Sa\u00fade, al\u00e9m do presidente e vereadores da Casa Legislativa.<\/p>\n\n\n\n<p>O vice-presidente da Comiss\u00e3o vereador, Vanderlei Cescon iniciou a conversa refor\u00e7ando que o intuito da reuni\u00e3o era entender a situa\u00e7\u00e3o, esclarecer as d\u00favidas e reivindica\u00e7\u00f5es da popula\u00e7\u00e3o sobre os atendimentos em meio a pandemia e se colocou \u00e1 disposi\u00e7\u00e3o para ajudar na busca de solu\u00e7\u00f5es, caso necess\u00e1rio.<\/p>\n\n\n\n<p>As principais demandas trazidas pela Comiss\u00e3o se tratam da recorrente queixa da popula\u00e7\u00e3o sobre a demora e a sobrecarga de atendimentos no Hospital S\u00e3o Jos\u00e9 e o motivo do fechamento da UBS Planalto.<\/p>\n\n\n\n<p>A secret\u00e1ria explicou primeiramente que a UBS do bairro Planalto foi fechada em uma decis\u00e3o consensual entre a Secretaria e o Conselho de Sa\u00fade que devido \u00e0 baixa procura por atendimentos optou-se por concentrar os atendimentos nas UBSs Aparecida e Centro, esta \u00faltima em que os pacientes precisam de qualquer forma recorrer para realiza\u00e7\u00e3o de exames e retirada de medicamentos.<\/p>\n\n\n\n<p>Em rela\u00e7\u00e3o a sobrecarga nos atendimentos, Serafim justificou ser devido \u00e0 falta de servidores que mesmo com a abertura de processos e contrata\u00e7\u00f5es muitas vezes n\u00e3o houveram interessados devido \u00e0 baixa remunera\u00e7\u00e3o, casos de profissionais positivados que precisaram se ausentar, licen\u00e7as maternidade, f\u00e9rias, n\u00e3o prosseguimento de contratos, entre outros motivos.<\/p>\n\n\n\n<p>A representante tamb\u00e9m repassou aos vereadores que no in\u00edcio da pandemia o atendimento ficou totalmente focado em casos Covid e agora a aten\u00e7\u00e3o b\u00e1sica retoma as consultas e exames de rotina o que consequentemente causa uma sobrecarga no sistema de sa\u00fade.<\/p>\n\n\n\n<p>Tamb\u00e9m explicou que as UBS\u2019s realizam atendimento das 8h \u00e0s 12h e das 13h \u00e0s 17h30min, por\u00e9m um contrato de presta\u00e7\u00e3o de servi\u00e7o foi realizado com o Hospital S\u00e3o Jos\u00e9 para que ap\u00f3s \u00e0s 10h da manh\u00e3 esses atendimentos fossem realizados no Hospital e a UBS prosseguisse com o atendimento b\u00e1sico.<\/p>\n\n\n\n<p>Em outra oportunidade, em entrevista \u00e0 R\u00e1dio Solaris, Weber explicou que a sobrecarga no plant\u00e3o do Hospital se deve \u00e0 procura da popula\u00e7\u00e3o por atendimento mediante a qualquer sintoma ao inv\u00e9s de encaminhar-se primeiramente a Unidade de Sa\u00fade mais pr\u00f3xima, j\u00e1 que o plant\u00e3o \u00e9 voltado para casos de sintomas gripais suspeitos Covid e emergenciais que n\u00e3o s\u00e3o atendidos nas UBS\u2019s.<\/p>\n\n\n\n<p>Os vereadores solicitaram a Secretaria e formularam uma Indica\u00e7\u00e3o a Prefeitura, que entrou em pauta ainda na sess\u00e3o ordin\u00e1ria de ontem (22), com alguns pedidos, entre eles a reabertura da UBS Planalto, campanha de conscientiza\u00e7\u00e3o para vacina\u00e7\u00e3o, implementa\u00e7\u00e3o do Plant\u00e3o Covid no Hospital e sua continuidade nos meses seguintes, entre outras sugest\u00f5es.<\/p>\n\n\n\n<p>Acesse a Indica\u00e7\u00e3o na \u00edntegra <a href=\"https:\/\/www.camaraantonioprado.rs.gov.br\/tec\/popup\/index.php?pagina=pasta_digital&amp;documento_tipo=proposicao&amp;documento=12505\" data-type=\"URL\" data-id=\"https:\/\/www.camaraantonioprado.rs.gov.br\/tec\/popup\/index.php?pagina=pasta_digital&amp;documento_tipo=proposicao&amp;documento=12505\" target=\"_blank\" rel=\"noreferrer noopener\">aqui<\/a>.<\/p>\n\n\n\n<p>Fonte: Rep\u00f3rter Ta\u00eds Vargas<\/p>\n","protected":false},"excerpt":{"rendered":"<p>A reuni\u00e3o contou com a presen\u00e7a da secret\u00e1ria de Sa\u00fade, representantes do Hospital S\u00e3o Jos\u00e9 e Conselho Municipal de Sa\u00fade Na tarde de ter\u00e7a-feira (22), foi realizada reuni\u00e3o da Comiss\u00e3o&hellip;<\/p>\n","protected":false},"author":1,"featured_media":72524,"comment_status":"closed","ping_status":"closed","sticky":false,"template":"","format":"standard","meta":{"_lmt_disableupdate":"","_lmt_disable":"","footnotes":""},"categories":[1855],"tags":[143,1436,9719],"powerkit_post_featured":[],"class_list":{"0":"post-72521","1":"post","2":"type-post","3":"status-publish","4":"format-standard","5":"has-post-thumbnail","7":"category-saude","8":"tag-antonio-prado","9":"tag-legislativo","10":"tag-saude-publica"},"modified_by":"Gustavo Zanotto","_links":{"self":[{"href":"https:\/\/radiosolaris.com.br\/beta\/wp-json\/wp\/v2\/posts\/72521","targetHints":{"allow":["GET"]}}],"collection":[{"href":"https:\/\/radiosolaris.com.br\/beta\/wp-json\/wp\/v2\/posts"}],"about":[{"href":"https:\/\/radiosolaris.com.br\/beta\/wp-json\/wp\/v2\/types\/post"}],"author":[{"embeddable":true,"href":"https:\/\/radiosolaris.com.br\/beta\/wp-json\/wp\/v2\/users\/1"}],"replies":[{"embeddable":true,"href":"https:\/\/radiosolaris.com.br\/beta\/wp-json\/wp\/v2\/comments?post=72521"}],"version-history":[{"count":0,"href":"https:\/\/radiosolaris.com.br\/beta\/wp-json\/wp\/v2\/posts\/72521\/revisions"}],"wp:featuredmedia":[{"embeddable":true,"href":"https:\/\/radiosolaris.com.br\/beta\/wp-json\/wp\/v2\/media\/72524"}],"wp:attachment":[{"href":"https:\/\/radiosolaris.com.br\/beta\/wp-json\/wp\/v2\/media?parent=72521"}],"wp:term":[{"taxonomy":"category","embeddable":true,"href":"https:\/\/radiosolaris.com.br\/beta\/wp-json\/wp\/v2\/categories?post=72521"},{"taxonomy":"post_tag","embeddable":true,"href":"https:\/\/radiosolaris.com.br\/beta\/wp-json\/wp\/v2\/tags?post=72521"},{"taxonomy":"powerkit_post_featured","embeddable":true,"href":"https:\/\/radiosolaris.com.br\/beta\/wp-json\/wp\/v2\/powerkit_post_featured?post=72521"}],"curies":[{"name":"wp","href":"https:\/\/api.w.org\/{rel}","templated":true}]}}