{"id":72519,"date":"2022-02-23T09:14:28","date_gmt":"2022-02-23T12:14:28","guid":{"rendered":"https:\/\/radiosolaris.com.br\/beta\/?p=72519"},"modified":"2022-02-23T14:00:20","modified_gmt":"2022-02-23T17:00:20","slug":"protasio-alves-sera-comtemplada-com-10-acudes-no-programa-avancar-na-agricultura","status":"publish","type":"post","link":"https:\/\/radiosolaris.com.br\/beta\/protasio-alves-sera-comtemplada-com-10-acudes-no-programa-avancar-na-agricultura\/","title":{"rendered":"Prot\u00e1sio Alves ser\u00e1 contemplado com 10 a\u00e7udes no programa Avan\u00e7ar na Agricultura"},"content":{"rendered":"\n<h4 id=\"as-inscricoes-devem-ser-feitas-ate-as-10h-do-dia-24-de-fevereiro\" class=\"wp-block-heading\">As inscri\u00e7\u00f5es devem ser feitas at\u00e9 as 10h do dia 24 de fevereiro<\/h4>\n\n\n\n<p>O Governo do Estado do Rio Grande do Sul divulgou nesta segunda-feira (21), informa\u00e7\u00f5es sobre mais uma etapa do programa Avan\u00e7ar na Agricultura e em Prot\u00e1sio Alves at\u00e9 10 propriedades ser\u00e3o beneficiadas com micro a\u00e7udes selecionados pelo Sindicato dos Produtores Rurais (STR), seguindo crit\u00e9rios de necessidade de cada propriedade.<\/p>\n\n\n\n<p>Interessados devem procurar o Sindicato dos Produtores Rurais (STR) at\u00e9 as 10h do dia 24 de fevereiro e apresentar os seguintes documentos:<\/p>\n\n\n\n<ul class=\"wp-block-list\"><li>RG e CPF;<\/li><li>Tal\u00e3o do Produtor;<\/li><li>Declara\u00e7\u00e3o de Aptid\u00e3o ao Pronaf (DAP);<\/li><li>Recibo do Cadastro Ambiental (CAR);<\/li><li>Escritura ou contrato de arrendamento da terra.<\/li><\/ul>\n\n\n\n<p>Para mais informa\u00e7\u00f5es o telefone (54) 3276.1100 pode ser contatado.<\/p>\n\n\n\n<p>Fonte: Rep\u00f3rter Gustavo Zanotto<\/p>\n","protected":false},"excerpt":{"rendered":"<p>As inscri\u00e7\u00f5es devem ser feitas at\u00e9 as 10h do dia 24 de fevereiro O Governo do Estado do Rio Grande do Sul divulgou nesta segunda-feira (21), informa\u00e7\u00f5es sobre mais uma&hellip;<\/p>\n","protected":false},"author":20,"featured_media":58238,"comment_status":"closed","ping_status":"closed","sticky":false,"template":"","format":"standard","meta":{"_lmt_disableupdate":"","_lmt_disable":"","footnotes":""},"categories":[1],"tags":[9779,9965,170],"powerkit_post_featured":[],"class_list":{"0":"post-72519","1":"post","2":"type-post","3":"status-publish","4":"format-standard","5":"has-post-thumbnail","7":"category-geral","8":"tag-acudes","9":"tag-avancar-na-agricultura","10":"tag-protasio-alves-2"},"modified_by":"Gustavo Zanotto","_links":{"self":[{"href":"https:\/\/radiosolaris.com.br\/beta\/wp-json\/wp\/v2\/posts\/72519","targetHints":{"allow":["GET"]}}],"collection":[{"href":"https:\/\/radiosolaris.com.br\/beta\/wp-json\/wp\/v2\/posts"}],"about":[{"href":"https:\/\/radiosolaris.com.br\/beta\/wp-json\/wp\/v2\/types\/post"}],"author":[{"embeddable":true,"href":"https:\/\/radiosolaris.com.br\/beta\/wp-json\/wp\/v2\/users\/20"}],"replies":[{"embeddable":true,"href":"https:\/\/radiosolaris.com.br\/beta\/wp-json\/wp\/v2\/comments?post=72519"}],"version-history":[{"count":0,"href":"https:\/\/radiosolaris.com.br\/beta\/wp-json\/wp\/v2\/posts\/72519\/revisions"}],"wp:featuredmedia":[{"embeddable":true,"href":"https:\/\/radiosolaris.com.br\/beta\/wp-json\/wp\/v2\/media\/58238"}],"wp:attachment":[{"href":"https:\/\/radiosolaris.com.br\/beta\/wp-json\/wp\/v2\/media?parent=72519"}],"wp:term":[{"taxonomy":"category","embeddable":true,"href":"https:\/\/radiosolaris.com.br\/beta\/wp-json\/wp\/v2\/categories?post=72519"},{"taxonomy":"post_tag","embeddable":true,"href":"https:\/\/radiosolaris.com.br\/beta\/wp-json\/wp\/v2\/tags?post=72519"},{"taxonomy":"powerkit_post_featured","embeddable":true,"href":"https:\/\/radiosolaris.com.br\/beta\/wp-json\/wp\/v2\/powerkit_post_featured?post=72519"}],"curies":[{"name":"wp","href":"https:\/\/api.w.org\/{rel}","templated":true}]}}