{"id":72484,"date":"2022-02-22T16:18:32","date_gmt":"2022-02-22T19:18:32","guid":{"rendered":"https:\/\/radiosolaris.com.br\/beta\/?p=72484"},"modified":"2022-02-22T16:18:37","modified_gmt":"2022-02-22T19:18:37","slug":"programa-avancar-na-agricultura-vai-beneficiar-10-agricultores-de-ipe","status":"publish","type":"post","link":"https:\/\/radiosolaris.com.br\/beta\/programa-avancar-na-agricultura-vai-beneficiar-10-agricultores-de-ipe\/","title":{"rendered":"Programa \u201cAvan\u00e7ar na Agricultura\u201d vai beneficiar 10 agricultores de Ip\u00ea"},"content":{"rendered":"\n<h4 id=\"as-inscricoes-devem-ser-feitas-o-quanto-antes-junto-a-emater\" class=\"wp-block-heading\">As inscri\u00e7\u00f5es devem ser feitas o quanto antes junto a Emater<\/h4>\n\n\n\n<p>O Governo do Estado do Rio Grande do Sul divulgou nesta segunda-feira (21) informa\u00e7\u00f5es sobre mais uma etapa do programa Avan\u00e7ar na Agricultura e em Ip\u00ea at\u00e9 10 propriedades ser\u00e3o beneficiadas com microa\u00e7udes selecionadas pela Emater, seguindo crit\u00e9rios de necessidade de cada propriedade.<\/p>\n\n\n\n<p>Segundo o engenheiro agr\u00f4nomo respons\u00e1vel pela Emater, Dalberto Corezzola o projeto vai atender produtores que sofreram com a estiagem sendo uma forte de combate para outros anos. \u201cPara cada produtor que possamos incluir no programa ser\u00e3o 24h m\u00e1quina para a\u00e7udes com um volume de aproximadamente 1560 metros de terra.\u201d<\/p>\n\n\n\n<p>Para se inscrever no programa deve se entrar em contato diretamente com a Emater, presencialmente ou pelos fones (54) 3233 1168 e (54) 9 9964 5683. As inscri\u00e7\u00f5es devem ser feitas o quanto antes e s\u00f3 podem ser inscritos para participar agricultores familiares que possuem DAP.<\/p>\n\n\n\n<p>Ap\u00f3s a inscri\u00e7\u00e3o ser\u00e1 feito uma visita para entender a necessidade do produtor e tamb\u00e9m a viabilidade de acordo com a legisla\u00e7\u00e3o ambiental vigente. Os agricultores n\u00e3o ter\u00e3o custos.<\/p>\n\n\n\n<p>Fonte: Rep\u00f3rter Gustavo Zanotto<\/p>\n","protected":false},"excerpt":{"rendered":"<p>As inscri\u00e7\u00f5es devem ser feitas o quanto antes junto a Emater O Governo do Estado do Rio Grande do Sul divulgou nesta segunda-feira (21) informa\u00e7\u00f5es sobre mais uma etapa do&hellip;<\/p>\n","protected":false},"author":20,"featured_media":72486,"comment_status":"closed","ping_status":"closed","sticky":false,"template":"","format":"standard","meta":{"_lmt_disableupdate":"","_lmt_disable":"","footnotes":""},"categories":[1],"tags":[9779,9965,116,9997],"powerkit_post_featured":[],"class_list":{"0":"post-72484","1":"post","2":"type-post","3":"status-publish","4":"format-standard","5":"has-post-thumbnail","7":"category-geral","8":"tag-acudes","9":"tag-avancar-na-agricultura","10":"tag-ipe","11":"tag-microacudes"},"modified_by":"Gustavo Zanotto","_links":{"self":[{"href":"https:\/\/radiosolaris.com.br\/beta\/wp-json\/wp\/v2\/posts\/72484","targetHints":{"allow":["GET"]}}],"collection":[{"href":"https:\/\/radiosolaris.com.br\/beta\/wp-json\/wp\/v2\/posts"}],"about":[{"href":"https:\/\/radiosolaris.com.br\/beta\/wp-json\/wp\/v2\/types\/post"}],"author":[{"embeddable":true,"href":"https:\/\/radiosolaris.com.br\/beta\/wp-json\/wp\/v2\/users\/20"}],"replies":[{"embeddable":true,"href":"https:\/\/radiosolaris.com.br\/beta\/wp-json\/wp\/v2\/comments?post=72484"}],"version-history":[{"count":0,"href":"https:\/\/radiosolaris.com.br\/beta\/wp-json\/wp\/v2\/posts\/72484\/revisions"}],"wp:featuredmedia":[{"embeddable":true,"href":"https:\/\/radiosolaris.com.br\/beta\/wp-json\/wp\/v2\/media\/72486"}],"wp:attachment":[{"href":"https:\/\/radiosolaris.com.br\/beta\/wp-json\/wp\/v2\/media?parent=72484"}],"wp:term":[{"taxonomy":"category","embeddable":true,"href":"https:\/\/radiosolaris.com.br\/beta\/wp-json\/wp\/v2\/categories?post=72484"},{"taxonomy":"post_tag","embeddable":true,"href":"https:\/\/radiosolaris.com.br\/beta\/wp-json\/wp\/v2\/tags?post=72484"},{"taxonomy":"powerkit_post_featured","embeddable":true,"href":"https:\/\/radiosolaris.com.br\/beta\/wp-json\/wp\/v2\/powerkit_post_featured?post=72484"}],"curies":[{"name":"wp","href":"https:\/\/api.w.org\/{rel}","templated":true}]}}