{"id":72480,"date":"2022-02-22T16:17:50","date_gmt":"2022-02-22T19:17:50","guid":{"rendered":"https:\/\/radiosolaris.com.br\/beta\/?p=72480"},"modified":"2022-02-22T16:25:16","modified_gmt":"2022-02-22T19:25:16","slug":"nova-escola-de-ensino-fundamental-sera-inaugurada-nesta-quarta-feira-em-caxias-do-sul","status":"publish","type":"post","link":"https:\/\/radiosolaris.com.br\/beta\/nova-escola-de-ensino-fundamental-sera-inaugurada-nesta-quarta-feira-em-caxias-do-sul\/","title":{"rendered":"Nova escola de ensino fundamental ser\u00e1 inaugurada nesta quarta-feira em Caxias do Sul"},"content":{"rendered":"\n<h4 id=\"foram-investidos-r-4-milhoes-para-a-implantacao-da-escola-que-funcionara-no-bloco-i-da-ucs\" class=\"wp-block-heading\">Foram investidos R$ 4 milh\u00f5es para a implanta\u00e7\u00e3o da escola que funcionar\u00e1 no Bloco I da UCS<\/h4>\n\n\n\n<p>A partir desta quarta-feira (23) Caxias do Sul ter\u00e1 nova escola de ensino fundamental. Instalado dentro do Campus-Sede da Universidade de Caxias do Sul (UCS), o CETEC Fundamental chega com uma proposta inovadora e exclusiva no ensino para estudantes do 6\u00ba ao 9\u00ba ano.<\/p>\n\n\n\n<p>Ancorado no legado de uma das principais institui\u00e7\u00f5es de ensino m\u00e9dio da rede privada do estado, o CETEC Fundamental apresenta uma proposta pedag\u00f3gica inovadora, com rotinas que lembram modelos americanos e europeus de ensino, al\u00e9m de dispor de toda a infraestrutura universit\u00e1ria da UCS.<\/p>\n\n\n\n<p>Para o projeto, a Funda\u00e7\u00e3o Universidade de Caxias do Sul (FUCS) investiu mais de R$ 4 milh\u00f5es para a implanta\u00e7\u00e3o da escola, em tecnologia, pessoas e moderniza\u00e7\u00e3o do espa\u00e7o, sem mencionar no c\u00e1lculo a estrutura existente.<\/p>\n\n\n\n<p>\u201cAcreditamos na educa\u00e7\u00e3o como transforma\u00e7\u00e3o. Os investimentos no Cetec Fundamental ilustram nosso olhar inovador sobre o ensino, as necessidades da regi\u00e3o e tamb\u00e9m com foco no futuro. Sabemos que precisamos educar com qualidade para continuar desenvolvendo a regi\u00e3o\u201d, enfatiza o presidente da Funda\u00e7\u00e3o Universidade de Caxias do Sul, Jos\u00e9 Quadros dos Santos.<\/p>\n\n\n\n<figure class=\"wp-block-gallery has-nested-images columns-default is-cropped wp-block-gallery-1 is-layout-flex wp-block-gallery-is-layout-flex\">\n<figure class=\"wp-block-image size-large\"><a href=\"https:\/\/radiosolaris.com.br\/beta\/wp-content\/uploads\/2022\/02\/Imagem01-scaled.jpg\"><img  loading=\"lazy\"  decoding=\"async\"  width=\"1024\"  height=\"576\"  data-id=\"72482\"  src=\"data:image\/png;base64,iVBORw0KGgoAAAANSUhEUgAAAAEAAAABAQMAAAAl21bKAAAAA1BMVEUAAP+KeNJXAAAAAXRSTlMAQObYZgAAAAlwSFlzAAAOxAAADsQBlSsOGwAAAApJREFUCNdjYAAAAAIAAeIhvDMAAAAASUVORK5CYII=\"  alt=\"\"  class=\"wp-image-72482 pk-lazyload\"  data-pk-sizes=\"auto\"  data-ls-sizes=\"auto, (max-width: 1024px) 100vw, 1024px\"  data-pk-src=\"https:\/\/radiosolaris.com.br\/beta\/wp-content\/uploads\/2022\/02\/Imagem01-1024x576.jpg\"  data-pk-srcset=\"https:\/\/radiosolaris.com.br\/beta\/wp-content\/uploads\/2022\/02\/Imagem01-1024x576.jpg 1024w, https:\/\/radiosolaris.com.br\/beta\/wp-content\/uploads\/2022\/02\/Imagem01-300x169.jpg 300w, https:\/\/radiosolaris.com.br\/beta\/wp-content\/uploads\/2022\/02\/Imagem01-768x432.jpg 768w, https:\/\/radiosolaris.com.br\/beta\/wp-content\/uploads\/2022\/02\/Imagem01.jpg 1280w\" ><\/a><\/figure>\n<\/figure>\n\n\n\n<p><\/p>\n\n\n\n<p>O CETEC Fundamental ocupar\u00e1 o bloco I, ao lado da Galeria Universit\u00e1ria, e ser\u00e1 um ponto de conex\u00e3o com v\u00e1rias outras estruturas a serem utilizadas pelos alunos, como Cinema, Biblioteca Central, Laborat\u00f3rios, Museus, Zool\u00f3gico, Teatro, Vila Poliesportiva, Escola de M\u00fasica, entre outros.<\/p>\n\n\n\n<p>De acordo com a professora Ana Cristina Possapp Cesa, diretora do CETEC UCS, a amplia\u00e7\u00e3o da oferta para os anos finais do ensino fundamental conta com a expertise de uma institui\u00e7\u00e3o com mais de 55 anos como a UCS, al\u00e9m de todo o trabalho de ponta desenvolvido com o ensino m\u00e9dio. \u201cAo longo dos 26 anos do CETEC, j\u00e1 formamos mais de 3700 alunos no ensino m\u00e9dio e cerca de 2650 no ensino t\u00e9cnico. A partir do ensino de qualidade, educamos cidad\u00e3os respons\u00e1veis com a sociedade e com o mundo em que est\u00e3o inseridos&#8221;, contextualiza a diretora.<\/p>\n\n\n\n<p>O CETEC Fundamental chega na regi\u00e3o com um modelo de ensino pioneiro, que estreita a rela\u00e7\u00e3o entre o que se aprende na escola e o cotidiano, atendendo \u00e0s necessidades de aprendizagem dos estudantes de uma nova gera\u00e7\u00e3o, nascida e desenvolvida na era digital.<\/p>\n\n\n\n<figure class=\"wp-block-gallery has-nested-images columns-default is-cropped wp-block-gallery-2 is-layout-flex wp-block-gallery-is-layout-flex\">\n<figure class=\"wp-block-image size-large\"><img  decoding=\"async\"  data-id=\"72481\"  src=\"data:image\/png;base64,iVBORw0KGgoAAAANSUhEUgAABIgAAAKNAQMAAABx\/8IJAAAAA1BMVEUAAP+KeNJXAAAAAXRSTlMAQObYZgAAAAlwSFlzAAAOxAAADsQBlSsOGwAAAHNJREFUeNrtwTEBAAAAwqD1T20ND6AAAAAAAAAAAAAAAAAAAAAAAAAAAAAAAAAAAAAAAAAAAAAAAAAAAAAAAAAAAAAAAAAAAAAAAAAAAAAAAAAAAAAAAAAAAAAAAAAAAAAAAAAAAAAAAAAAAAAAAAAAAPgwdHkAAc7CT7QAAAAASUVORK5CYII=\"  alt=\"\"  class=\"wp-image-72481 pk-lazyload\"  data-pk-sizes=\"auto\"  data-pk-src=\"https:\/\/radiosolaris.com.br\/beta\/wp-content\/uploads\/2022\/02\/Imagem05b-1024x576.jpg\" ><\/figure>\n<\/figure>\n\n\n\n<p><strong>Escola de desenvolvimento integral<\/strong><\/p>\n\n\n\n<p>O bloco que abriga o Ensino Fundamental est\u00e1 entre duas \u00e1reas verdes que ser\u00e3o espa\u00e7os de conviv\u00eancia e aprendizagem, com atividades de educa\u00e7\u00e3o ambiental e esportes de aventura, caso da escalada, do arvorismo e da tirolesa, estruturas montadas exclusivamente para a escola e que integram parte do curr\u00edculo.<\/p>\n\n\n\n<p>As aulas curriculares iniciam \u00e0s 9h30min, mas os pais podem optar por deixar os alunos \u00e0s 7h30min para mentorias e atividades extracurriculares, como nata\u00e7\u00e3o, violino, alem\u00e3o ou futsal, por exemplo, entre outras. Ap\u00f3s o per\u00edodo de aulas da manh\u00e3, os estudantes t\u00eam a op\u00e7\u00e3o de almo\u00e7ar no restaurante universit\u00e1rio ou ir para casa e retornar no in\u00edcio da tarde. Neste intervalo, acontecer\u00e3o os clubes tem\u00e1ticos, como de xadrez, e-sports, games, astronomia e m\u00fasica.<\/p>\n\n\n\n<p>Durante a tarde, h\u00e1 uma carga hor\u00e1ria dedicada ao conte\u00fado curricular e, ao fim do dia, ocorrem aulas de educa\u00e7\u00e3o ambiental, esportes de aventura, etnoatividades e cria\u00e7\u00e3o digital. A Ludoteca, espa\u00e7o com jogos de tabuleiro, RPG e outras ferramentas de desenvolvimento l\u00fadico, tamb\u00e9m integra a lista de componentes curriculares. Um grande diferencial da escola \u00e9 a carga hor\u00e1ria de L\u00edngua Inglesa, que proporciona aos estudantes um contato di\u00e1rio com o idioma.<\/p>\n\n\n\n<p>Para a coordenadora pedag\u00f3gica Andr\u00e9ia Michelon Gobbi, o modelo proposto \u00e9 baseado em experi\u00eancias e viv\u00eancias que relacionam conceitos e atividades pr\u00e1ticas em uma perspectiva interdisciplinar. Os projetos s\u00e3o constitu\u00eddos por metodologias e estrat\u00e9gias de aprendizagem: \u201cTeremos de fato um ensino integral, com a preocupa\u00e7\u00e3o voltada para o desenvolvimento do estudante em todas as suas \u00e1reas. Buscamos, sobretudo, explorar as diferentes potencialidades dos alunos\u201d, acrescenta Gobbi.<\/p>\n\n\n\n<p>As aulas no CETEC Fundamental iniciam no pr\u00f3ximo dia 2 de mar\u00e7o. <\/p>\n\n\n\n<figure class=\"wp-block-gallery has-nested-images columns-default is-cropped wp-block-gallery-3 is-layout-flex wp-block-gallery-is-layout-flex\">\n<figure class=\"wp-block-image size-large\"><img  decoding=\"async\"  data-id=\"72483\"  src=\"data:image\/png;base64,iVBORw0KGgoAAAANSUhEUgAAAAEAAAABAQMAAAAl21bKAAAAA1BMVEUAAP+KeNJXAAAAAXRSTlMAQObYZgAAAAlwSFlzAAAOxAAADsQBlSsOGwAAAApJREFUCNdjYAAAAAIAAeIhvDMAAAAASUVORK5CYII=\"  alt=\"\"  class=\"wp-image-72483 pk-lazyload\"  data-pk-sizes=\"auto\"  data-pk-src=\"https:\/\/radiosolaris.com.br\/beta\/wp-content\/uploads\/2022\/02\/Imagem02-1024x576.jpg\" ><\/figure>\n<\/figure>\n\n\n\n<p>Imagens do projeto: Setor de Projetos Civis UCS<\/p>\n","protected":false},"excerpt":{"rendered":"<p>Foram investidos R$ 4 milh\u00f5es para a implanta\u00e7\u00e3o da escola que funcionar\u00e1 no Bloco I da UCS A partir desta quarta-feira (23) Caxias do Sul ter\u00e1 nova escola de ensino&hellip;<\/p>\n","protected":false},"author":17,"featured_media":72481,"comment_status":"closed","ping_status":"closed","sticky":false,"template":"","format":"standard","meta":{"_lmt_disableupdate":"","_lmt_disable":"","footnotes":""},"categories":[83],"tags":[9994,148,9993,9995,9996,244,283,895],"powerkit_post_featured":[],"class_list":{"0":"post-72480","1":"post","2":"type-post","3":"status-publish","4":"format-standard","5":"has-post-thumbnail","7":"category-serra-gaucha","8":"tag-bloco-i","9":"tag-caxias-do-sul","10":"tag-cetec","11":"tag-escola-de-ensino-fundamental","12":"tag-fucs","13":"tag-inauguracao","14":"tag-serra-gaucha","15":"tag-ucs"},"modified_by":"Igor Panzenhagen","_links":{"self":[{"href":"https:\/\/radiosolaris.com.br\/beta\/wp-json\/wp\/v2\/posts\/72480","targetHints":{"allow":["GET"]}}],"collection":[{"href":"https:\/\/radiosolaris.com.br\/beta\/wp-json\/wp\/v2\/posts"}],"about":[{"href":"https:\/\/radiosolaris.com.br\/beta\/wp-json\/wp\/v2\/types\/post"}],"author":[{"embeddable":true,"href":"https:\/\/radiosolaris.com.br\/beta\/wp-json\/wp\/v2\/users\/17"}],"replies":[{"embeddable":true,"href":"https:\/\/radiosolaris.com.br\/beta\/wp-json\/wp\/v2\/comments?post=72480"}],"version-history":[{"count":0,"href":"https:\/\/radiosolaris.com.br\/beta\/wp-json\/wp\/v2\/posts\/72480\/revisions"}],"wp:featuredmedia":[{"embeddable":true,"href":"https:\/\/radiosolaris.com.br\/beta\/wp-json\/wp\/v2\/media\/72481"}],"wp:attachment":[{"href":"https:\/\/radiosolaris.com.br\/beta\/wp-json\/wp\/v2\/media?parent=72480"}],"wp:term":[{"taxonomy":"category","embeddable":true,"href":"https:\/\/radiosolaris.com.br\/beta\/wp-json\/wp\/v2\/categories?post=72480"},{"taxonomy":"post_tag","embeddable":true,"href":"https:\/\/radiosolaris.com.br\/beta\/wp-json\/wp\/v2\/tags?post=72480"},{"taxonomy":"powerkit_post_featured","embeddable":true,"href":"https:\/\/radiosolaris.com.br\/beta\/wp-json\/wp\/v2\/powerkit_post_featured?post=72480"}],"curies":[{"name":"wp","href":"https:\/\/api.w.org\/{rel}","templated":true}]}}