{"id":72198,"date":"2022-02-19T08:29:10","date_gmt":"2022-02-19T11:29:10","guid":{"rendered":"https:\/\/radiosolaris.com.br\/beta\/?p=72198"},"modified":"2022-02-21T09:48:58","modified_gmt":"2022-02-21T12:48:58","slug":"promulgadas-leis-municipais-em-antonio-prado","status":"publish","type":"post","link":"https:\/\/radiosolaris.com.br\/beta\/promulgadas-leis-municipais-em-antonio-prado\/","title":{"rendered":"Reajuste Salarial dos Servidores P\u00fablicos de Ant\u00f4nio Prado \u00e9 aprovado"},"content":{"rendered":"\n<h4 class=\"wp-block-heading\" id=\"os-servidores-publicos-tiveram-reajuste-salarial-e-aumento-no-vale-alimentacao\">Os servidores p\u00fablicos tiveram reajuste salarial e aumento no vale-alimenta\u00e7\u00e3o<\/h4>\n\n\n\n<p>Nesta sexta-feira (18), o prefeito Roberto Jos\u00e9 Dalle Molle, promulgou as Leis Municipais n\u00ba 3.272 e 3.273, que concedem revis\u00e3o geral ao quadro de servidores no percentual de 10,04% e aumento do vale alimenta\u00e7\u00e3o, passando de R$ 19,00 para R$ 23,00 por dia trabalhado. Os Projetos foram aprovados extraordinariamente pela C\u00e2mara de Vereadores de Ant\u00f4nio Prado no mesmo dia.<\/p>\n\n\n\n<p>Os valores concedidos aos servidores foram objeto de apurado estudo pela Secretaria da Fazenda a fim de n\u00e3o comprometer o or\u00e7amento do Munic\u00edpio e, especialmente, respeitar o limite de gastos com pessoal.<\/p>\n\n\n\n<p>O percentual de reajuste salarial correspondeu \u00e0 infla\u00e7\u00e3o acumulada do m\u00eas de dezembro e o aumento no vale levou em considera\u00e7\u00e3o os diversos anos de defasagem e o aumento dos custos com alimenta\u00e7\u00e3o nos \u00faltimos tempos.<\/p>\n\n\n\n<p>Fonte: Prefeitura de Ant\u00f4nio Prado<\/p>\n","protected":false},"excerpt":{"rendered":"<p>Os servidores p\u00fablicos tiveram reajuste salarial e aumento no vale-alimenta\u00e7\u00e3o Nesta sexta-feira (18), o prefeito Roberto Jos\u00e9 Dalle Molle, promulgou as Leis Municipais n\u00ba 3.272 e 3.273, que concedem revis\u00e3o&hellip;<\/p>\n","protected":false},"author":20,"featured_media":72199,"comment_status":"closed","ping_status":"closed","sticky":false,"template":"","format":"standard","meta":{"_lmt_disableupdate":"","_lmt_disable":"","footnotes":""},"categories":[1],"tags":[143,9936,574,575],"powerkit_post_featured":[],"class_list":{"0":"post-72198","1":"post","2":"type-post","3":"status-publish","4":"format-standard","5":"has-post-thumbnail","7":"category-geral","8":"tag-antonio-prado","9":"tag-leis-municipais","10":"tag-reajuste","11":"tag-vale-alimentacao"},"modified_by":"Gustavo Zanotto","_links":{"self":[{"href":"https:\/\/radiosolaris.com.br\/beta\/wp-json\/wp\/v2\/posts\/72198","targetHints":{"allow":["GET"]}}],"collection":[{"href":"https:\/\/radiosolaris.com.br\/beta\/wp-json\/wp\/v2\/posts"}],"about":[{"href":"https:\/\/radiosolaris.com.br\/beta\/wp-json\/wp\/v2\/types\/post"}],"author":[{"embeddable":true,"href":"https:\/\/radiosolaris.com.br\/beta\/wp-json\/wp\/v2\/users\/20"}],"replies":[{"embeddable":true,"href":"https:\/\/radiosolaris.com.br\/beta\/wp-json\/wp\/v2\/comments?post=72198"}],"version-history":[{"count":0,"href":"https:\/\/radiosolaris.com.br\/beta\/wp-json\/wp\/v2\/posts\/72198\/revisions"}],"wp:featuredmedia":[{"embeddable":true,"href":"https:\/\/radiosolaris.com.br\/beta\/wp-json\/wp\/v2\/media\/72199"}],"wp:attachment":[{"href":"https:\/\/radiosolaris.com.br\/beta\/wp-json\/wp\/v2\/media?parent=72198"}],"wp:term":[{"taxonomy":"category","embeddable":true,"href":"https:\/\/radiosolaris.com.br\/beta\/wp-json\/wp\/v2\/categories?post=72198"},{"taxonomy":"post_tag","embeddable":true,"href":"https:\/\/radiosolaris.com.br\/beta\/wp-json\/wp\/v2\/tags?post=72198"},{"taxonomy":"powerkit_post_featured","embeddable":true,"href":"https:\/\/radiosolaris.com.br\/beta\/wp-json\/wp\/v2\/powerkit_post_featured?post=72198"}],"curies":[{"name":"wp","href":"https:\/\/api.w.org\/{rel}","templated":true}]}}