{"id":72137,"date":"2022-02-18T15:00:03","date_gmt":"2022-02-18T18:00:03","guid":{"rendered":"https:\/\/radiosolaris.com.br\/beta\/?p=72137"},"modified":"2022-02-18T15:00:06","modified_gmt":"2022-02-18T18:00:06","slug":"eduardo-leite-faz-balanco-do-seu-governo-em-evento-da-cic-caxias","status":"publish","type":"post","link":"https:\/\/radiosolaris.com.br\/beta\/eduardo-leite-faz-balanco-do-seu-governo-em-evento-da-cic-caxias\/","title":{"rendered":"Eduardo Leite faz balan\u00e7o do seu governo em evento da CIC Caxias"},"content":{"rendered":"\n<h4 class=\"wp-block-heading\" id=\"governador-ratificou-que-nao-pretende-concorrer-a-reeleicao\">Governador ratificou que n\u00e3o pretende concorrer \u00e0 reelei\u00e7\u00e3o<\/h4>\n\n\n\n<p>O governador ga\u00facho Eduardo Leite foi o palestrante em evento da CIC Caxias (C\u00e2mara de Ind\u00fastria, Com\u00e9rcio e Servi\u00e7os de Caxias do Sul) na manh\u00e3 desta sexta-feira (18), na sede da entidade. Para um p\u00fablico de aproximadamente 200 pessoas, Eduardo Leite apresentou um panorama dos desafios que ainda restam \u00e0s finan\u00e7as do Rio Grande do Sul passada a fase do ajuste fiscal de curto prazo. \u201cO Rio Grande do Sul virou o jogo\u201d foi o tema de sua palestra.<\/p>\n\n\n\n<p>Depois de elencar as principais medidas que levaram o estado ao equil\u00edbrio fiscal, como redu\u00e7\u00e3o de gastos e pagamento dos sal\u00e1rios dos servidores em dia depois de 57 meses de atraso, o governador mencionou a d\u00edvida com a Uni\u00e3o e a d\u00edvida com precat\u00f3rios como duas situa\u00e7\u00f5es que ainda dever\u00e3o ser resolvidas nos pr\u00f3ximos anos, especialmente a regularidade e pontualidade nos pagamentos.<\/p>\n\n\n\n<p>Eduardo Leite disse ainda acreditar que o Rio Grande do Sul vive um novo ambiente econ\u00f4mico, com menos burocracia e mais digitaliza\u00e7\u00e3o, facilitando a vida do cidad\u00e3o e do empres\u00e1rio. Como consequ\u00eancia, o Rio Grande do Sul melhorou no ranking de abertura de empresas, mais de 18 mil normas foram revogadas e mais de duas mil est\u00e3o sendo atualizadas e modernizadas.<\/p>\n\n\n\n<p>Tamb\u00e9m de acordo com ele, o estado retomou a capacidade do investimento p\u00fablico. A proje\u00e7\u00e3o, acrescentou Leite, \u00e9 de R$ 5 bilh\u00f5es em investimentos com recursos pr\u00f3prios no ano de 2022. \u201cO governo ga\u00facho volta a fechar o ano no azul, com super\u00e1vit de R$ 2,55 bilh\u00f5es\u201d, comemorou, referindo-se ao resultado das reformas, privatiza\u00e7\u00f5es e aumento de arrecada\u00e7\u00e3o.<\/p>\n\n\n\n<p><strong>Voca\u00e7\u00e3o para a vida p\u00fablica<\/strong><\/p>\n\n\n\n<p>Em rela\u00e7\u00e3o ao cen\u00e1rio pol\u00edtico, e ap\u00f3s ser provocado pelo presidente da CIC Caxias, Celestino Oscar Loro, para que revelasse seu futuro pol\u00edtico, Eduardo Leite ratificou que n\u00e3o pretende concorrer \u00e0 reelei\u00e7\u00e3o. \u201cEu tenho sido demandado por diversas pessoas que entendem que a reelei\u00e7\u00e3o seria interessante. E agrade\u00e7o, isso me envaidece, sou um ser humano, e tenho minhas vaidades tamb\u00e9m, como qualquer um. Mas entendo que minha miss\u00e3o foi e est\u00e1 sendo cumprida neste per\u00edodo, e que a gente pode passar o bast\u00e3o adiante, garantindo a continuidade do projeto para o estado. Mais importante do que a pessoa, \u00e9 o projeto\u201d, afirmou Eduardo Leite.<\/p>\n\n\n\n<figure class=\"wp-block-gallery has-nested-images columns-default is-cropped wp-block-gallery-1 is-layout-flex wp-block-gallery-is-layout-flex\">\n<figure class=\"wp-block-image size-large\"><a href=\"https:\/\/radiosolaris.com.br\/beta\/wp-content\/uploads\/2022\/02\/WhatsApp-Image-2022-02-18-at-14.57.40.jpeg\"><img  decoding=\"async\"  data-id=\"72138\"  src=\"data:image\/png;base64,iVBORw0KGgoAAAANSUhEUgAAAAEAAAABAQMAAAAl21bKAAAAA1BMVEUAAP+KeNJXAAAAAXRSTlMAQObYZgAAAAlwSFlzAAAOxAAADsQBlSsOGwAAAApJREFUCNdjYAAAAAIAAeIhvDMAAAAASUVORK5CYII=\"  alt=\"\"  class=\"wp-image-72138 pk-lazyload\"  data-pk-sizes=\"auto\"  data-pk-src=\"https:\/\/radiosolaris.com.br\/beta\/wp-content\/uploads\/2022\/02\/WhatsApp-Image-2022-02-18-at-14.57.40-1024x768.jpeg\" ><\/a><\/figure>\n<figcaption class=\"blocks-gallery-caption\">Foto: Luciano Pettorini\/Grupo Solaris<\/figcaption><\/figure>\n","protected":false},"excerpt":{"rendered":"<p>Governador ratificou que n\u00e3o pretende concorrer \u00e0 reelei\u00e7\u00e3o O governador ga\u00facho Eduardo Leite foi o palestrante em evento da CIC Caxias (C\u00e2mara de Ind\u00fastria, Com\u00e9rcio e Servi\u00e7os de Caxias do&hellip;<\/p>\n","protected":false},"author":19,"featured_media":72138,"comment_status":"closed","ping_status":"closed","sticky":false,"template":"","format":"standard","meta":{"_lmt_disableupdate":"","_lmt_disable":"","footnotes":""},"categories":[83],"tags":[148,1538,1630,1978,612,283],"powerkit_post_featured":[],"class_list":{"0":"post-72137","1":"post","2":"type-post","3":"status-publish","4":"format-standard","5":"has-post-thumbnail","7":"category-serra-gaucha","8":"tag-caxias-do-sul","9":"tag-cic","10":"tag-eduardo-leite","11":"tag-governador","12":"tag-palestra","13":"tag-serra-gaucha"},"modified_by":"Luciano Pettorini","_links":{"self":[{"href":"https:\/\/radiosolaris.com.br\/beta\/wp-json\/wp\/v2\/posts\/72137","targetHints":{"allow":["GET"]}}],"collection":[{"href":"https:\/\/radiosolaris.com.br\/beta\/wp-json\/wp\/v2\/posts"}],"about":[{"href":"https:\/\/radiosolaris.com.br\/beta\/wp-json\/wp\/v2\/types\/post"}],"author":[{"embeddable":true,"href":"https:\/\/radiosolaris.com.br\/beta\/wp-json\/wp\/v2\/users\/19"}],"replies":[{"embeddable":true,"href":"https:\/\/radiosolaris.com.br\/beta\/wp-json\/wp\/v2\/comments?post=72137"}],"version-history":[{"count":0,"href":"https:\/\/radiosolaris.com.br\/beta\/wp-json\/wp\/v2\/posts\/72137\/revisions"}],"wp:featuredmedia":[{"embeddable":true,"href":"https:\/\/radiosolaris.com.br\/beta\/wp-json\/wp\/v2\/media\/72138"}],"wp:attachment":[{"href":"https:\/\/radiosolaris.com.br\/beta\/wp-json\/wp\/v2\/media?parent=72137"}],"wp:term":[{"taxonomy":"category","embeddable":true,"href":"https:\/\/radiosolaris.com.br\/beta\/wp-json\/wp\/v2\/categories?post=72137"},{"taxonomy":"post_tag","embeddable":true,"href":"https:\/\/radiosolaris.com.br\/beta\/wp-json\/wp\/v2\/tags?post=72137"},{"taxonomy":"powerkit_post_featured","embeddable":true,"href":"https:\/\/radiosolaris.com.br\/beta\/wp-json\/wp\/v2\/powerkit_post_featured?post=72137"}],"curies":[{"name":"wp","href":"https:\/\/api.w.org\/{rel}","templated":true}]}}