{"id":72126,"date":"2022-02-18T14:17:31","date_gmt":"2022-02-18T17:17:31","guid":{"rendered":"https:\/\/radiosolaris.com.br\/beta\/?p=72126"},"modified":"2022-02-18T14:35:10","modified_gmt":"2022-02-18T17:35:10","slug":"prosseguem-as-obras-de-reforma-e-ampliacao-no-hospital-de-nova-prata","status":"publish","type":"post","link":"https:\/\/radiosolaris.com.br\/beta\/prosseguem-as-obras-de-reforma-e-ampliacao-no-hospital-de-nova-prata\/","title":{"rendered":"Prosseguem as obras de reforma e amplia\u00e7\u00e3o no Hospital de Nova Prata"},"content":{"rendered":"\n<h4 class=\"wp-block-heading\" id=\"obras-de-ampliacao-e-reforma-do-centro-obstetrico-deverao-estar-concluidas-em-abril\">Obras de amplia\u00e7\u00e3o e reforma do centro obst\u00e9trico dever\u00e3o estar conclu\u00eddas em abril<\/h4>\n\n\n\n<p>O hospital de Nova Prata, S\u00e3o Jo\u00e3o Batista (HSJB), iniciou em novembro de 2021, a reforma e amplia\u00e7\u00e3o do centro obst\u00e9trico e do centro cir\u00fargico. Atualizamos o est\u00e1gio das obras na quarta-feira, (16): A parte el\u00e9trica interna est\u00e1 em fase de conclus\u00e3o. Est\u00e3o sendo colocadas as mantas para isolamento ac\u00fastico e o fechamento das paredes de gesso est\u00e1 em andamento.<\/p>\n\n\n\n<p>As obras de reforma e amplia\u00e7\u00e3o do centro obst\u00e9trico compreendem sala de espera exclusiva e dois quartos equipados para parto humanizado: camas espec\u00edficas, ambientes climatizados, som ambiente \u00e0 escolha da paciente, luz de cromoterapia, \u00e1rea para movimenta\u00e7\u00e3o, bola para exerc\u00edcios, ber\u00e7o aquecido, al\u00e9m de todo o aparato humano. Um dos quartos tamb\u00e9m ter\u00e1 banheira.<\/p>\n\n\n\n<p>Al\u00e9m de todo o conforto no centro obst\u00e9trico, outra mudan\u00e7a beneficiar\u00e1 a mulher neste momento especial: da recep\u00e7\u00e3o, ela ir\u00e1 diretamente para o centro obst\u00e9trico, com direito a acompanhante, e ap\u00f3s o nascimento, por elevador, at\u00e9 a maternidade, otimizando o deslocamento.<\/p>\n\n\n\n<p>Quando a \u00e1rea da obstetr\u00edcia estiver conclu\u00edda, incluindo a nova sala de recupera\u00e7\u00e3o, as obras iniciar\u00e3o no centro cir\u00fargico. O projeto prev\u00ea reforma nas quatro salas cir\u00fargicas (piso e paredes) e outra sala nova onde hoje est\u00e1 instalada a de recupera\u00e7\u00e3o que, por sua vez, tamb\u00e9m ter\u00e1 a capacidade de leitos ampliada de seis para nove, sendo dois exclusivos para p\u00f3s-ces\u00e1rea.<\/p>\n\n\n\n<p>A \u00e1rea total a receber melhorias \u00e9 de 899,67 metros quadrados.<\/p>\n\n\n\n<p>&#8211; A etapa mais dif\u00edcil j\u00e1 foi executada, ent\u00e3o a previs\u00e3o de conclus\u00e3o das obras no centro obst\u00e9trico \u00e9 para final de abril \u2013 explica o administrador, Marcos Santori.<\/p>\n\n\n\n<p>O projeto foi desenvolvido pelas arquitetas Euduci &nbsp;L\u00facia Lazzarotto Stringhi e J\u00falia Cavalleri, da LS Arquitetura, e Maria Helena Endres Durli e Vanuza Campagnollo, da MHV Arquitetura.<br>Toda a estrutura \u00e9 destinada a pacientes do Sistema \u00danico de Sa\u00fade (SUS), conv\u00eanios e particulares.<\/p>\n\n\n\n<figure class=\"wp-block-gallery has-nested-images columns-default is-cropped wp-block-gallery-1 is-layout-flex wp-block-gallery-is-layout-flex\">\n<figure class=\"wp-block-image size-large is-style-default\"><a href=\"https:\/\/radiosolaris.com.br\/beta\/wp-content\/uploads\/2022\/02\/Em-andamento-tambem-a-instalacao-eletrica-e-fechamento-das-paredes-de-gesso-scaled.jpg\"><img  loading=\"lazy\"  decoding=\"async\"  width=\"1024\"  height=\"680\"  data-id=\"72131\"  src=\"data:image\/png;base64,iVBORw0KGgoAAAANSUhEUgAAAAEAAAABAQMAAAAl21bKAAAAA1BMVEUAAP+KeNJXAAAAAXRSTlMAQObYZgAAAAlwSFlzAAAOxAAADsQBlSsOGwAAAApJREFUCNdjYAAAAAIAAeIhvDMAAAAASUVORK5CYII=\"  alt=\"\"  class=\"wp-image-72131 pk-lazyload\"  data-pk-sizes=\"auto\"  data-ls-sizes=\"auto, (max-width: 1024px) 100vw, 1024px\"  data-pk-src=\"https:\/\/radiosolaris.com.br\/beta\/wp-content\/uploads\/2022\/02\/Em-andamento-tambem-a-instalacao-eletrica-e-fechamento-das-paredes-de-gesso-1024x680.jpg\"  data-pk-srcset=\"https:\/\/radiosolaris.com.br\/beta\/wp-content\/uploads\/2022\/02\/Em-andamento-tambem-a-instalacao-eletrica-e-fechamento-das-paredes-de-gesso-1024x680.jpg 1024w, https:\/\/radiosolaris.com.br\/beta\/wp-content\/uploads\/2022\/02\/Em-andamento-tambem-a-instalacao-eletrica-e-fechamento-das-paredes-de-gesso-300x199.jpg 300w, https:\/\/radiosolaris.com.br\/beta\/wp-content\/uploads\/2022\/02\/Em-andamento-tambem-a-instalacao-eletrica-e-fechamento-das-paredes-de-gesso-768x510.jpg 768w, https:\/\/radiosolaris.com.br\/beta\/wp-content\/uploads\/2022\/02\/Em-andamento-tambem-a-instalacao-eletrica-e-fechamento-das-paredes-de-gesso.jpg 1280w\" ><\/a><\/figure>\n\n\n\n<figure class=\"wp-block-image size-large is-style-default\"><a href=\"https:\/\/radiosolaris.com.br\/beta\/wp-content\/uploads\/2022\/02\/Neste-estagio-esta-acontecendo-a-colocacao-de-manta-para-isolamento-acustico-scaled.jpg\"><img  decoding=\"async\"  data-id=\"72130\"  src=\"data:image\/png;base64,iVBORw0KGgoAAAANSUhEUgAAAAEAAAABAQMAAAAl21bKAAAAA1BMVEUAAP+KeNJXAAAAAXRSTlMAQObYZgAAAAlwSFlzAAAOxAAADsQBlSsOGwAAAApJREFUCNdjYAAAAAIAAeIhvDMAAAAASUVORK5CYII=\"  alt=\"\"  class=\"wp-image-72130 pk-lazyload\"  data-pk-sizes=\"auto\"  data-pk-src=\"https:\/\/radiosolaris.com.br\/beta\/wp-content\/uploads\/2022\/02\/Neste-estagio-esta-acontecendo-a-colocacao-de-manta-para-isolamento-acustico-1024x680.jpg\" ><\/a><\/figure>\n\n\n\n<figure class=\"wp-block-image size-large is-style-default\"><a href=\"https:\/\/radiosolaris.com.br\/beta\/wp-content\/uploads\/2022\/02\/Projeto-do-espaco-para-parto-humanizado.jpg\"><img  decoding=\"async\"  data-id=\"72128\"  src=\"data:image\/png;base64,iVBORw0KGgoAAAANSUhEUgAAAAEAAAABAQMAAAAl21bKAAAAA1BMVEUAAP+KeNJXAAAAAXRSTlMAQObYZgAAAAlwSFlzAAAOxAAADsQBlSsOGwAAAApJREFUCNdjYAAAAAIAAeIhvDMAAAAASUVORK5CYII=\"  alt=\"\"  class=\"wp-image-72128 pk-lazyload\"  data-pk-sizes=\"auto\"  data-pk-src=\"https:\/\/radiosolaris.com.br\/beta\/wp-content\/uploads\/2022\/02\/Projeto-do-espaco-para-parto-humanizado-1024x576.jpg\" ><\/a><\/figure>\n\n\n\n<figure class=\"wp-block-image size-large is-style-default\"><a href=\"https:\/\/radiosolaris.com.br\/beta\/wp-content\/uploads\/2022\/02\/Projeto-do-espaco-para-parto-humanizado1.jpg\"><img  decoding=\"async\"  data-id=\"72129\"  src=\"data:image\/png;base64,iVBORw0KGgoAAAANSUhEUgAAAAEAAAABAQMAAAAl21bKAAAAA1BMVEUAAP+KeNJXAAAAAXRSTlMAQObYZgAAAAlwSFlzAAAOxAAADsQBlSsOGwAAAApJREFUCNdjYAAAAAIAAeIhvDMAAAAASUVORK5CYII=\"  alt=\"\"  class=\"wp-image-72129 pk-lazyload\"  data-pk-sizes=\"auto\"  data-pk-src=\"https:\/\/radiosolaris.com.br\/beta\/wp-content\/uploads\/2022\/02\/Projeto-do-espaco-para-parto-humanizado1-1024x575.jpg\" ><\/a><\/figure>\n<\/figure>\n\n\n\n<p>Imagens do projeto: LS Arquitetura<\/p>\n\n\n\n<p>Sonia Reginato &#8211; Assessoria de Comunica\u00e7\u00e3o<\/p>\n","protected":false},"excerpt":{"rendered":"<p>Obras de amplia\u00e7\u00e3o e reforma do centro obst\u00e9trico dever\u00e3o estar conclu\u00eddas em abril O hospital de Nova Prata, S\u00e3o Jo\u00e3o Batista (HSJB), iniciou em novembro de 2021, a reforma e&hellip;<\/p>\n","protected":false},"author":1,"featured_media":72129,"comment_status":"closed","ping_status":"closed","sticky":false,"template":"","format":"standard","meta":{"_lmt_disableupdate":"","_lmt_disable":"","footnotes":""},"categories":[93,83],"tags":[7164,867,283],"powerkit_post_featured":[],"class_list":{"0":"post-72126","1":"post","2":"type-post","3":"status-publish","4":"format-standard","5":"has-post-thumbnail","7":"category-noticias-rs","8":"category-serra-gaucha","9":"tag-hospital-sao-joao-batista","10":"tag-nova-prata","11":"tag-serra-gaucha"},"modified_by":"Gustavo Zanotto","_links":{"self":[{"href":"https:\/\/radiosolaris.com.br\/beta\/wp-json\/wp\/v2\/posts\/72126","targetHints":{"allow":["GET"]}}],"collection":[{"href":"https:\/\/radiosolaris.com.br\/beta\/wp-json\/wp\/v2\/posts"}],"about":[{"href":"https:\/\/radiosolaris.com.br\/beta\/wp-json\/wp\/v2\/types\/post"}],"author":[{"embeddable":true,"href":"https:\/\/radiosolaris.com.br\/beta\/wp-json\/wp\/v2\/users\/1"}],"replies":[{"embeddable":true,"href":"https:\/\/radiosolaris.com.br\/beta\/wp-json\/wp\/v2\/comments?post=72126"}],"version-history":[{"count":0,"href":"https:\/\/radiosolaris.com.br\/beta\/wp-json\/wp\/v2\/posts\/72126\/revisions"}],"wp:featuredmedia":[{"embeddable":true,"href":"https:\/\/radiosolaris.com.br\/beta\/wp-json\/wp\/v2\/media\/72129"}],"wp:attachment":[{"href":"https:\/\/radiosolaris.com.br\/beta\/wp-json\/wp\/v2\/media?parent=72126"}],"wp:term":[{"taxonomy":"category","embeddable":true,"href":"https:\/\/radiosolaris.com.br\/beta\/wp-json\/wp\/v2\/categories?post=72126"},{"taxonomy":"post_tag","embeddable":true,"href":"https:\/\/radiosolaris.com.br\/beta\/wp-json\/wp\/v2\/tags?post=72126"},{"taxonomy":"powerkit_post_featured","embeddable":true,"href":"https:\/\/radiosolaris.com.br\/beta\/wp-json\/wp\/v2\/powerkit_post_featured?post=72126"}],"curies":[{"name":"wp","href":"https:\/\/api.w.org\/{rel}","templated":true}]}}