{"id":71881,"date":"2022-02-15T19:41:44","date_gmt":"2022-02-15T22:41:44","guid":{"rendered":"https:\/\/radiosolaris.com.br\/beta\/?p=71881"},"modified":"2022-02-15T19:41:46","modified_gmt":"2022-02-15T22:41:46","slug":"caderode-e-brisa-casa-inauguram-juntas-loja-em-porto-alegre","status":"publish","type":"post","link":"https:\/\/radiosolaris.com.br\/beta\/caderode-e-brisa-casa-inauguram-juntas-loja-em-porto-alegre\/","title":{"rendered":"Caderode e Brisa Casa inauguram juntas loja em Porto Alegre"},"content":{"rendered":"\n<h4 class=\"wp-block-heading\" id=\"o-estabelecimento-amplia-a-oferta-de-produtos-para-ambientes-corporativos-e-residenciais\">O estabelecimento amplia a oferta de produtos para ambientes corporativos e residenciais<\/h4>\n\n\n\n<p>A capital ga\u00facha acaba de receber a primeira loja com estrutura Caderode M\u00f3veis Corporativos e Brisa Casa no mesmo projeto, com op\u00e7\u00f5es complementares de produtos para ambientes corporativos e residenciais. Estrategicamente localizado na Rua Jo\u00e3o Wallig, no Bairro Ch\u00e1cara das Pedras, o moderno projeto contempla ambiente externo com Rooftop, aliando conforto, atendimento diferenciado e novas experi\u00eancias de consumo aos clientes, al\u00e9m de muitas surpresas \u2013 entre elas, decora\u00e7\u00e3o especial com espa\u00e7o \u00e0s artes pl\u00e1sticas e \u00e0 fotografia.<\/p>\n\n\n\n<p>O investimento no projeto \u00e9 de aproximadamente R$ 1 milh\u00e3o e integra o plano de a\u00e7\u00e3o de fortalecimento da marca Caderode no mercado, refor\u00e7ando sua tradi\u00e7\u00e3o e confiabilidade de mais de 27 anos. \u201cEstamos atentos em oferecer uma solu\u00e7\u00e3o completa de produtos de qualidade e com competitividade, conforme as expectativas do mercado atual. Nosso intuito \u00e9 honrar o hist\u00f3rico de entregas da marca Caderode, que sempre foi baseado na valoriza\u00e7\u00e3o do bem-estar do usu\u00e1rio no seu ambiente de trabalho, seja ele onde for\u201d, comenta o empres\u00e1rio Miguel Enriconi, que vai dividir a gest\u00e3o do novo empreendimento com a empres\u00e1ria Andr\u00e9a Antinolfi. Ele adianta que, pelo menos, 8 novos postos de trabalho ser\u00e3o gerados de forma direta e indireta.<\/p>\n\n\n\n<figure class=\"wp-block-gallery has-nested-images columns-default is-cropped wp-block-gallery-1 is-layout-flex wp-block-gallery-is-layout-flex\">\n<figure class=\"wp-block-image size-large\"><img  decoding=\"async\"  data-id=\"71883\"  src=\"data:image\/png;base64,iVBORw0KGgoAAAANSUhEUgAABIgAAAMGAQMAAACj\/y2mAAAAA1BMVEUAAP+KeNJXAAAAAXRSTlMAQObYZgAAAAlwSFlzAAAOxAAADsQBlSsOGwAAAINJREFUeNrtwQEBAAAAgiD\/r25IQAEAAAAAAAAAAAAAAAAAAAAAAAAAAAAAAAAAAAAAAAAAAAAAAAAAAAAAAAAAAAAAAAAAAAAAAAAAAAAAAAAAAAAAAAAAAAAAAAAAAAAAAAAAAAAAAAAAAAAAAAAAAAAAAAAAAAAAAAAAAAAAAADwbrl7AAHvW\/FXAAAAAElFTkSuQmCC\"  alt=\"\"  class=\"wp-image-71883 pk-lazyload\"  data-pk-sizes=\"auto\"  data-pk-src=\"https:\/\/radiosolaris.com.br\/beta\/wp-content\/uploads\/2022\/02\/EXTERNA--1024x683.jpg\" ><\/figure>\n<\/figure>\n\n\n\n<p>A nova loja da Caderode em Porto Alegre consolida tamb\u00e9m o Hub de Solu\u00e7\u00f5es da marca, que oferece aos consumidores, al\u00e9m do j\u00e1 dispon\u00edvel mobili\u00e1rio para escrit\u00f3rio, cadeiras e divis\u00f3rias, um mix completo de produtos que complementam o office do cliente. L\u00e1 tamb\u00e9m ser\u00e3o oferecidos itens de decora\u00e7\u00e3o e acess\u00f3rios, al\u00e9m das marcas Metalco, Vila Nobre, Trilho Su\u00edsso, W3 e a Loja exclusiva da Brisa Casa.<\/p>\n\n\n\n<p>\u201cO Hub de Solu\u00e7\u00f5es, lan\u00e7ado em 2021 pela Caderode nas 30 lojas da marca, proporciona ao cliente uma experi\u00eancia \u00fanica por dispormos, al\u00e9m dos nossos produtos, de itens de parceiros que oferecem todas as solu\u00e7\u00f5es em um \u00fanico ponto de venda. Temos certeza que Brisa e Caderode juntas conquistar\u00e3o o mercado de Porto Alegre com for\u00e7a\u201d, pontua o diretor-presidente da Caderode, Volnei Dond\u00e9.<\/p>\n\n\n\n<p>\u201cO modelo Store in Store nos possibilita estar presente de forma robusta nos locais, aumentando nossa capilaridade e oferecendo ao mercado uma solu\u00e7\u00e3o completa. Temos experi\u00eancia nesse modelo e a Caderode \u00e9 uma marca que tem esse processo bem alinhado conosco\u201d, destaca Denilton Costa, CEO da Brisa Casa, marca que tem claro posicionamento no mercado de decora\u00e7\u00e3o, mobili\u00e1rio decorativo e colaborativo.<\/p>\n\n\n\n<p>Com o novo espa\u00e7o em Porto Alegre, j\u00e1 s\u00e3o mais de 30 lojas da Caderode presentes em todo o Brasil, al\u00e9m de Costa Rica, Bol\u00edvia, Paraguai e Uruguai. Para 2022, outras 5 novas lojas ser\u00e3o inauguradas: Florian\u00f3polis \u2013 SC ainda em fevereiro; Aracaju \u2013 SE; Bras\u00edlia \u2013 DF; Dourados \u2013 MS e Rio Verde \u2013 GO.<\/p>\n\n\n\n<figure class=\"wp-block-gallery has-nested-images columns-default is-cropped wp-block-gallery-2 is-layout-flex wp-block-gallery-is-layout-flex\">\n<figure class=\"wp-block-image size-large\"><img  decoding=\"async\"  data-id=\"71882\"  src=\"data:image\/png;base64,iVBORw0KGgoAAAANSUhEUgAAAAEAAAABAQMAAAAl21bKAAAAA1BMVEUAAP+KeNJXAAAAAXRSTlMAQObYZgAAAAlwSFlzAAAOxAAADsQBlSsOGwAAAApJREFUCNdjYAAAAAIAAeIhvDMAAAAASUVORK5CYII=\"  alt=\"\"  class=\"wp-image-71882 pk-lazyload\"  data-pk-sizes=\"auto\"  data-pk-src=\"https:\/\/radiosolaris.com.br\/beta\/wp-content\/uploads\/2022\/02\/ChristianoCardoso-8648-1024x683.jpg\" ><\/figure>\n<\/figure>\n\n\n\n<h4 class=\"wp-block-heading\" id=\"sobre-a-caderode\">Sobre a Caderode<\/h4>\n\n\n\n<p>A Caderode \u00e9 destaque no mercado nacional de mobili\u00e1rio corporativo. Fundada em 1994, \u00e9 comandada pelos s\u00f3cios Volnei e Valdezir Dond\u00e9 e atualmente \u00e9 respons\u00e1vel pela gera\u00e7\u00e3o de cerca de 170 empregos diretos e mais de 300 indiretos. A empresa de Flores da Cunha (RS) investe constantemente em novas m\u00e1quinas e tecnologia para o parque fabril de 15 mil metros quadrados, que est\u00e1 sendo repaginado. Disp\u00f5e de um laborat\u00f3rio pr\u00f3prio para testes e todos os seus produtos s\u00e3o fabricados seguindo as normas da ABNT. Al\u00e9m disso, conta com a certifica\u00e7\u00e3o FSC \u2013 uma das mais importantes do segmento, que garante que a madeira utilizada em todos os processos produtivos \u00e9 proveniente de reflorestamento.<\/p>\n\n\n\n<figure class=\"wp-block-gallery has-nested-images columns-default is-cropped wp-block-gallery-3 is-layout-flex wp-block-gallery-is-layout-flex\">\n<figure class=\"wp-block-image size-large\"><img  decoding=\"async\"  data-id=\"71884\"  src=\"data:image\/png;base64,iVBORw0KGgoAAAANSUhEUgAAAAEAAAABAQMAAAAl21bKAAAAA1BMVEUAAP+KeNJXAAAAAXRSTlMAQObYZgAAAAlwSFlzAAAOxAAADsQBlSsOGwAAAApJREFUCNdjYAAAAAIAAeIhvDMAAAAASUVORK5CYII=\"  alt=\"\"  class=\"wp-image-71884 pk-lazyload\"  data-pk-sizes=\"auto\"  data-pk-src=\"https:\/\/radiosolaris.com.br\/beta\/wp-content\/uploads\/2022\/02\/Miguel-Enriconi-e-Andre\u0301a-Antinolfi-1024x681.jpg\" ><figcaption>Miguel Enriconi e Andr\u00e9a Antinolfi<\/figcaption><\/figure>\n<\/figure>\n\n\n\n<h4 class=\"wp-block-heading\" id=\"sobre-a-brisa-casa\">Sobre a Brisa Casa:<\/h4>\n\n\n\n<p>A marca Brisa Casa \u00e9 sin\u00f4nimo de excel\u00eancia em m\u00f3veis artesanais contempor\u00e2neos, que tem como objetivo apresentar as melhores solu\u00e7\u00f5es de produtos para mercado de decora\u00e7\u00e3o, mobili\u00e1rio decorativo, colaborativo com produtos de design, ergonomia e que geram bem-estar. A sensibilidade e o talento do artes\u00e3o s\u00e3o revelados em cada detalhe. Todos os m\u00f3veis s\u00e3o feitos individualmente, com todo o cuidado inerente ao trabalho artesanal e respeitando a natureza. Os produtos Brisa expressam personalidade e bom gosto.<\/p>\n\n\n\n<p><\/p>\n\n\n\n<p>Fotos: Christiano Cardoso<\/p>\n","protected":false},"excerpt":{"rendered":"<p>O estabelecimento amplia a oferta de produtos para ambientes corporativos e residenciais A capital ga\u00facha acaba de receber a primeira loja com estrutura Caderode M\u00f3veis Corporativos e Brisa Casa no&hellip;<\/p>\n","protected":false},"author":17,"featured_media":71883,"comment_status":"closed","ping_status":"closed","sticky":false,"template":"","format":"standard","meta":{"_lmt_disableupdate":"","_lmt_disable":"","footnotes":""},"categories":[83],"tags":[9880,9879,7491,6562,244,2122,283],"powerkit_post_featured":[],"class_list":{"0":"post-71881","1":"post","2":"type-post","3":"status-publish","4":"format-standard","5":"has-post-thumbnail","7":"category-serra-gaucha","8":"tag-ambientes-corporativos","9":"tag-brisa-casa","10":"tag-caderode","11":"tag-empreendedorismo","12":"tag-inauguracao","13":"tag-porto-alegre","14":"tag-serra-gaucha"},"modified_by":"Igor Panzenhagen","_links":{"self":[{"href":"https:\/\/radiosolaris.com.br\/beta\/wp-json\/wp\/v2\/posts\/71881","targetHints":{"allow":["GET"]}}],"collection":[{"href":"https:\/\/radiosolaris.com.br\/beta\/wp-json\/wp\/v2\/posts"}],"about":[{"href":"https:\/\/radiosolaris.com.br\/beta\/wp-json\/wp\/v2\/types\/post"}],"author":[{"embeddable":true,"href":"https:\/\/radiosolaris.com.br\/beta\/wp-json\/wp\/v2\/users\/17"}],"replies":[{"embeddable":true,"href":"https:\/\/radiosolaris.com.br\/beta\/wp-json\/wp\/v2\/comments?post=71881"}],"version-history":[{"count":0,"href":"https:\/\/radiosolaris.com.br\/beta\/wp-json\/wp\/v2\/posts\/71881\/revisions"}],"wp:featuredmedia":[{"embeddable":true,"href":"https:\/\/radiosolaris.com.br\/beta\/wp-json\/wp\/v2\/media\/71883"}],"wp:attachment":[{"href":"https:\/\/radiosolaris.com.br\/beta\/wp-json\/wp\/v2\/media?parent=71881"}],"wp:term":[{"taxonomy":"category","embeddable":true,"href":"https:\/\/radiosolaris.com.br\/beta\/wp-json\/wp\/v2\/categories?post=71881"},{"taxonomy":"post_tag","embeddable":true,"href":"https:\/\/radiosolaris.com.br\/beta\/wp-json\/wp\/v2\/tags?post=71881"},{"taxonomy":"powerkit_post_featured","embeddable":true,"href":"https:\/\/radiosolaris.com.br\/beta\/wp-json\/wp\/v2\/powerkit_post_featured?post=71881"}],"curies":[{"name":"wp","href":"https:\/\/api.w.org\/{rel}","templated":true}]}}