{"id":71867,"date":"2022-02-15T15:00:03","date_gmt":"2022-02-15T18:00:03","guid":{"rendered":"https:\/\/radiosolaris.com.br\/beta\/?p=71867"},"modified":"2022-02-15T15:00:06","modified_gmt":"2022-02-15T18:00:06","slug":"acidente-com-caminhao-deixa-dois-feridos-em-carlos-barbosa","status":"publish","type":"post","link":"https:\/\/radiosolaris.com.br\/beta\/acidente-com-caminhao-deixa-dois-feridos-em-carlos-barbosa\/","title":{"rendered":"Acidente com caminh\u00e3o deixa dois feridos em Carlos Barbosa"},"content":{"rendered":"\n<h4 class=\"wp-block-heading\" id=\"motorista-teve-ferimentos-leves-passageiro-ficou-preso-as-ferragens-e-precisou-ser-removido-com-uso-do-desencarcerador\">Motorista teve ferimentos leves. Passageiro ficou preso \u00e0s ferragens e precisou ser removido com uso do desencarcerador<\/h4>\n\n\n\n<p>Dois homens ficaram feridos em um acidente de tr\u00e2nsito com caminh\u00e3o, na tarde desta segunda-feira (14), em Carlos Barbosa. O fato aconteceu por volta das 15h, na RS 446, no bairro S\u00e3o vendelino.<\/p>\n\n\n\n<p>De acordo com o Corpo de Bombeiros Militar de Bento Gon\u00e7alves, ao chegar no local a guarni\u00e7\u00e3o encontrou o motorista do ve\u00edculo, um homem de 28 anos, com ferimentos leves. Ele foi conduzido ao atendimento hospitalar pela equipe dos bombeiros volunt\u00e1rios de Carlos Barbosa.<\/p>\n\n\n\n<p>O caroneiro, um jovem de 19 anos, ficou preso \u00e0s ferragens do ve\u00edculo. A equipe do Corpo de Bombeiros de Bento Gon\u00e7alves teve que fazer uso do equipamento desencarcerador para o resgate com seguran\u00e7a da v\u00edtima. O jovem foi avaliado e imobilizado pela equipe de bombeiros e encaminhado, ainda consciente, pelo SAMU (Servi\u00e7o M\u00f3vel de Atendimento de Urg\u00eancia) para atendimento hospitalar.<\/p>\n\n\n\n<figure class=\"wp-block-gallery has-nested-images columns-2 is-cropped wp-block-gallery-1 is-layout-flex wp-block-gallery-is-layout-flex\">\n<figure class=\"wp-block-image size-large\"><a href=\"https:\/\/radiosolaris.com.br\/beta\/wp-content\/uploads\/2022\/02\/273763862_4887559654639780_4750742804158902068_n.jpg\"><img  loading=\"lazy\"  decoding=\"async\"  width=\"1024\"  height=\"1024\"  data-id=\"71870\"  src=\"data:image\/png;base64,iVBORw0KGgoAAAANSUhEUgAAAAEAAAABAQMAAAAl21bKAAAAA1BMVEUAAP+KeNJXAAAAAXRSTlMAQObYZgAAAAlwSFlzAAAOxAAADsQBlSsOGwAAAApJREFUCNdjYAAAAAIAAeIhvDMAAAAASUVORK5CYII=\"  alt=\"\"  class=\"wp-image-71870 pk-lazyload\"  data-pk-sizes=\"auto\"  data-ls-sizes=\"auto, (max-width: 1024px) 100vw, 1024px\"  data-pk-src=\"https:\/\/radiosolaris.com.br\/beta\/wp-content\/uploads\/2022\/02\/273763862_4887559654639780_4750742804158902068_n-1024x1024.jpg\"  data-pk-srcset=\"https:\/\/radiosolaris.com.br\/beta\/wp-content\/uploads\/2022\/02\/273763862_4887559654639780_4750742804158902068_n-1024x1024.jpg 1024w, https:\/\/radiosolaris.com.br\/beta\/wp-content\/uploads\/2022\/02\/273763862_4887559654639780_4750742804158902068_n-150x150.jpg 150w, https:\/\/radiosolaris.com.br\/beta\/wp-content\/uploads\/2022\/02\/273763862_4887559654639780_4750742804158902068_n-300x300.jpg 300w, https:\/\/radiosolaris.com.br\/beta\/wp-content\/uploads\/2022\/02\/273763862_4887559654639780_4750742804158902068_n-768x768.jpg 768w, https:\/\/radiosolaris.com.br\/beta\/wp-content\/uploads\/2022\/02\/273763862_4887559654639780_4750742804158902068_n.jpg 1242w\" ><\/a><\/figure>\n\n\n\n<figure class=\"wp-block-image size-large\"><a href=\"https:\/\/radiosolaris.com.br\/beta\/wp-content\/uploads\/2022\/02\/274169269_4887559647973114_8138310879444964589_n.jpg\"><img  decoding=\"async\"  data-id=\"71869\"  src=\"data:image\/png;base64,iVBORw0KGgoAAAANSUhEUgAAAAEAAAABAQMAAAAl21bKAAAAA1BMVEUAAP+KeNJXAAAAAXRSTlMAQObYZgAAAAlwSFlzAAAOxAAADsQBlSsOGwAAAApJREFUCNdjYAAAAAIAAeIhvDMAAAAASUVORK5CYII=\"  alt=\"\"  class=\"wp-image-71869 pk-lazyload\"  data-pk-sizes=\"auto\"  data-pk-src=\"https:\/\/radiosolaris.com.br\/beta\/wp-content\/uploads\/2022\/02\/274169269_4887559647973114_8138310879444964589_n-1024x1024.jpg\" ><\/a><\/figure>\n\n\n\n<figure class=\"wp-block-image size-large\"><a href=\"https:\/\/radiosolaris.com.br\/beta\/wp-content\/uploads\/2022\/02\/273745154_4887559651306447_4677933146181215058_n.jpg\"><img  loading=\"lazy\"  decoding=\"async\"  width=\"1024\"  height=\"1024\"  data-id=\"71868\"  src=\"data:image\/png;base64,iVBORw0KGgoAAAANSUhEUgAAAAEAAAABAQMAAAAl21bKAAAAA1BMVEUAAP+KeNJXAAAAAXRSTlMAQObYZgAAAAlwSFlzAAAOxAAADsQBlSsOGwAAAApJREFUCNdjYAAAAAIAAeIhvDMAAAAASUVORK5CYII=\"  alt=\"\"  class=\"wp-image-71868 pk-lazyload\"  data-pk-sizes=\"auto\"  data-ls-sizes=\"auto, (max-width: 1024px) 100vw, 1024px\"  data-pk-src=\"https:\/\/radiosolaris.com.br\/beta\/wp-content\/uploads\/2022\/02\/273745154_4887559651306447_4677933146181215058_n-1024x1024.jpg\"  data-pk-srcset=\"https:\/\/radiosolaris.com.br\/beta\/wp-content\/uploads\/2022\/02\/273745154_4887559651306447_4677933146181215058_n-1024x1024.jpg 1024w, https:\/\/radiosolaris.com.br\/beta\/wp-content\/uploads\/2022\/02\/273745154_4887559651306447_4677933146181215058_n-150x150.jpg 150w, https:\/\/radiosolaris.com.br\/beta\/wp-content\/uploads\/2022\/02\/273745154_4887559651306447_4677933146181215058_n-300x300.jpg 300w, https:\/\/radiosolaris.com.br\/beta\/wp-content\/uploads\/2022\/02\/273745154_4887559651306447_4677933146181215058_n-768x768.jpg 768w, https:\/\/radiosolaris.com.br\/beta\/wp-content\/uploads\/2022\/02\/273745154_4887559651306447_4677933146181215058_n.jpg 1242w\" ><\/a><\/figure>\n<figcaption class=\"blocks-gallery-caption\">Fotos: Corpo de Bombeiros<\/figcaption><\/figure>\n","protected":false},"excerpt":{"rendered":"<p>Motorista teve ferimentos leves. Passageiro ficou preso \u00e0s ferragens e precisou ser removido com uso do desencarcerador Dois homens ficaram feridos em um acidente de tr\u00e2nsito com caminh\u00e3o, na tarde&hellip;<\/p>\n","protected":false},"author":19,"featured_media":71869,"comment_status":"closed","ping_status":"closed","sticky":false,"template":"","format":"standard","meta":{"_lmt_disableupdate":"","_lmt_disable":"","footnotes":""},"categories":[83],"tags":[307,500,580,638,9876,283],"powerkit_post_featured":[],"class_list":{"0":"post-71867","1":"post","2":"type-post","3":"status-publish","4":"format-standard","5":"has-post-thumbnail","7":"category-serra-gaucha","8":"tag-acidente","9":"tag-bombeiros-voluntarios","10":"tag-caminhao","11":"tag-carlos-barbosa","12":"tag-corpo-de-bombeiros-militar","13":"tag-serra-gaucha"},"modified_by":"Luciano Pettorini","_links":{"self":[{"href":"https:\/\/radiosolaris.com.br\/beta\/wp-json\/wp\/v2\/posts\/71867","targetHints":{"allow":["GET"]}}],"collection":[{"href":"https:\/\/radiosolaris.com.br\/beta\/wp-json\/wp\/v2\/posts"}],"about":[{"href":"https:\/\/radiosolaris.com.br\/beta\/wp-json\/wp\/v2\/types\/post"}],"author":[{"embeddable":true,"href":"https:\/\/radiosolaris.com.br\/beta\/wp-json\/wp\/v2\/users\/19"}],"replies":[{"embeddable":true,"href":"https:\/\/radiosolaris.com.br\/beta\/wp-json\/wp\/v2\/comments?post=71867"}],"version-history":[{"count":0,"href":"https:\/\/radiosolaris.com.br\/beta\/wp-json\/wp\/v2\/posts\/71867\/revisions"}],"wp:featuredmedia":[{"embeddable":true,"href":"https:\/\/radiosolaris.com.br\/beta\/wp-json\/wp\/v2\/media\/71869"}],"wp:attachment":[{"href":"https:\/\/radiosolaris.com.br\/beta\/wp-json\/wp\/v2\/media?parent=71867"}],"wp:term":[{"taxonomy":"category","embeddable":true,"href":"https:\/\/radiosolaris.com.br\/beta\/wp-json\/wp\/v2\/categories?post=71867"},{"taxonomy":"post_tag","embeddable":true,"href":"https:\/\/radiosolaris.com.br\/beta\/wp-json\/wp\/v2\/tags?post=71867"},{"taxonomy":"powerkit_post_featured","embeddable":true,"href":"https:\/\/radiosolaris.com.br\/beta\/wp-json\/wp\/v2\/powerkit_post_featured?post=71867"}],"curies":[{"name":"wp","href":"https:\/\/api.w.org\/{rel}","templated":true}]}}