{"id":71807,"date":"2022-02-15T08:31:33","date_gmt":"2022-02-15T11:31:33","guid":{"rendered":"https:\/\/radiosolaris.com.br\/beta\/?p=71807"},"modified":"2022-02-15T08:31:35","modified_gmt":"2022-02-15T11:31:35","slug":"sisu-abre-inscricoes-para-a-primeira-edicao-de-2022","status":"publish","type":"post","link":"https:\/\/radiosolaris.com.br\/beta\/sisu-abre-inscricoes-para-a-primeira-edicao-de-2022\/","title":{"rendered":"Sisu abre inscri\u00e7\u00f5es para a primeira edi\u00e7\u00e3o de 2022"},"content":{"rendered":"\n<h4 class=\"wp-block-heading\" id=\"interessados-podem-se-inscrever-ate-as-23h59-do-dia-18-de-fevereiro\">Interessados podem se inscrever at\u00e9 as 23h59 do dia 18 de fevereiro<\/h4>\n\n\n\n<p>Pedagogia, Administra\u00e7\u00e3o, Ci\u00eancias Biol\u00f3gicas, Matem\u00e1tica, Direito, Qu\u00edmica, F\u00edsica, Agronomia, interdisciplinar em Ci\u00eancia e Tecnologia e Engenharia Civil s\u00e3o os dez cursos com maior oferta de vagas no\u00a0Sistema de Sele\u00e7\u00e3o Unificada\u00a0(Sisu),\u00a0na primeira edi\u00e7\u00e3o de 2022.<img  decoding=\"async\"  src=\"data:image\/png;base64,iVBORw0KGgoAAAANSUhEUgAAAAEAAAABAQMAAAAl21bKAAAAA1BMVEUAAP+KeNJXAAAAAXRSTlMAQObYZgAAAAlwSFlzAAAOxAAADsQBlSsOGwAAAApJREFUCNdjYAAAAAIAAeIhvDMAAAAASUVORK5CYII=\"  class=\" pk-lazyload\"  data-pk-sizes=\"auto\"  data-pk-src=\"https:\/\/agenciabrasil.ebc.com.br\/ebc.png?id=1442196&amp;o=node\" ><img  decoding=\"async\"  src=\"data:image\/png;base64,iVBORw0KGgoAAAANSUhEUgAAAAEAAAABAQMAAAAl21bKAAAAA1BMVEUAAP+KeNJXAAAAAXRSTlMAQObYZgAAAAlwSFlzAAAOxAAADsQBlSsOGwAAAApJREFUCNdjYAAAAAIAAeIhvDMAAAAASUVORK5CYII=\"  class=\" pk-lazyload\"  data-pk-sizes=\"auto\"  data-pk-src=\"https:\/\/agenciabrasil.ebc.com.br\/ebc.gif?id=1442196&amp;o=node\" ><\/p>\n\n\n\n<p>As<a href=\"https:\/\/sisu.mec.gov.br\/#\/\" target=\"_blank\" rel=\"noreferrer noopener\">&nbsp;inscri\u00e7\u00f5es<\/a>&nbsp;come\u00e7am nesta&nbsp;ter\u00e7a-feira (15) e v\u00e3o at\u00e9 as 23h59 (hor\u00e1rio de Bras\u00edlia) do dia 18.&nbsp;No total, est\u00e3o sendo oferecidas aos participantes do Exame Nacional do Ensino M\u00e9dio (Enem),&nbsp;221.790 vagas em 125 institui\u00e7\u00f5es p\u00fablicas de ensino superior, em cursos de gradua\u00e7\u00e3o e de ensino&nbsp;a&nbsp;dist\u00e2ncia (EAD). Segundo o Minist\u00e9rio da Educa\u00e7\u00e3o (MEC), 84,5% das vagas s\u00e3o para institui\u00e7\u00f5es federais (universidades e institutos).<\/p>\n\n\n\n<p>Os interessados podem verificar as vagas oferecidas por modalidade de concorr\u00eancia, cursos e turnos, institui\u00e7\u00f5es e localiza\u00e7\u00e3o dos cursos. Na p\u00e1gina do Sisu&nbsp;tamb\u00e9m ser\u00e1 poss\u00edvel acessar a \u00edntegra do documento de ades\u00e3o de cada uma das institui\u00e7\u00f5es de ensino participantes.&nbsp;Para se inscrever \u00e9 necess\u00e1rio que o estudante tenha obtido, no m\u00ednimo, 450 pontos na prova do Enem&nbsp;e n\u00e3o tenha zerado a reda\u00e7\u00e3o.&nbsp;Candidatos que participaram do exame como treineiros n\u00e3o est\u00e3o habilitados a fazer inscri\u00e7\u00e3o no programa.<\/p>\n\n\n\n<p><strong>Cronograma<\/strong><\/p>\n\n\n\n<p>-Inscri\u00e7\u00f5es: 15 a\u00a018 de fevereiro.<\/p>\n\n\n\n<p>-Resultado da chamada \u00fanica:\u00a022 de fevereiro.<\/p>\n\n\n\n<p>-Inscri\u00e7\u00e3o para a lista de espera: de\u00a022 de fevereiro\u00a0a\u00a08 de mar\u00e7o.<\/p>\n\n\n\n<p>-Matr\u00edcula ou registro acad\u00eamico: de\u00a023 de fevereiro\u00a0a\u00a08 de mar\u00e7o.<\/p>\n\n\n\n<p>-Resultado da lista de espera: a partir do dia\u00a010 de mar\u00e7o.<\/p>\n\n\n\n<p>Fonte: Ag\u00eancia Brasil<\/p>\n","protected":false},"excerpt":{"rendered":"<p>Interessados podem se inscrever at\u00e9 as 23h59 do dia 18 de fevereiro Pedagogia, Administra\u00e7\u00e3o, Ci\u00eancias Biol\u00f3gicas, Matem\u00e1tica, Direito, Qu\u00edmica, F\u00edsica, Agronomia, interdisciplinar em Ci\u00eancia e Tecnologia e Engenharia Civil s\u00e3o&hellip;<\/p>\n","protected":false},"author":1,"featured_media":71808,"comment_status":"closed","ping_status":"closed","sticky":false,"template":"","format":"standard","meta":{"_lmt_disableupdate":"","_lmt_disable":"","footnotes":""},"categories":[1],"tags":[7473,2681],"powerkit_post_featured":[],"class_list":{"0":"post-71807","1":"post","2":"type-post","3":"status-publish","4":"format-standard","5":"has-post-thumbnail","7":"category-geral","8":"tag-inscricoes-abertas","9":"tag-sisu"},"modified_by":"Gustavo Zanotto","_links":{"self":[{"href":"https:\/\/radiosolaris.com.br\/beta\/wp-json\/wp\/v2\/posts\/71807","targetHints":{"allow":["GET"]}}],"collection":[{"href":"https:\/\/radiosolaris.com.br\/beta\/wp-json\/wp\/v2\/posts"}],"about":[{"href":"https:\/\/radiosolaris.com.br\/beta\/wp-json\/wp\/v2\/types\/post"}],"author":[{"embeddable":true,"href":"https:\/\/radiosolaris.com.br\/beta\/wp-json\/wp\/v2\/users\/1"}],"replies":[{"embeddable":true,"href":"https:\/\/radiosolaris.com.br\/beta\/wp-json\/wp\/v2\/comments?post=71807"}],"version-history":[{"count":0,"href":"https:\/\/radiosolaris.com.br\/beta\/wp-json\/wp\/v2\/posts\/71807\/revisions"}],"wp:featuredmedia":[{"embeddable":true,"href":"https:\/\/radiosolaris.com.br\/beta\/wp-json\/wp\/v2\/media\/71808"}],"wp:attachment":[{"href":"https:\/\/radiosolaris.com.br\/beta\/wp-json\/wp\/v2\/media?parent=71807"}],"wp:term":[{"taxonomy":"category","embeddable":true,"href":"https:\/\/radiosolaris.com.br\/beta\/wp-json\/wp\/v2\/categories?post=71807"},{"taxonomy":"post_tag","embeddable":true,"href":"https:\/\/radiosolaris.com.br\/beta\/wp-json\/wp\/v2\/tags?post=71807"},{"taxonomy":"powerkit_post_featured","embeddable":true,"href":"https:\/\/radiosolaris.com.br\/beta\/wp-json\/wp\/v2\/powerkit_post_featured?post=71807"}],"curies":[{"name":"wp","href":"https:\/\/api.w.org\/{rel}","templated":true}]}}