{"id":71783,"date":"2022-02-14T17:49:13","date_gmt":"2022-02-14T20:49:13","guid":{"rendered":"https:\/\/radiosolaris.com.br\/beta\/?p=71783"},"modified":"2022-02-14T17:55:18","modified_gmt":"2022-02-14T20:55:18","slug":"conta-de-agua-fica-10-mais-cara-em-caxias-do-sul","status":"publish","type":"post","link":"https:\/\/radiosolaris.com.br\/beta\/conta-de-agua-fica-10-mais-cara-em-caxias-do-sul\/","title":{"rendered":"Conta de \u00e1gua fica 10% mais cara em Caxias do Sul"},"content":{"rendered":"\n<h4 class=\"wp-block-heading\" id=\"o-samae-informa-que-o-reajuste-passa-a-valer-a-partir-de-1\u00ba-de-abril\"><span id=\"o-samae-informa-que-o-reajuste-passa-a-valer-a-partir-de-1o-de-abril\">O Samae informa que o reajuste passa a valer a partir de 1\u00ba de abril<\/span><\/h4>\n\n\n\n<p>Um novo decreto publicado nesta segunda-feira (14) eleva a tarifa de \u00e1gua e esgoto do Servi\u00e7o Aut\u00f4nomo Municipal de \u00c1gua e Esgoto (Samae) em Caxias do Sul. O reajuste de 10,58% equivale a corre\u00e7\u00e3o de valores repassado aos contratados, \u00e0 proje\u00e7\u00e3o das despesas de custeio, \u00e0 necessidade de recursos para a realiza\u00e7\u00e3o de investimentos e ao servi\u00e7o da d\u00edvida. O regramento n\u00e3o repercute aumento tarif\u00e1rio real, no entanto, estabelece a recomposi\u00e7\u00e3o da infla\u00e7\u00e3o necess\u00e1ria para que o Samae mantenha o m\u00ednimo de arrecada\u00e7\u00e3o para manter a execu\u00e7\u00e3o dos seus servi\u00e7os, amplie as redes de distribui\u00e7\u00e3o de \u00e1gua e implante novas redes de esgoto que possibilitem alcan\u00e7ar o Marco Legal do Saneamento.<\/p>\n\n\n\n<p>Depois de dois anos sem acr\u00e9scimos de valores, a partir de 1\u00ba abril, o metro c\u00fabico residencial passar\u00e1 de R$ 5,72 para R$ 6,33, uma diferen\u00e7a de R$ 0,61 por mil litros de \u00e1gua consumidos. Dessa forma, a tarifa m\u00ednima residencial passar\u00e1 de R$ 28,60 para R$ 31,65.<\/p>\n\n\n\n<p>A tarifa comercial e p\u00fablica, que era de R$ 61,40, agora ser\u00e1 R$ 67,90 para at\u00e9 10 m\u00b3. Para ind\u00fastrias, o valor era de R$ 162,70 passar\u00e1 para R$ 179,90 para at\u00e9 20m\u00b3. J\u00e1 a tarifa social, que era de R$ 14,30, passa a ser R$ 15,82 \u2013 valor total de \u00e1gua e esgoto com consumo de at\u00e9 5 metros c\u00fabicos por fam\u00edlias em situa\u00e7\u00e3o de baixa renda.<\/p>\n\n\n\n<figure class=\"wp-block-gallery has-nested-images columns-default is-cropped wp-block-gallery-1 is-layout-flex wp-block-gallery-is-layout-flex\">\n<figure class=\"wp-block-image size-full\"><img  loading=\"lazy\"  decoding=\"async\"  width=\"700\"  height=\"466\"  data-id=\"71792\"  src=\"data:image\/png;base64,iVBORw0KGgoAAAANSUhEUgAAArwAAAHSAQMAAAA0Yoq3AAAAA1BMVEUAAP+KeNJXAAAAAXRSTlMAQObYZgAAAAlwSFlzAAAOxAAADsQBlSsOGwAAAD9JREFUeNrtwQENAAAAwqD3T20ON6AAAAAAAAAAAAAAAAAAAAAAAAAAAAAAAAAAAAAAAAAAAAAAAAAAAAAA3g2iAgABMqrkqwAAAABJRU5ErkJggg==\"  alt=\"\"  class=\"wp-image-71792 pk-lazyload\"  data-pk-sizes=\"auto\"  data-ls-sizes=\"auto, (max-width: 700px) 100vw, 700px\"  data-pk-src=\"https:\/\/radiosolaris.com.br\/beta\/wp-content\/uploads\/2022\/02\/samae-andreia-copini-2.jpg\"  data-pk-srcset=\"https:\/\/radiosolaris.com.br\/beta\/wp-content\/uploads\/2022\/02\/samae-andreia-copini-2.jpg 700w, https:\/\/radiosolaris.com.br\/beta\/wp-content\/uploads\/2022\/02\/samae-andreia-copini-2-300x200.jpg 300w\" ><\/figure>\n<\/figure>\n\n\n\n<p>Os valores foram definidos ap\u00f3s criterioso estudo por parte da equipe financeira da autarquia que levou em considera\u00e7\u00e3o a varia\u00e7\u00e3o dos custos globais apurados pela presta\u00e7\u00e3o de servi\u00e7os do Samae, com as devidas proje\u00e7\u00f5es, e a previs\u00e3o de valores relacionados ao servi\u00e7o da d\u00edvida, investimentos e demais despesas, sendo que o percentual de realinhamento de 10,58% ficou abaixo dos principais indicadores da infla\u00e7\u00e3o do exerc\u00edcio de 2021 (17,74%, IGP-DI; 17,79%, IGP-M; e 14,03%, INCC-M) e, praticamente, no mesmo patamar do IPCA-IBGE (10,06%).<\/p>\n\n\n\n<p>Conforme o diretor-presidente do Samae, Gilberto Meletti, outros fatores que influenciaram a altera\u00e7\u00e3o foram os \u00faltimos reajustes da energia el\u00e9trica, al\u00e9m do valor do combust\u00edvel, que s\u00e3o despesas que afetam diretamente a autarquia, no que abrange a log\u00edstica e presta\u00e7\u00e3o dos servi\u00e7os, aquisi\u00e7\u00e3o de insumos, material hidr\u00e1ulico, material de saneamento e, principalmente, produtos qu\u00edmicos utilizados no tratamento da \u00e1gua e do esgoto, bem como, na constante manuten\u00e7\u00e3o preventiva e corretiva das redes de distribui\u00e7\u00e3o de \u00e1gua e coleta de esgoto do munic\u00edpio.<\/p>\n\n\n\n<p>O \u00faltimo reajuste foi aplicado em abril de 2020. Confira os novos valores de servi\u00e7os complementares, tais como de liga\u00e7\u00f5es de \u00e1gua e esgoto, publicados no decreto.<\/p>\n","protected":false},"excerpt":{"rendered":"<p>O Samae informa que o reajuste passa a valer a partir de 1\u00ba de abril Um novo decreto publicado nesta segunda-feira (14) eleva a tarifa de \u00e1gua e esgoto do&hellip;<\/p>\n","protected":false},"author":17,"featured_media":71791,"comment_status":"closed","ping_status":"closed","sticky":false,"template":"","format":"standard","meta":{"_lmt_disableupdate":"","_lmt_disable":"","footnotes":""},"categories":[83],"tags":[2146,279,148,9434,574,3332,283,9865],"powerkit_post_featured":[],"class_list":{"0":"post-71783","1":"post","2":"type-post","3":"status-publish","4":"format-standard","5":"has-post-thumbnail","7":"category-serra-gaucha","8":"tag-agua","9":"tag-aumento","10":"tag-caxias-do-sul","11":"tag-conta-de-agua","12":"tag-reajuste","13":"tag-samae","14":"tag-serra-gaucha","15":"tag-tarifa-de-agua"},"modified_by":"Igor Panzenhagen","_links":{"self":[{"href":"https:\/\/radiosolaris.com.br\/beta\/wp-json\/wp\/v2\/posts\/71783","targetHints":{"allow":["GET"]}}],"collection":[{"href":"https:\/\/radiosolaris.com.br\/beta\/wp-json\/wp\/v2\/posts"}],"about":[{"href":"https:\/\/radiosolaris.com.br\/beta\/wp-json\/wp\/v2\/types\/post"}],"author":[{"embeddable":true,"href":"https:\/\/radiosolaris.com.br\/beta\/wp-json\/wp\/v2\/users\/17"}],"replies":[{"embeddable":true,"href":"https:\/\/radiosolaris.com.br\/beta\/wp-json\/wp\/v2\/comments?post=71783"}],"version-history":[{"count":0,"href":"https:\/\/radiosolaris.com.br\/beta\/wp-json\/wp\/v2\/posts\/71783\/revisions"}],"wp:featuredmedia":[{"embeddable":true,"href":"https:\/\/radiosolaris.com.br\/beta\/wp-json\/wp\/v2\/media\/71791"}],"wp:attachment":[{"href":"https:\/\/radiosolaris.com.br\/beta\/wp-json\/wp\/v2\/media?parent=71783"}],"wp:term":[{"taxonomy":"category","embeddable":true,"href":"https:\/\/radiosolaris.com.br\/beta\/wp-json\/wp\/v2\/categories?post=71783"},{"taxonomy":"post_tag","embeddable":true,"href":"https:\/\/radiosolaris.com.br\/beta\/wp-json\/wp\/v2\/tags?post=71783"},{"taxonomy":"powerkit_post_featured","embeddable":true,"href":"https:\/\/radiosolaris.com.br\/beta\/wp-json\/wp\/v2\/powerkit_post_featured?post=71783"}],"curies":[{"name":"wp","href":"https:\/\/api.w.org\/{rel}","templated":true}]}}