{"id":71476,"date":"2022-02-11T09:12:30","date_gmt":"2022-02-11T12:12:30","guid":{"rendered":"https:\/\/radiosolaris.com.br\/beta\/?p=71476"},"modified":"2022-02-11T09:14:55","modified_gmt":"2022-02-11T12:14:55","slug":"nesta-sexta-feira-o-axten-hotel-de-antonio-prado-sera-inaugurado","status":"publish","type":"post","link":"https:\/\/radiosolaris.com.br\/beta\/nesta-sexta-feira-o-axten-hotel-de-antonio-prado-sera-inaugurado\/","title":{"rendered":"Nesta sexta-feira o Axten Hotel de Ant\u00f4nio Prado ser\u00e1 inaugurado"},"content":{"rendered":"\n<h4 class=\"wp-block-heading\" id=\"um-brinde-sera-realizado-com-a-presenca-de-autoridades-locais-investidores-e-proprietarios-do-empreendimento\">Um brinde ser\u00e1 realizado com a presen\u00e7a de autoridades locais, investidores e propriet\u00e1rios do empreendimento <\/h4>\n\n\n\n<p>Hoje (11), o Axten Travel Inn Hotel ser\u00e1 inaugurado em Ant\u00f4nio Prado, na Rua Germano Girotto, pr\u00f3ximo ao Centro Municipal de Eventos. Um brinde com a presen\u00e7a de autoridades locais e investidores acontecer\u00e1, \u00e0s 19h30min no local. Neste primeiro final de semana de opera\u00e7\u00f5es, o empreendimento estar\u00e1 aberto apenas para hospedagem dos investidores.   <\/p>\n\n\n\n<p>O Axten possui cinco andares com 125 quartos, sendo cinco adaptados para pessoas com defici\u00eancia e com vista privilegiada de toda a cidade Pradense. Possui piscina com aquecimento, academia, brinquedoteca, restaurante com capacidade para 140 pessoas, dois audit\u00f3rios para 80 e 120 pessoas respectivamente, salas para reuni\u00e3o e quatro salas com espa\u00e7os dispon\u00edveis para loca\u00e7\u00e3o comercial.<\/p>\n\n\n\n<p>O Hotel \u00e9 voltado para o turismo de neg\u00f3cios e al\u00e9m de receber turistas estar\u00e1 dispon\u00edvel para a realiza\u00e7\u00e3o de congressos, conven\u00e7\u00f5es, semin\u00e1rios, entre outros eventos corporativos durante todo o ano.<\/p>\n\n\n\n<p>Segundo a gerente, Caroline Kuhn Benvenutti o empreendimento vai gerar em torno de 30 novos empregos em Ant\u00f4nio Prado.<\/p>\n\n\n\n<p>Fonte: Rep\u00f3rter Ta\u00eds Vargas<\/p>\n\n\n\n<p>  <\/p>\n","protected":false},"excerpt":{"rendered":"<p>Um brinde ser\u00e1 realizado com a presen\u00e7a de autoridades locais, investidores e propriet\u00e1rios do empreendimento Hoje (11), o Axten Travel Inn Hotel ser\u00e1 inaugurado em Ant\u00f4nio Prado, na Rua Germano&hellip;<\/p>\n","protected":false},"author":1,"featured_media":71480,"comment_status":"closed","ping_status":"closed","sticky":false,"template":"","format":"standard","meta":{"_lmt_disableupdate":"","_lmt_disable":"","footnotes":""},"categories":[1],"tags":[143,657,244],"powerkit_post_featured":[],"class_list":{"0":"post-71476","1":"post","2":"type-post","3":"status-publish","4":"format-standard","5":"has-post-thumbnail","7":"category-geral","8":"tag-antonio-prado","9":"tag-axten-hotel","10":"tag-inauguracao"},"modified_by":null,"_links":{"self":[{"href":"https:\/\/radiosolaris.com.br\/beta\/wp-json\/wp\/v2\/posts\/71476","targetHints":{"allow":["GET"]}}],"collection":[{"href":"https:\/\/radiosolaris.com.br\/beta\/wp-json\/wp\/v2\/posts"}],"about":[{"href":"https:\/\/radiosolaris.com.br\/beta\/wp-json\/wp\/v2\/types\/post"}],"author":[{"embeddable":true,"href":"https:\/\/radiosolaris.com.br\/beta\/wp-json\/wp\/v2\/users\/1"}],"replies":[{"embeddable":true,"href":"https:\/\/radiosolaris.com.br\/beta\/wp-json\/wp\/v2\/comments?post=71476"}],"version-history":[{"count":0,"href":"https:\/\/radiosolaris.com.br\/beta\/wp-json\/wp\/v2\/posts\/71476\/revisions"}],"wp:featuredmedia":[{"embeddable":true,"href":"https:\/\/radiosolaris.com.br\/beta\/wp-json\/wp\/v2\/media\/71480"}],"wp:attachment":[{"href":"https:\/\/radiosolaris.com.br\/beta\/wp-json\/wp\/v2\/media?parent=71476"}],"wp:term":[{"taxonomy":"category","embeddable":true,"href":"https:\/\/radiosolaris.com.br\/beta\/wp-json\/wp\/v2\/categories?post=71476"},{"taxonomy":"post_tag","embeddable":true,"href":"https:\/\/radiosolaris.com.br\/beta\/wp-json\/wp\/v2\/tags?post=71476"},{"taxonomy":"powerkit_post_featured","embeddable":true,"href":"https:\/\/radiosolaris.com.br\/beta\/wp-json\/wp\/v2\/powerkit_post_featured?post=71476"}],"curies":[{"name":"wp","href":"https:\/\/api.w.org\/{rel}","templated":true}]}}