{"id":71212,"date":"2022-02-07T19:49:12","date_gmt":"2022-02-07T22:49:12","guid":{"rendered":"https:\/\/radiosolaris.com.br\/beta\/?p=71212"},"modified":"2022-02-07T19:49:13","modified_gmt":"2022-02-07T22:49:13","slug":"governo-cria-forca-tarefa-para-acelerar-processo-de-escavacao-de-6-mil-acudes-no-rio-grande-do-sul","status":"publish","type":"post","link":"https:\/\/radiosolaris.com.br\/beta\/governo-cria-forca-tarefa-para-acelerar-processo-de-escavacao-de-6-mil-acudes-no-rio-grande-do-sul\/","title":{"rendered":"Governo cria for\u00e7a-tarefa para acelerar processo de escava\u00e7\u00e3o de 6 mil a\u00e7udes no Rio Grande do Sul"},"content":{"rendered":"\n<h4 class=\"wp-block-heading\" id=\"mais-de-400-cidades-ja-decretaram-situacao-de-emergencia-devido-a-seca-os-mais-prejudicados-sao-os-produtores-rurais\">Mais de 400 cidades j\u00e1 decretaram situa\u00e7\u00e3o de emerg\u00eancia devido \u00e0 seca; os mais prejudicados s\u00e3o os produtores rurais<\/h4>\n\n\n\n<p>O governador Eduardo Leite anunciou, nesta segunda-feira (7), a cria\u00e7\u00e3o de uma for\u00e7a-tarefa, por meio de decreto, para acelerar o processo de assinatura de conv\u00eanios entre o governo do Estado, e munic\u00edpios para o repasse de recursos que viabilizar\u00e3o a escava\u00e7\u00e3o de 6 mil microa\u00e7udes no Rio Grande do Sul. Parte das a\u00e7\u00f5es de apoio aos produtores rurais para reduzir os efeitos da estiagem, a medida foi definida em reuni\u00e3o com a Seapdr, Procuradoria-Geral do Estado (PGE), Casa Civil, Secretaria do Meio Ambiente e Infraestrutura (Sema) e Defesa Civil.<\/p>\n\n\n\n<p>A partir de demandas apresentadas pelos munic\u00edpios, o governo vai beneficiar, por meio de conv\u00eanios, cerca de 400 cidades ga\u00fachas que j\u00e1 decretaram situa\u00e7\u00e3o de emerg\u00eancia \u2013 at\u00e9 esta segunda-feira, 365 tiveram seus decretos homologados pelo Estado. A expectativa \u00e9 de que em cerca de 10 dias ocorra a assinatura dos conv\u00eanios. Ao todo, o Estado repassar\u00e1 R$ 66 milh\u00f5es aos munic\u00edpios para a constru\u00e7\u00e3o dessas obras. Esse valor integra o eixo de qualifica\u00e7\u00e3o da irriga\u00e7\u00e3o, anunciado no Avan\u00e7ar na Agropecu\u00e1ria e no Desenvolvimento Rural.<\/p>\n\n\n\n<p>O governador tamb\u00e9m avalia que, em cerca de 30 dias, o Estado far\u00e1 a contrata\u00e7\u00e3o emergencial, no total de R$ 107 milh\u00f5es, da perfura\u00e7\u00e3o de 750 po\u00e7os, instala\u00e7\u00e3o de caixas d\u2019\u00e1gua e implanta\u00e7\u00e3o de 500 conjuntos de cisternas nas \u00e1reas mais atingidas pela estiagem. Esse valor tamb\u00e9m est\u00e1 dispon\u00edvel por meio do programa Avan\u00e7ar, lan\u00e7ado em dezembro do ano passado.<\/p>\n\n\n\n<p>Para atender as fam\u00edlias em situa\u00e7\u00e3o de vulnerabilidade social, prejudicadas economicamente pela estiagem, a Secretaria da Agricultura tamb\u00e9m foi autorizada pelo governador a apresentar uma proposta de cria\u00e7\u00e3o de um aux\u00edlio emergencial, dentro das possibilidades or\u00e7ament\u00e1rias do Estado. Os valores e o n\u00famero de poss\u00edveis benefici\u00e1rios ser\u00e3o conhecidos a partir de um estudo.<\/p>\n\n\n\n<p>Al\u00e9m disso, atendendo a demanda da Federa\u00e7\u00e3o das Associa\u00e7\u00f5es de Munic\u00edpios do Rio Grande do Sul (Famurs), o governo liberar\u00e1 recursos, que podem chegar a at\u00e9 R$ 20 milh\u00f5es, para auxiliar no custo do combust\u00edvel para o transporte de \u00e1gua destinada aos munic\u00edpios.<\/p>\n\n\n\n<p>\u201cEstas a\u00e7\u00f5es se somam aos trabalhos que j\u00e1 v\u00eam sendo feitos pelo Estado para que o impacto da estiagem n\u00e3o seja t\u00e3o profundo, s\u00e3o resultado de demandas apresentadas ao governo para auxiliar as fam\u00edlias e os munic\u00edpios que t\u00eam no campo a principal fonte de sustento. Seguiremos trabalhando com foco e energia para, de um lado, oferecer respostas para os problemas imediatos, mas, de outro, propor medidas permanentes, que proporcionem novas condi\u00e7\u00f5es estruturais de conviv\u00eancia com o drama recorrente da falta de chuva e da dificuldade de armazenamento de \u00e1gua\u201d, afirmou o governador.<\/p>\n\n\n\n<p>A secret\u00e1ria da Agricultura, Silvana Covatti, acrescentou que a pasta tem dado toda a aten\u00e7\u00e3o necess\u00e1ria para o tema da estiagem, j\u00e1 que as perdas se acumulam no meio rural. \u201cEstamos atentos \u00e0 evolu\u00e7\u00e3o da estiagem no campo e, ao mesmo tempo, buscando contribuir para dar um socorro aos produtores que tanto contribuem com a gera\u00e7\u00e3o de riquezas no nosso Estado\u201d, acrescentou.<\/p>\n\n\n\n<p>Nesta ter\u00e7a-feira (8\/2), em Bras\u00edlia, o governador Eduardo Leite e a secret\u00e1ria participam de reuni\u00e3o com a ministra da Agricultura, Tereza Cristina, para tratar de a\u00e7\u00f5es federais que possam auxiliar os produtores ga\u00fachos afetados pela falta de chuva. O governador lembra que, na ocasi\u00e3o da vinda da ministra a Santo \u00c2ngelo, no dia 12 de janeiro, o governo entregou um of\u00edcio com uma s\u00e9rie de reivindica\u00e7\u00f5es, refor\u00e7ando os pleitos de entidades ligadas ao setor agropecu\u00e1rio. Al\u00e9m de anistia de financiamentos de cr\u00e9dito rural, ou de parte deles, o Estado ir\u00e1 propor a cria\u00e7\u00e3o de um cr\u00e9dito emergencial por parte do governo federal.<\/p>\n\n\n\n<figure class=\"wp-block-gallery has-nested-images columns-default is-cropped wp-block-gallery-1 is-layout-flex wp-block-gallery-is-layout-flex\">\n<figure class=\"wp-block-image size-large\"><img  loading=\"lazy\"  decoding=\"async\"  width=\"1024\"  height=\"683\"  data-id=\"71213\"  src=\"data:image\/png;base64,iVBORw0KGgoAAAANSUhEUgAAAAEAAAABAQMAAAAl21bKAAAAA1BMVEUAAP+KeNJXAAAAAXRSTlMAQObYZgAAAAlwSFlzAAAOxAAADsQBlSsOGwAAAApJREFUCNdjYAAAAAIAAeIhvDMAAAAASUVORK5CYII=\"  alt=\"\"  class=\"wp-image-71213 pk-lazyload\"  data-pk-sizes=\"auto\"  data-ls-sizes=\"auto, (max-width: 1024px) 100vw, 1024px\"  data-pk-src=\"https:\/\/radiosolaris.com.br\/beta\/wp-content\/uploads\/2022\/02\/51868072576_fc4c33e021_k-1024x683.jpg\"  data-pk-srcset=\"https:\/\/radiosolaris.com.br\/beta\/wp-content\/uploads\/2022\/02\/51868072576_fc4c33e021_k-1024x683.jpg 1024w, https:\/\/radiosolaris.com.br\/beta\/wp-content\/uploads\/2022\/02\/51868072576_fc4c33e021_k-300x200.jpg 300w, https:\/\/radiosolaris.com.br\/beta\/wp-content\/uploads\/2022\/02\/51868072576_fc4c33e021_k-768x512.jpg 768w, https:\/\/radiosolaris.com.br\/beta\/wp-content\/uploads\/2022\/02\/51868072576_fc4c33e021_k.jpg 1280w\" ><\/figure>\n<\/figure>\n\n\n\n<p>Foto: Felipe Dalla Valle \/ Pal\u00e1cio Piratini<\/p>\n","protected":false},"excerpt":{"rendered":"<p>Mais de 400 cidades j\u00e1 decretaram situa\u00e7\u00e3o de emerg\u00eancia devido \u00e0 seca; os mais prejudicados s\u00e3o os produtores rurais O governador Eduardo Leite anunciou, nesta segunda-feira (7), a cria\u00e7\u00e3o de&hellip;<\/p>\n","protected":false},"author":17,"featured_media":71214,"comment_status":"closed","ping_status":"closed","sticky":false,"template":"","format":"standard","meta":{"_lmt_disableupdate":"","_lmt_disable":"","footnotes":""},"categories":[93,83],"tags":[9779,2613,9780,5184,283],"powerkit_post_featured":[],"class_list":{"0":"post-71212","1":"post","2":"type-post","3":"status-publish","4":"format-standard","5":"has-post-thumbnail","7":"category-noticias-rs","8":"category-serra-gaucha","9":"tag-acudes","10":"tag-estiagem","11":"tag-micro-acudes","12":"tag-seca","13":"tag-serra-gaucha"},"modified_by":"Igor Panzenhagen","_links":{"self":[{"href":"https:\/\/radiosolaris.com.br\/beta\/wp-json\/wp\/v2\/posts\/71212","targetHints":{"allow":["GET"]}}],"collection":[{"href":"https:\/\/radiosolaris.com.br\/beta\/wp-json\/wp\/v2\/posts"}],"about":[{"href":"https:\/\/radiosolaris.com.br\/beta\/wp-json\/wp\/v2\/types\/post"}],"author":[{"embeddable":true,"href":"https:\/\/radiosolaris.com.br\/beta\/wp-json\/wp\/v2\/users\/17"}],"replies":[{"embeddable":true,"href":"https:\/\/radiosolaris.com.br\/beta\/wp-json\/wp\/v2\/comments?post=71212"}],"version-history":[{"count":0,"href":"https:\/\/radiosolaris.com.br\/beta\/wp-json\/wp\/v2\/posts\/71212\/revisions"}],"wp:featuredmedia":[{"embeddable":true,"href":"https:\/\/radiosolaris.com.br\/beta\/wp-json\/wp\/v2\/media\/71214"}],"wp:attachment":[{"href":"https:\/\/radiosolaris.com.br\/beta\/wp-json\/wp\/v2\/media?parent=71212"}],"wp:term":[{"taxonomy":"category","embeddable":true,"href":"https:\/\/radiosolaris.com.br\/beta\/wp-json\/wp\/v2\/categories?post=71212"},{"taxonomy":"post_tag","embeddable":true,"href":"https:\/\/radiosolaris.com.br\/beta\/wp-json\/wp\/v2\/tags?post=71212"},{"taxonomy":"powerkit_post_featured","embeddable":true,"href":"https:\/\/radiosolaris.com.br\/beta\/wp-json\/wp\/v2\/powerkit_post_featured?post=71212"}],"curies":[{"name":"wp","href":"https:\/\/api.w.org\/{rel}","templated":true}]}}