{"id":71005,"date":"2022-02-04T19:00:25","date_gmt":"2022-02-04T22:00:25","guid":{"rendered":"https:\/\/radiosolaris.com.br\/beta\/?p=71005"},"modified":"2022-02-04T19:00:26","modified_gmt":"2022-02-04T22:00:26","slug":"bolsonaro-oficializa-reajuste-de-3323-para-professores-em-todo-brasil","status":"publish","type":"post","link":"https:\/\/radiosolaris.com.br\/beta\/bolsonaro-oficializa-reajuste-de-3323-para-professores-em-todo-brasil\/","title":{"rendered":"Bolsonaro oficializa reajuste de 33,23% para professores em todo Brasil"},"content":{"rendered":"\n<h4 class=\"wp-block-heading\" id=\"o-piso-salarial-nacional-da-categoria-passa-de-r-2-886-para-r-3-845\">O piso salarial nacional da categoria passa de R$ 2.886 para R$ 3.845 <\/h4>\n\n\n\n<p>Uma cerim\u00f4nia&nbsp;no Pal\u00e1cio do Planalto, nesta&nbsp;sexta-feira (4), oficializou o&nbsp;reajuste de 33,23% para professores da rede p\u00fablica de educa\u00e7\u00e3o b\u00e1sica.&nbsp;A portaria, assinada pelo ministro da Educa\u00e7\u00e3o, Milton Ribeiro,&nbsp;e pelo presidente Jair Bolsonaro,&nbsp;eleva de R$ 2.886 para R$ 3.845 o piso salarial nacional da categoria.&nbsp;<img  decoding=\"async\"  src=\"data:image\/png;base64,iVBORw0KGgoAAAANSUhEUgAAAAEAAAABAQMAAAAl21bKAAAAA1BMVEUAAP+KeNJXAAAAAXRSTlMAQObYZgAAAAlwSFlzAAAOxAAADsQBlSsOGwAAAApJREFUCNdjYAAAAAIAAeIhvDMAAAAASUVORK5CYII=\"  class=\" pk-lazyload\"  data-pk-sizes=\"auto\"  data-pk-src=\"https:\/\/agenciabrasil.ebc.com.br\/ebc.png?id=1440428&amp;o=node\" ><img  decoding=\"async\"  src=\"data:image\/png;base64,iVBORw0KGgoAAAANSUhEUgAAAAEAAAABAQMAAAAl21bKAAAAA1BMVEUAAP+KeNJXAAAAAXRSTlMAQObYZgAAAAlwSFlzAAAOxAAADsQBlSsOGwAAAApJREFUCNdjYAAAAAIAAeIhvDMAAAAASUVORK5CYII=\"  class=\" pk-lazyload\"  data-pk-sizes=\"auto\"  data-pk-src=\"https:\/\/agenciabrasil.ebc.com.br\/ebc.gif?id=1440428&amp;o=node\" ><\/p>\n\n\n\n<p>Al\u00e9m do reajuste,&nbsp;foram lan\u00e7ados no evento&nbsp;dois editais com a oferta de 168 mil vagas em cursos de gradua\u00e7\u00e3o e p\u00f3s-gradua\u00e7\u00e3o para forma\u00e7\u00e3o de professores.&nbsp;O primeiro \u00e9 o da&nbsp;<a href=\"https:\/\/www.gov.br\/capes\/pt-br\/acesso-a-informacao\/acoes-e-programas\/educacao-a-distancia\/uab\/universidade-aberta-do-brasil\" target=\"_blank\" rel=\"noreferrer noopener\">Universidade Aberta do Brasil (UAB)<\/a>&nbsp;e o segundo&nbsp;edital&nbsp;\u00e9 do&nbsp;<a href=\"https:\/\/sso.capes.gov.br\/sso\/oauth?response_type=token&amp;redirect_uri=https:\/\/eb.capes.gov.br\/auth&amp;realm=2&amp;client_id=freire.capes.gov.br&amp;scope=&amp;state=capes_oauth\" target=\"_blank\" rel=\"noreferrer noopener\">Programa Nacional de Forma\u00e7\u00e3o de Professores da Educa\u00e7\u00e3o B\u00e1sica (Parfor)<\/a>.<\/p>\n\n\n\n<p>\u201cEm 2021 o protagonismo foi dos profissionais da sa\u00fade, em 2022, o protagonismo ser\u00e1 dos profissionais de educa\u00e7\u00e3o. Chega de usar os professores e profissionais de educa\u00e7\u00e3o apenas como massa de manobra pol\u00edtico-eleitoral. Est\u00e1 na hora de a\u00e7\u00f5es diretas.\u00a0E\u00a0uma a\u00e7\u00e3o direta \u00e9 essa, que respeita o\u00a0profissional\u00a0e d\u00e1 a ele um ganho a mais nessa situa\u00e7\u00e3o\u201d,\u00a0ressaltou o ministro da Educa\u00e7\u00e3o\u00a0na cerim\u00f4nia.<\/p>\n\n\n\n<figure class=\"wp-block-gallery has-nested-images columns-default is-cropped wp-block-gallery-1 is-layout-flex wp-block-gallery-is-layout-flex\">\n<figure class=\"wp-block-image size-large\"><img  loading=\"lazy\"  decoding=\"async\"  width=\"1024\"  height=\"613\"  data-id=\"71007\"  src=\"data:image\/png;base64,iVBORw0KGgoAAAANSUhEUgAAAAEAAAABAQMAAAAl21bKAAAAA1BMVEUAAP+KeNJXAAAAAXRSTlMAQObYZgAAAAlwSFlzAAAOxAAADsQBlSsOGwAAAApJREFUCNdjYAAAAAIAAeIhvDMAAAAASUVORK5CYII=\"  alt=\"\"  class=\"wp-image-71007 pk-lazyload\"  data-pk-sizes=\"auto\"  data-ls-sizes=\"auto, (max-width: 1024px) 100vw, 1024px\"  data-pk-src=\"https:\/\/radiosolaris.com.br\/beta\/wp-content\/uploads\/2022\/02\/bolsonaro-aghencia-brasil-1-1024x613.jpg\"  data-pk-srcset=\"https:\/\/radiosolaris.com.br\/beta\/wp-content\/uploads\/2022\/02\/bolsonaro-aghencia-brasil-1-1024x613.jpg 1024w, https:\/\/radiosolaris.com.br\/beta\/wp-content\/uploads\/2022\/02\/bolsonaro-aghencia-brasil-1-300x179.jpg 300w, https:\/\/radiosolaris.com.br\/beta\/wp-content\/uploads\/2022\/02\/bolsonaro-aghencia-brasil-1-768x459.jpg 768w, https:\/\/radiosolaris.com.br\/beta\/wp-content\/uploads\/2022\/02\/bolsonaro-aghencia-brasil-1.jpg 1170w\" ><figcaption>(Bras\u00edlia &#8211; DF, 04\/02\/2022) Solenidade de Valoriza\u00e7\u00e3o dos Professores da Educa\u00e7\u00e3o B\u00e1sica.\nFoto: Clauber Cleber Caetano\/PR<\/figcaption><\/figure>\n<\/figure>\n\n\n\n<h2 class=\"wp-block-heading\" id=\"piso\">Piso<\/h2>\n\n\n\n<p>O piso&nbsp;se aplica&nbsp;a&nbsp;profissionais com forma\u00e7\u00e3o em magist\u00e9rio em n\u00edvel m\u00e9dio &#8211; vinculados&nbsp;a&nbsp;institui\u00e7\u00f5es de ensino infantil, fundamental e m\u00e9dio das redes federal, estadual e municipal &#8211;&nbsp;que t\u00eam&nbsp;carga hor\u00e1ria de trabalho de 40 horas semanais.&nbsp;Segundo a&nbsp;Confedera\u00e7\u00e3o Nacional dos Trabalhadores em Educa\u00e7\u00e3o&nbsp;(CNTE), a&nbsp;medida&nbsp;abrange&nbsp;professores, diretores, coordenadores, inspetores, supervisores, orientadores e planejadores escolares em in\u00edcio de carreira. Segundo o Minist\u00e9rio da Educa\u00e7\u00e3o&nbsp;(MEC), mais de 1,7 milh\u00e3o de profissionais ser\u00e3o&nbsp;impactados.<\/p>\n\n\n\n<p>O reajuste est\u00e1 previsto em lei de 2008. Segundo o texto, o valor m\u00ednimo para os docentes da educa\u00e7\u00e3o b\u00e1sica deve ser reajustado anualmente em janeiro. Segundo&nbsp;entendimento da&nbsp;CNTE&nbsp;e do governo federal,&nbsp;o reajuste \u00e9 autom\u00e1tico e dever\u00e1 constar do sal\u00e1rio referente ao m\u00eas&nbsp;de janeiro, a ser pago em fevereiro.&nbsp;Mas na pr\u00e1tica n\u00e3o deve ser assim j\u00e1 que os munic\u00edpios t\u00eam alegado dificuldades financeiras para arcar com esse reajuste.<\/p>\n\n\n\n<h2 class=\"wp-block-heading\" id=\"divergencias\">Diverg\u00eancias<\/h2>\n\n\n\n<p>Um dia depois de o presidente Jair Bolsonaro adiantar o valor de reajuste do piso,&nbsp;a&nbsp;Confedera\u00e7\u00e3o Nacional dos Munic\u00edpios (CNM) criticou a medida afirmando que o Executivo federal coloca \u201cem primeiro lugar uma disputa eleitoral\u201d e joga a educa\u00e7\u00e3o \u201cpelo ralo\u201d.<\/p>\n\n\n\n<p>\u00c0 \u00e9poca,&nbsp;<a href=\"https:\/\/www.cnm.org.br\/comunicacao\/noticias\/nota-da-cnm-sobre-aumento-do-piso-do-magisterio-2022\" target=\"_blank\" rel=\"noreferrer noopener\">por meio de nota<\/a>, o&nbsp;presidente&nbsp;da entidade, Paulo Ziulkoski, destacou&nbsp;que o&nbsp;crit\u00e9rio&nbsp;de reajuste anual do piso do&nbsp;magist\u00e9rio&nbsp;foi revogado com a Lei 14.113\/2020, que regulamentou o novo Fundo de Manuten\u00e7\u00e3o e Desenvolvimento da Educa\u00e7\u00e3o B\u00e1sica e de Valoriza\u00e7\u00e3o dos Profissionais da Educa\u00e7\u00e3o (Fundeb), entendimento que,&nbsp;segundo ele,&nbsp;foi confirmado pelo&nbsp;pr\u00f3prio&nbsp;Minist\u00e9rio da Educa\u00e7\u00e3o, no dia&nbsp;14 de janeiro, com base em parecer&nbsp;jur\u00eddico&nbsp;da Advocacia-Geral da Uni\u00e3o (AGU).&nbsp;<\/p>\n\n\n\n<p>O Minist\u00e9rio da Educa\u00e7\u00e3o,&nbsp;por sua vez,&nbsp;informou que a defini\u00e7\u00e3o do valor se deu ap\u00f3s &#8220;estudo t\u00e9cnico e jur\u00eddico&#8221;, que, segundo a pasta, &#8220;permitiu a manuten\u00e7\u00e3o do crit\u00e9rio previsto na atual Lei 11.738 de 2008\u201d.<\/p>\n\n\n\n<p>Pelas contas da CNM,&nbsp;o reajuste anunciado pelo governo federal, de 33,24%,&nbsp; ter\u00e1&nbsp;impacto de R$ 30,46 bilh\u00f5es nos cofres dos munic\u00edpios, \u201ccolocando os&nbsp;entes locais em uma&nbsp;dif\u00edcil&nbsp;situa\u00e7\u00e3o&nbsp;fiscal e inviabilizando a gest\u00e3o da educa\u00e7\u00e3o no Brasil\u201d.<\/p>\n\n\n\n<p>\u201cPara se&nbsp;ter&nbsp;ideia do impacto, o repasse do Fundeb para este ano ser\u00e1 de R$ 226 milh\u00f5es. Com esse reajuste, estima-se que 90% dos recursos do fundo sejam utilizados para cobrir gastos com pessoal\u201d,&nbsp;ponderou o presidente da CNM.<\/p>\n\n\n\n<p>A entidade recomendou a corre\u00e7\u00e3o do piso pelo \u00cdndice Nacional de Pre\u00e7os ao Consumidor (INPC) medido nos 12 meses anteriores ao reajuste \u2013 a mesma m\u00e9trica usada na corre\u00e7\u00e3o do sal\u00e1rio m\u00ednimo geral&nbsp;e&nbsp;orientou os prefeitos a n\u00e3o pagarem o valor&nbsp;determinado pelo governo federal. O&nbsp;INPC&nbsp;fechou 2021 em 10,16%.<\/p>\n\n\n\n<p>Para o ministro da Educa\u00e7\u00e3o, os recursos existem e o governo federal pode socorrer munic\u00edpios que n\u00e3o consigam pagar o reajuste.<\/p>\n\n\n\n<p>\u201cVejo que h\u00e1 na&nbsp;m\u00eddia,&nbsp;muitas vezes, discuss\u00e3o de alguns gestores,&nbsp;sobretudo&nbsp;municipais e estaduais, que acham que o valor \u00e9&nbsp;muito grande. Lembro de no final do ano&nbsp;ter&nbsp;sido procurado por alguns prefeitos e at\u00e9 governadores&nbsp;com dificuldades,&nbsp;devido ao&nbsp;montante&nbsp;de recursos da educa\u00e7\u00e3o que tinham de usar, e me perguntaram, o que podemos fazer? A\u00ed foram b\u00f4nus, computadores&#8230;Os recursos existem&nbsp;e o governo federal, j\u00e1 h\u00e1 previs\u00e3o legal, pode, de maneira justificada,&nbsp;socorrer&nbsp;eventualmente&nbsp;um gestor que n\u00e3o consiga cumprir esse montante\u201d, afirmou.<\/p>\n\n\n\n<p>O presidente Jair Bolsonaro tamb\u00e9m citou a pol\u00eamica e afirmou que os recursos s\u00e3o do governo federal.\u00a0&#8220;Havia, sim, pedidos de muitos chefes de executivo estaduais e municipais querendo [reajuste] de 7%. O dinheiro \u00e9 de quem? Quem \u00e9 que repassa esse dinheiro para eles? Somos n\u00f3s, o governo federal. E a quem pertence a caneta Bic para assinar a portaria? Essa caneta Bic quem vai usar sou eu&#8221;, declarou.<\/p>\n\n\n\n<p>Fonte: Ag\u00eancia Brasil<\/p>\n","protected":false},"excerpt":{"rendered":"<p>O piso salarial nacional da categoria passa de R$ 2.886 para R$ 3.845 Uma cerim\u00f4nia&nbsp;no Pal\u00e1cio do Planalto, nesta&nbsp;sexta-feira (4), oficializou o&nbsp;reajuste de 33,23% para professores da rede p\u00fablica de&hellip;<\/p>\n","protected":false},"author":17,"featured_media":71006,"comment_status":"closed","ping_status":"closed","sticky":false,"template":"","format":"standard","meta":{"_lmt_disableupdate":"","_lmt_disable":"","footnotes":""},"categories":[84,83],"tags":[574,9756,283],"powerkit_post_featured":[],"class_list":{"0":"post-71005","1":"post","2":"type-post","3":"status-publish","4":"format-standard","5":"has-post-thumbnail","7":"category-brasil","8":"category-serra-gaucha","9":"tag-reajuste","10":"tag-salario-dos-professores","11":"tag-serra-gaucha"},"modified_by":"Igor Panzenhagen","_links":{"self":[{"href":"https:\/\/radiosolaris.com.br\/beta\/wp-json\/wp\/v2\/posts\/71005","targetHints":{"allow":["GET"]}}],"collection":[{"href":"https:\/\/radiosolaris.com.br\/beta\/wp-json\/wp\/v2\/posts"}],"about":[{"href":"https:\/\/radiosolaris.com.br\/beta\/wp-json\/wp\/v2\/types\/post"}],"author":[{"embeddable":true,"href":"https:\/\/radiosolaris.com.br\/beta\/wp-json\/wp\/v2\/users\/17"}],"replies":[{"embeddable":true,"href":"https:\/\/radiosolaris.com.br\/beta\/wp-json\/wp\/v2\/comments?post=71005"}],"version-history":[{"count":0,"href":"https:\/\/radiosolaris.com.br\/beta\/wp-json\/wp\/v2\/posts\/71005\/revisions"}],"wp:featuredmedia":[{"embeddable":true,"href":"https:\/\/radiosolaris.com.br\/beta\/wp-json\/wp\/v2\/media\/71006"}],"wp:attachment":[{"href":"https:\/\/radiosolaris.com.br\/beta\/wp-json\/wp\/v2\/media?parent=71005"}],"wp:term":[{"taxonomy":"category","embeddable":true,"href":"https:\/\/radiosolaris.com.br\/beta\/wp-json\/wp\/v2\/categories?post=71005"},{"taxonomy":"post_tag","embeddable":true,"href":"https:\/\/radiosolaris.com.br\/beta\/wp-json\/wp\/v2\/tags?post=71005"},{"taxonomy":"powerkit_post_featured","embeddable":true,"href":"https:\/\/radiosolaris.com.br\/beta\/wp-json\/wp\/v2\/powerkit_post_featured?post=71005"}],"curies":[{"name":"wp","href":"https:\/\/api.w.org\/{rel}","templated":true}]}}