{"id":70873,"date":"2022-02-03T16:16:50","date_gmt":"2022-02-03T19:16:50","guid":{"rendered":"https:\/\/radiosolaris.com.br\/beta\/?p=70873"},"modified":"2022-02-03T16:16:52","modified_gmt":"2022-02-03T19:16:52","slug":"samae-ja-registra-130-denuncias-de-desperdicio-de-agua-potavel-em-caxias-do-sul","status":"publish","type":"post","link":"https:\/\/radiosolaris.com.br\/beta\/samae-ja-registra-130-denuncias-de-desperdicio-de-agua-potavel-em-caxias-do-sul\/","title":{"rendered":"Samae j\u00e1 registra 130 den\u00fancias de desperd\u00edcio de \u00e1gua pot\u00e1vel em Caxias do Sul"},"content":{"rendered":"\n<h4 class=\"wp-block-heading\" id=\"em-caso-de-reincidencia-essas-pessoas-terao-de-pagar-multa-no-valor-correspondente-a-10-tarifas-minimas\">Em caso de reincid\u00eancia, essas pessoas ter\u00e3o de pagar multa no valor correspondente a 10 tarifas m\u00ednimas<\/h4>\n\n\n\n<p>O Servi\u00e7o Aut\u00f4nomo Municipal de \u00c1gua e Esgoto (Samae) j\u00e1 registrou 130 den\u00fancias de uso indevido da \u00e1gua, tendo emitido 64 notifica\u00e7\u00f5es at\u00e9 esta quinta-feira (3). Desde o dia 25 de janeiro est\u00e1 proibido fazer uso de \u00e1gua tratada para lavagem cal\u00e7adas e similares em Caxias do Sul, como forma de economizar \u00e1gua. Apesar das chuvas nos \u00faltimos dias, as represas do munic\u00edpio seguem com o n\u00edvel muito abaixo do que \u00e9 considerado o ideal. <\/p>\n\n\n\n<p>A maior incid\u00eancia de den\u00fancias refere-se \u00e0 lavagem de cal\u00e7adas, carros e pr\u00e9dios. Os bairros que concentram o maior n\u00famero de casos s\u00e3o Centro e Jardim Am\u00e9rica. At\u00e9 o momento, nenhum auto de infra\u00e7\u00e3o foi lavrado. No entanto, em caso de reincid\u00eancia, a pessoa que for flagrada desperdi\u00e7ando \u00e1gua pode pagar multa no valor de 10 taxas m\u00ednimas do Samae.<\/p>\n\n\n\n<figure class=\"wp-block-gallery has-nested-images columns-default is-cropped wp-block-gallery-1 is-layout-flex wp-block-gallery-is-layout-flex\">\n<figure class=\"wp-block-image size-large\"><img  loading=\"lazy\"  decoding=\"async\"  width=\"1000\"  height=\"666\"  data-id=\"70874\"  src=\"data:image\/png;base64,iVBORw0KGgoAAAANSUhEUgAAAAEAAAABAQMAAAAl21bKAAAAA1BMVEUAAP+KeNJXAAAAAXRSTlMAQObYZgAAAAlwSFlzAAAOxAAADsQBlSsOGwAAAApJREFUCNdjYAAAAAIAAeIhvDMAAAAASUVORK5CYII=\"  alt=\"\"  class=\"wp-image-70874 pk-lazyload\"  data-pk-sizes=\"auto\"  data-pk-src=\"https:\/\/radiosolaris.com.br\/beta\/wp-content\/uploads\/2022\/02\/samae-vbrt.jpg\" ><\/figure>\n<\/figure>\n\n\n\n<p><\/p>\n\n\n\n<p><strong>Entenda mais sobre o decreto que pro\u00edbe o desperd\u00edcio de \u00e1gua pot\u00e1vel em Caxias<\/strong><\/p>\n\n\n\n<p>O decreto n\u00b0 21.905 pro\u00edbe o uso de \u00e1gua tratada para lavar cal\u00e7adas ou passeios p\u00fablicos de \u00e1reas residenciais, comerciais ou industriais, al\u00e9m de ve\u00edculos. A pr\u00e1tica de irrigar plantas e jardins tamb\u00e9m deve ser evitada, bem como encher piscinas. \u00c9 importante esclarecer que o decreto prev\u00ea a possibilidade da continuidade dos servi\u00e7os proibidos por meio da utiliza\u00e7\u00e3o de \u00e1gua de fontes alternativas e reuso.<\/p>\n\n\n\n<p>Conforme o superintendente comercial do Samae, M\u00e1rcio Gasparetto, utilizar \u00e1gua n\u00e3o proveniente da autarquia traz o \u00f4nus de algu\u00e9m se tornar respons\u00e1vel pela gest\u00e3o qualitativa e quantitativa desse insumo. \u201cCuidados espec\u00ed\ufb01cos devem ser considerados para que n\u00e3o haja risco de contamina\u00e7\u00e3o a pessoas ou produtos ou de dano a equipamentos. O sistema hidr\u00e1ulico deve ser independente e identi\ufb01cado, torneiras de \u00e1gua n\u00e3o pot\u00e1vel devem ser de acesso restrito, equipes devem ser capacitadas e devem ser previstos reservat\u00f3rios espec\u00ed\ufb01cos, entre outras a\u00e7\u00f5es, para garantia de bons resultados\u201d, explica. Gasparetto tamb\u00e9m recomenda a participa\u00e7\u00e3o de um pro\ufb01ssional especialista na avalia\u00e7\u00e3o do uso de fontes alternativas de \u00e1gua, al\u00e9m da implanta\u00e7\u00e3o de um sistema de gest\u00e3o da \u00e1gua para monitoramento permanente.<\/p>\n\n\n\n<p>Os moradores que forem flagrados ou denunciados por outros tipos de uso que caracterizem o desperd\u00edcio tamb\u00e9m poder\u00e3o ser autuados. Na primeira infra\u00e7\u00e3o, o usu\u00e1rio ser\u00e1 alertado e orientado. Em caso de reincid\u00eancia, ser\u00e1 aplicada uma multa no valor correspondente a 10 tarifas m\u00ednimas de \u00e1gua de cada categoria. Den\u00fancias de uso irracional da \u00e1gua poder\u00e3o ser feitas por meio do telefone 115 ou pela plataforma de WhatsApp (54) 9 9180-0893.<\/p>\n\n\n\n<figure class=\"wp-block-gallery has-nested-images columns-default is-cropped wp-block-gallery-2 is-layout-flex wp-block-gallery-is-layout-flex\">\n<figure class=\"wp-block-image size-large\"><img  loading=\"lazy\"  decoding=\"async\"  width=\"1000\"  height=\"666\"  data-id=\"70875\"  src=\"data:image\/png;base64,iVBORw0KGgoAAAANSUhEUgAAAAEAAAABAQMAAAAl21bKAAAAA1BMVEUAAP+KeNJXAAAAAXRSTlMAQObYZgAAAAlwSFlzAAAOxAAADsQBlSsOGwAAAApJREFUCNdjYAAAAAIAAeIhvDMAAAAASUVORK5CYII=\"  alt=\"\"  class=\"wp-image-70875 pk-lazyload\"  data-pk-sizes=\"auto\"  data-ls-sizes=\"auto, (max-width: 1000px) 100vw, 1000px\"  data-pk-src=\"https:\/\/radiosolaris.com.br\/beta\/wp-content\/uploads\/2022\/02\/same-dfd.jpg\"  data-pk-srcset=\"https:\/\/radiosolaris.com.br\/beta\/wp-content\/uploads\/2022\/02\/same-dfd.jpg 1000w, https:\/\/radiosolaris.com.br\/beta\/wp-content\/uploads\/2022\/02\/same-dfd-300x200.jpg 300w, https:\/\/radiosolaris.com.br\/beta\/wp-content\/uploads\/2022\/02\/same-dfd-768x511.jpg 768w\" ><\/figure>\n<\/figure>\n\n\n\n<p>Fotos: Andr\u00e9ia Copini<\/p>\n","protected":false},"excerpt":{"rendered":"<p>Em caso de reincid\u00eancia, essas pessoas ter\u00e3o de pagar multa no valor correspondente a 10 tarifas m\u00ednimas O Servi\u00e7o Aut\u00f4nomo Municipal de \u00c1gua e Esgoto (Samae) j\u00e1 registrou 130 den\u00fancias&hellip;<\/p>\n","protected":false},"author":17,"featured_media":70197,"comment_status":"closed","ping_status":"closed","sticky":false,"template":"","format":"standard","meta":{"_lmt_disableupdate":"","_lmt_disable":"","footnotes":""},"categories":[83],"tags":[2146,148,6329,791,9725,5184,283],"powerkit_post_featured":[],"class_list":{"0":"post-70873","1":"post","2":"type-post","3":"status-publish","4":"format-standard","5":"has-post-thumbnail","7":"category-serra-gaucha","8":"tag-agua","9":"tag-caxias-do-sul","10":"tag-desperdicio","11":"tag-multa","12":"tag-samaerepresas","13":"tag-seca","14":"tag-serra-gaucha"},"modified_by":"Igor Panzenhagen","_links":{"self":[{"href":"https:\/\/radiosolaris.com.br\/beta\/wp-json\/wp\/v2\/posts\/70873","targetHints":{"allow":["GET"]}}],"collection":[{"href":"https:\/\/radiosolaris.com.br\/beta\/wp-json\/wp\/v2\/posts"}],"about":[{"href":"https:\/\/radiosolaris.com.br\/beta\/wp-json\/wp\/v2\/types\/post"}],"author":[{"embeddable":true,"href":"https:\/\/radiosolaris.com.br\/beta\/wp-json\/wp\/v2\/users\/17"}],"replies":[{"embeddable":true,"href":"https:\/\/radiosolaris.com.br\/beta\/wp-json\/wp\/v2\/comments?post=70873"}],"version-history":[{"count":0,"href":"https:\/\/radiosolaris.com.br\/beta\/wp-json\/wp\/v2\/posts\/70873\/revisions"}],"wp:featuredmedia":[{"embeddable":true,"href":"https:\/\/radiosolaris.com.br\/beta\/wp-json\/wp\/v2\/media\/70197"}],"wp:attachment":[{"href":"https:\/\/radiosolaris.com.br\/beta\/wp-json\/wp\/v2\/media?parent=70873"}],"wp:term":[{"taxonomy":"category","embeddable":true,"href":"https:\/\/radiosolaris.com.br\/beta\/wp-json\/wp\/v2\/categories?post=70873"},{"taxonomy":"post_tag","embeddable":true,"href":"https:\/\/radiosolaris.com.br\/beta\/wp-json\/wp\/v2\/tags?post=70873"},{"taxonomy":"powerkit_post_featured","embeddable":true,"href":"https:\/\/radiosolaris.com.br\/beta\/wp-json\/wp\/v2\/powerkit_post_featured?post=70873"}],"curies":[{"name":"wp","href":"https:\/\/api.w.org\/{rel}","templated":true}]}}