{"id":70631,"date":"2022-01-31T11:40:04","date_gmt":"2022-01-31T14:40:04","guid":{"rendered":"https:\/\/radiosolaris.com.br\/beta\/?p=70631"},"modified":"2022-01-31T11:40:06","modified_gmt":"2022-01-31T14:40:06","slug":"hospital-sao-jose-realiza-plantao-covid-19-das-10h-as-22h","status":"publish","type":"post","link":"https:\/\/radiosolaris.com.br\/beta\/hospital-sao-jose-realiza-plantao-covid-19-das-10h-as-22h\/","title":{"rendered":"Hospital S\u00e3o Jos\u00e9 realiza plant\u00e3o Covid-19 das 10h \u00e0s 22h"},"content":{"rendered":"\n<h4 class=\"wp-block-heading\" id=\"servico-e-realizado-em-parceria-com-as-secretarias-de-saude-de-antonio-prado-e-ipe\">Servi\u00e7o \u00e9 realizado em parceria com as Secret\u00e1rias de Sa\u00fade de Ant\u00f4nio Prado e Ip\u00ea<\/h4>\n\n\n\n<p>Na manh\u00e3 desta segunda-feira (31), ouvintes entraram em contato com a R\u00e1dio Solaris de Ant\u00f4nio Prado reclamando que estavam sendo transferidos da Unidade B\u00e1sica de Sa\u00fade (UBS) Centro at\u00e9 o hospital S\u00e3o Jos\u00e9 (HSJ) para o atendimento e a realiza\u00e7\u00e3o de testes contra a Covid-19. Conforme relatos os atendimentos no posto s\u00e3o realizados at\u00e9 as 10h e posteriormente sendo transferidos ao hospital.<\/p>\n\n\n\n<p>A Secretaria de Sa\u00fade do munic\u00edpio foi contatada e segundo a secret\u00e1ria, Jordana Serafim tanto a Sa\u00fade de Ant\u00f4nio Prado como Ip\u00ea contrataram o HSJ, para disponibilizar a popula\u00e7\u00e3o um plant\u00e3o exclusivo Covid-19 no per\u00edodo das 10h \u00e0s 22h,portanto a UBS tem a responsabilidade de atender casos e testes at\u00e9 \u00e0s 10h.<\/p>\n\n\n\n<p>Serafim explica que a sobrecarga dentro das UBS\u2019s estava al\u00e9m da capacidade humana e muitos profissionais adoeceram o que reduziu o n\u00famero da equipe. \u201cSe faz um atendimento at\u00e9 este hor\u00e1rio e depois se encaminha para o hospital. N\u00e3o \u00e9 que n\u00e3o se atenda nas UBS\u2019s \u00e9 uma contrata\u00e7\u00e3o para que o atendimento aconte\u00e7a l\u00e1,\u201d completa.<\/p>\n\n\n\n<p>A secret\u00e1ria salienta ainda que mesmo com a alta demanda e a alta procura por testes eles n\u00e3o faltaram e que independente do local o atendimento ser\u00e1 feito. \u201cHoje passamos por um dia at\u00edpico nos atendimentos, por isso em alguns casos o pessoal aguardou e foi transferido, mas isso j\u00e1 foi ajustado dentro da Unidade de Sa\u00fade.\u201d<\/p>\n\n\n\n<p>Para mais informa\u00e7\u00f5es a UBS Centro pode ser contatada pelo telefone (54) 3293-5665.<\/p>\n\n\n\n<p>Fonte: Rep\u00f3rter Gustavo Zanotto<\/p>\n","protected":false},"excerpt":{"rendered":"<p>Servi\u00e7o \u00e9 realizado em parceria com as Secret\u00e1rias de Sa\u00fade de Ant\u00f4nio Prado e Ip\u00ea Na manh\u00e3 desta segunda-feira (31), ouvintes entraram em contato com a R\u00e1dio Solaris de Ant\u00f4nio&hellip;<\/p>\n","protected":false},"author":20,"featured_media":70632,"comment_status":"closed","ping_status":"closed","sticky":false,"template":"","format":"standard","meta":{"_lmt_disableupdate":"","_lmt_disable":"","footnotes":""},"categories":[1855],"tags":[143,1369,2752,3137,116],"powerkit_post_featured":[],"class_list":{"0":"post-70631","1":"post","2":"type-post","3":"status-publish","4":"format-standard","5":"has-post-thumbnail","7":"category-saude","8":"tag-antonio-prado","9":"tag-atendimento","10":"tag-coronavirus","11":"tag-covid-19","12":"tag-ipe"},"modified_by":"Gustavo Zanotto","_links":{"self":[{"href":"https:\/\/radiosolaris.com.br\/beta\/wp-json\/wp\/v2\/posts\/70631","targetHints":{"allow":["GET"]}}],"collection":[{"href":"https:\/\/radiosolaris.com.br\/beta\/wp-json\/wp\/v2\/posts"}],"about":[{"href":"https:\/\/radiosolaris.com.br\/beta\/wp-json\/wp\/v2\/types\/post"}],"author":[{"embeddable":true,"href":"https:\/\/radiosolaris.com.br\/beta\/wp-json\/wp\/v2\/users\/20"}],"replies":[{"embeddable":true,"href":"https:\/\/radiosolaris.com.br\/beta\/wp-json\/wp\/v2\/comments?post=70631"}],"version-history":[{"count":0,"href":"https:\/\/radiosolaris.com.br\/beta\/wp-json\/wp\/v2\/posts\/70631\/revisions"}],"wp:featuredmedia":[{"embeddable":true,"href":"https:\/\/radiosolaris.com.br\/beta\/wp-json\/wp\/v2\/media\/70632"}],"wp:attachment":[{"href":"https:\/\/radiosolaris.com.br\/beta\/wp-json\/wp\/v2\/media?parent=70631"}],"wp:term":[{"taxonomy":"category","embeddable":true,"href":"https:\/\/radiosolaris.com.br\/beta\/wp-json\/wp\/v2\/categories?post=70631"},{"taxonomy":"post_tag","embeddable":true,"href":"https:\/\/radiosolaris.com.br\/beta\/wp-json\/wp\/v2\/tags?post=70631"},{"taxonomy":"powerkit_post_featured","embeddable":true,"href":"https:\/\/radiosolaris.com.br\/beta\/wp-json\/wp\/v2\/powerkit_post_featured?post=70631"}],"curies":[{"name":"wp","href":"https:\/\/api.w.org\/{rel}","templated":true}]}}