{"id":70481,"date":"2022-01-28T14:37:42","date_gmt":"2022-01-28T17:37:42","guid":{"rendered":"https:\/\/radiosolaris.com.br\/beta\/?p=70481"},"modified":"2022-01-28T14:37:44","modified_gmt":"2022-01-28T17:37:44","slug":"prefeitura-de-ipe-amplia-convenio-com-bombeiros-voluntarios","status":"publish","type":"post","link":"https:\/\/radiosolaris.com.br\/beta\/prefeitura-de-ipe-amplia-convenio-com-bombeiros-voluntarios\/","title":{"rendered":"Prefeitura de Ip\u00ea amplia conv\u00eanio com Bombeiros Volunt\u00e1rios"},"content":{"rendered":"\n<h4 class=\"wp-block-heading\" id=\"o-valor-do-repasse-do-convenio-teve-um-aumento-de-20-neste-ano\">O valor do repasse do conv\u00eanio teve um aumento de 20% neste ano<\/h4>\n\n\n\n<p>Nesta manh\u00e3 (28) no munic\u00edpio de Ip\u00ea foi assinado o conv\u00eanio de repasse para o Corpo de Bombeiros Volunt\u00e1rios de Ant\u00f4nio Prado no valor de R$ 30 mil. Para o ano de 2022, o valor do repasse do conv\u00eanio teve um aumento de 20%.<\/p>\n\n\n\n<p>O prefeito em exerc\u00edcio Jos\u00e9 M\u00e1rio Grazziotin, realizou a assinatura junto a presidente da entidade Graziela Geremia Mezzalira, no gabinete do Prefeito.<\/p>\n\n\n\n<p>Na quarta-feira (25) havia sido realizado em Ant\u00f4nio Prado, uma reuni\u00e3o com o Corpo de Bombeiros Volunt\u00e1rios do munic\u00edpio para tratar sobre a busca de apoio financeiro a institui\u00e7\u00e3o.<\/p>\n\n\n\n<p>No encontro foram debatidos os desafios e dificuldades da entidade e sobre as parcerias realizadas por Ant\u00f4nio Prado e Ip\u00ea as quais atualmente s\u00e3o insuficientes para manter o atendimento prestado, visto que a EGR n\u00e3o renovou o contrato que possu\u00eda com os Bombeiros Volunt\u00e1rios.<\/p>\n\n\n\n<p>Fonte: Rep\u00f3rter Gustavo Zanotto<\/p>\n","protected":false},"excerpt":{"rendered":"<p>O valor do repasse do conv\u00eanio teve um aumento de 20% neste ano Nesta manh\u00e3 (28) no munic\u00edpio de Ip\u00ea foi assinado o conv\u00eanio de repasse para o Corpo de&hellip;<\/p>\n","protected":false},"author":20,"featured_media":70482,"comment_status":"closed","ping_status":"closed","sticky":false,"template":"","format":"standard","meta":{"_lmt_disableupdate":"","_lmt_disable":"","footnotes":""},"categories":[1],"tags":[500,116,1084],"powerkit_post_featured":[],"class_list":{"0":"post-70481","1":"post","2":"type-post","3":"status-publish","4":"format-standard","5":"has-post-thumbnail","7":"category-geral","8":"tag-bombeiros-voluntarios","9":"tag-ipe","10":"tag-repasse"},"modified_by":"Gustavo Zanotto","_links":{"self":[{"href":"https:\/\/radiosolaris.com.br\/beta\/wp-json\/wp\/v2\/posts\/70481","targetHints":{"allow":["GET"]}}],"collection":[{"href":"https:\/\/radiosolaris.com.br\/beta\/wp-json\/wp\/v2\/posts"}],"about":[{"href":"https:\/\/radiosolaris.com.br\/beta\/wp-json\/wp\/v2\/types\/post"}],"author":[{"embeddable":true,"href":"https:\/\/radiosolaris.com.br\/beta\/wp-json\/wp\/v2\/users\/20"}],"replies":[{"embeddable":true,"href":"https:\/\/radiosolaris.com.br\/beta\/wp-json\/wp\/v2\/comments?post=70481"}],"version-history":[{"count":0,"href":"https:\/\/radiosolaris.com.br\/beta\/wp-json\/wp\/v2\/posts\/70481\/revisions"}],"wp:featuredmedia":[{"embeddable":true,"href":"https:\/\/radiosolaris.com.br\/beta\/wp-json\/wp\/v2\/media\/70482"}],"wp:attachment":[{"href":"https:\/\/radiosolaris.com.br\/beta\/wp-json\/wp\/v2\/media?parent=70481"}],"wp:term":[{"taxonomy":"category","embeddable":true,"href":"https:\/\/radiosolaris.com.br\/beta\/wp-json\/wp\/v2\/categories?post=70481"},{"taxonomy":"post_tag","embeddable":true,"href":"https:\/\/radiosolaris.com.br\/beta\/wp-json\/wp\/v2\/tags?post=70481"},{"taxonomy":"powerkit_post_featured","embeddable":true,"href":"https:\/\/radiosolaris.com.br\/beta\/wp-json\/wp\/v2\/powerkit_post_featured?post=70481"}],"curies":[{"name":"wp","href":"https:\/\/api.w.org\/{rel}","templated":true}]}}