{"id":70263,"date":"2022-01-26T09:23:08","date_gmt":"2022-01-26T12:23:08","guid":{"rendered":"https:\/\/radiosolaris.com.br\/beta\/?p=70263"},"modified":"2022-01-26T09:23:09","modified_gmt":"2022-01-26T12:23:09","slug":"flores-da-cunha-recebe-r-35-mil-para-castracao-de-caes-e-gatos","status":"publish","type":"post","link":"https:\/\/radiosolaris.com.br\/beta\/flores-da-cunha-recebe-r-35-mil-para-castracao-de-caes-e-gatos\/","title":{"rendered":"Flores da Cunha recebe R$ 35 mil para castra\u00e7\u00e3o de c\u00e3es e gatos"},"content":{"rendered":"\n<h4 class=\"wp-block-heading\" id=\"o-convenio-e-uma-parceria-firmada-entre-a-administracao-municipal-e-o-governo-do-estado\">O convenio \u00e9 uma parceria firmada entre a administra\u00e7\u00e3o municipal e o governo do Estado<\/h4>\n\n\n\n<p>Flores da Cunha deve receber R$ 35 mil para a realiza\u00e7\u00e3o de cerca de 200 castra\u00e7\u00f5es de c\u00e3es e gatos de fam\u00edlias em situa\u00e7\u00e3o de vulnerabilidade e animais comunit\u00e1rios. O valor faz parte do Programa Melhores Amigos \u2013 bicho sente como gente, que foi firmado na tarde desta ter\u00e7a-feira (25), entre a administra\u00e7\u00e3o municipal e o governo do Estado.<\/p>\n\n\n\n<p>\u201cCorremos atr\u00e1s desta parceria com o Estado, por meio da Secretaria da Igualdade, Cidadania, Direitos Humanos e Assist\u00eancia Social, que \u00e9 de fundamental import\u00e2ncia e fortalece a atua\u00e7\u00e3o da Upeva em Flores da Cunha. A administra\u00e7\u00e3o municipal, atenta \u00e0 causa animal, destina recursos para a alimenta\u00e7\u00e3o dos c\u00e3es assistidos pela ONG e para castra\u00e7\u00f5es. Al\u00e9m disso, o projeto da Estrutura Administrativa, que ainda n\u00e3o foi votado pelo Legislativo, prev\u00ea uma pessoa para trabalhar na causa do bem-estar animal, auxiliando diariamente as necessidades do Canil e da ONG\u201d, destaca o prefeito. Ulian tamb\u00e9m relata que um projeto de revitaliza\u00e7\u00e3o do Canil Municipal est\u00e1 sendo realizado.<\/p>\n\n\n\n<p>A execu\u00e7\u00e3o do programa Melhores Amigos \u2013 Bicho sente como gente \u00e9 poss\u00edvel devido \u00e0 Lei Complementar 15.595, de 19 de janeiro de 2021, do executivo estadual que d\u00e1 compet\u00eancia \u00e0 Secretaria da Igualdade, Cidadania, Direitos Humanos e Assist\u00eancia Social (SICDHAS) para tratar das pol\u00edticas p\u00fablicas ligadas \u00e0 prote\u00e7\u00e3o e aos direitos animais.<\/p>\n\n\n\n<figure class=\"wp-block-gallery has-nested-images columns-default is-cropped wp-block-gallery-1 is-layout-flex wp-block-gallery-is-layout-flex\">\n<figure class=\"wp-block-image size-large\"><a href=\"https:\/\/radiosolaris.com.br\/beta\/wp-content\/uploads\/2022\/01\/20220125200420.jpeg\"><img  loading=\"lazy\"  decoding=\"async\"  width=\"800\"  height=\"767\"  data-id=\"70264\"  src=\"data:image\/png;base64,iVBORw0KGgoAAAANSUhEUgAAAAEAAAABAQMAAAAl21bKAAAAA1BMVEUAAP+KeNJXAAAAAXRSTlMAQObYZgAAAAlwSFlzAAAOxAAADsQBlSsOGwAAAApJREFUCNdjYAAAAAIAAeIhvDMAAAAASUVORK5CYII=\"  alt=\"\"  class=\"wp-image-70264 pk-lazyload\"  data-pk-sizes=\"auto\"  data-ls-sizes=\"auto, (max-width: 800px) 100vw, 800px\"  data-pk-src=\"https:\/\/radiosolaris.com.br\/beta\/wp-content\/uploads\/2022\/01\/20220125200420.jpeg\"  data-pk-srcset=\"https:\/\/radiosolaris.com.br\/beta\/wp-content\/uploads\/2022\/01\/20220125200420.jpeg 800w, https:\/\/radiosolaris.com.br\/beta\/wp-content\/uploads\/2022\/01\/20220125200420-300x288.jpeg 300w, https:\/\/radiosolaris.com.br\/beta\/wp-content\/uploads\/2022\/01\/20220125200420-768x736.jpeg 768w\" ><\/a><figcaption>Foto: Assessoria de Imprensa Prefeitura de Flores da Cunha<\/figcaption><\/figure>\n<\/figure>\n","protected":false},"excerpt":{"rendered":"<p>O convenio \u00e9 uma parceria firmada entre a administra\u00e7\u00e3o municipal e o governo do Estado Flores da Cunha deve receber R$ 35 mil para a realiza\u00e7\u00e3o de cerca de 200&hellip;<\/p>\n","protected":false},"author":16,"featured_media":48565,"comment_status":"closed","ping_status":"closed","sticky":false,"template":"","format":"standard","meta":{"_lmt_disableupdate":"","_lmt_disable":"","footnotes":""},"categories":[83],"tags":[683,9649,114,3105,992,283,1279,9608],"powerkit_post_featured":[],"class_list":{"0":"post-70263","1":"post","2":"type-post","3":"status-publish","4":"format-standard","5":"has-post-thumbnail","7":"category-serra-gaucha","8":"tag-animais","9":"tag-castracao-de-animais","10":"tag-flores-da-cunha","11":"tag-prefeitura-de-flores-da-cunha","12":"tag-serra","13":"tag-serra-gaucha","14":"tag-upeva","15":"tag-upeva-flores-da-cunha"},"modified_by":"Bruna Picinini","_links":{"self":[{"href":"https:\/\/radiosolaris.com.br\/beta\/wp-json\/wp\/v2\/posts\/70263","targetHints":{"allow":["GET"]}}],"collection":[{"href":"https:\/\/radiosolaris.com.br\/beta\/wp-json\/wp\/v2\/posts"}],"about":[{"href":"https:\/\/radiosolaris.com.br\/beta\/wp-json\/wp\/v2\/types\/post"}],"author":[{"embeddable":true,"href":"https:\/\/radiosolaris.com.br\/beta\/wp-json\/wp\/v2\/users\/16"}],"replies":[{"embeddable":true,"href":"https:\/\/radiosolaris.com.br\/beta\/wp-json\/wp\/v2\/comments?post=70263"}],"version-history":[{"count":0,"href":"https:\/\/radiosolaris.com.br\/beta\/wp-json\/wp\/v2\/posts\/70263\/revisions"}],"wp:featuredmedia":[{"embeddable":true,"href":"https:\/\/radiosolaris.com.br\/beta\/wp-json\/wp\/v2\/media\/48565"}],"wp:attachment":[{"href":"https:\/\/radiosolaris.com.br\/beta\/wp-json\/wp\/v2\/media?parent=70263"}],"wp:term":[{"taxonomy":"category","embeddable":true,"href":"https:\/\/radiosolaris.com.br\/beta\/wp-json\/wp\/v2\/categories?post=70263"},{"taxonomy":"post_tag","embeddable":true,"href":"https:\/\/radiosolaris.com.br\/beta\/wp-json\/wp\/v2\/tags?post=70263"},{"taxonomy":"powerkit_post_featured","embeddable":true,"href":"https:\/\/radiosolaris.com.br\/beta\/wp-json\/wp\/v2\/powerkit_post_featured?post=70263"}],"curies":[{"name":"wp","href":"https:\/\/api.w.org\/{rel}","templated":true}]}}