{"id":69916,"date":"2022-01-21T08:43:47","date_gmt":"2022-01-21T11:43:47","guid":{"rendered":"https:\/\/radiosolaris.com.br\/beta\/?p=69916"},"modified":"2022-01-21T08:43:48","modified_gmt":"2022-01-21T11:43:48","slug":"terceiro-suspeito-de-matar-pai-e-filho-apos-jogo-do-juventude-e-preso-em-caxias","status":"publish","type":"post","link":"https:\/\/radiosolaris.com.br\/beta\/terceiro-suspeito-de-matar-pai-e-filho-apos-jogo-do-juventude-e-preso-em-caxias\/","title":{"rendered":"Terceiro suspeito de matar pai e filho ap\u00f3s jogo do Juventude \u00e9 preso em Caxias"},"content":{"rendered":"\n<h4 id=\"motivo-do-crime-que-aconteceu-em-dezembro-passado-seria-um-desentendimento-de-uma-das-vitimas-com-o-suspeito\" class=\"wp-block-heading\">Motivo do crime, que aconteceu em dezembro passado, seria um desentendimento de uma das v\u00edtimas com o suspeito<\/h4>\n\n\n\n<p>Foi preso temporariamente o terceiro e \u00faltimo suspeito de ter matado, a tiros, pai e filho, no dia 10 de dezembro do ano passado, ap\u00f3s jogo do Juventude, no est\u00e1dio Alfredo Jaconi, em Caxias. <\/p>\n\n\n\n<p>Nesta quinta-feira (20), a Pol\u00edcia Civil, por meio do Departamento Estadual de Homic\u00eddios e Prote\u00e7\u00e3o \u00e0 Pessoa (DPHPP), cumpriu ordem judicial de pris\u00e3o tempor\u00e1ria referente \u00e0 \u201cOpera\u00e7\u00e3o Jaconi\u201d, que buscou identificar os envolvidos na pr\u00e1tica de um duplo homic\u00eddio consumado e um duplo homic\u00eddio tentado.<\/p>\n\n\n\n<p>Segundo relado da Pol\u00edcia Civil, a motiva\u00e7\u00e3o do crime seria a exist\u00eancia de um antigo desentendimento entre uma das v\u00edtimas fatais e o suspeito. Outras duas pessoas foram atingidas no tiroteio e encaminhadas para atendimento no hospital.<\/p>\n\n\n\n<p>O homem preso, de 31 anos, possui antecedentes policias por furto e posse de entorpecente. Ele foi encaminhado ao Sistema Penitenci\u00e1rio e colocado \u00e0 disposi\u00e7\u00e3o da Justi\u00e7a.<\/p>\n","protected":false},"excerpt":{"rendered":"<p>Motivo do crime, que aconteceu em dezembro passado, seria um desentendimento de uma das v\u00edtimas com o suspeito Foi preso temporariamente o terceiro e \u00faltimo suspeito de ter matado, a&hellip;<\/p>\n","protected":false},"author":19,"featured_media":37207,"comment_status":"closed","ping_status":"closed","sticky":false,"template":"","format":"standard","meta":{"_lmt_disableupdate":"","_lmt_disable":"","footnotes":""},"categories":[83],"tags":[9192,148,1865,745,303,283,2782],"powerkit_post_featured":[],"class_list":{"0":"post-69916","1":"post","2":"type-post","3":"status-publish","4":"format-standard","5":"has-post-thumbnail","7":"category-serra-gaucha","8":"tag-alfredo-jaconi","9":"tag-caxias-do-sul","10":"tag-homicidio-2","11":"tag-juventude","12":"tag-prisao","13":"tag-serra-gaucha","14":"tag-suspeito"},"modified_by":"Luciano Pettorini","_links":{"self":[{"href":"https:\/\/radiosolaris.com.br\/beta\/wp-json\/wp\/v2\/posts\/69916","targetHints":{"allow":["GET"]}}],"collection":[{"href":"https:\/\/radiosolaris.com.br\/beta\/wp-json\/wp\/v2\/posts"}],"about":[{"href":"https:\/\/radiosolaris.com.br\/beta\/wp-json\/wp\/v2\/types\/post"}],"author":[{"embeddable":true,"href":"https:\/\/radiosolaris.com.br\/beta\/wp-json\/wp\/v2\/users\/19"}],"replies":[{"embeddable":true,"href":"https:\/\/radiosolaris.com.br\/beta\/wp-json\/wp\/v2\/comments?post=69916"}],"version-history":[{"count":0,"href":"https:\/\/radiosolaris.com.br\/beta\/wp-json\/wp\/v2\/posts\/69916\/revisions"}],"wp:featuredmedia":[{"embeddable":true,"href":"https:\/\/radiosolaris.com.br\/beta\/wp-json\/wp\/v2\/media\/37207"}],"wp:attachment":[{"href":"https:\/\/radiosolaris.com.br\/beta\/wp-json\/wp\/v2\/media?parent=69916"}],"wp:term":[{"taxonomy":"category","embeddable":true,"href":"https:\/\/radiosolaris.com.br\/beta\/wp-json\/wp\/v2\/categories?post=69916"},{"taxonomy":"post_tag","embeddable":true,"href":"https:\/\/radiosolaris.com.br\/beta\/wp-json\/wp\/v2\/tags?post=69916"},{"taxonomy":"powerkit_post_featured","embeddable":true,"href":"https:\/\/radiosolaris.com.br\/beta\/wp-json\/wp\/v2\/powerkit_post_featured?post=69916"}],"curies":[{"name":"wp","href":"https:\/\/api.w.org\/{rel}","templated":true}]}}