{"id":69875,"date":"2022-01-20T15:17:14","date_gmt":"2022-01-20T18:17:14","guid":{"rendered":"https:\/\/radiosolaris.com.br\/beta\/?p=69875"},"modified":"2022-01-20T15:17:16","modified_gmt":"2022-01-20T18:17:16","slug":"projeto-move-te-abre-inscricoes-em-caxias-do-sul","status":"publish","type":"post","link":"https:\/\/radiosolaris.com.br\/beta\/projeto-move-te-abre-inscricoes-em-caxias-do-sul\/","title":{"rendered":"Projeto Move-te abre inscri\u00e7\u00f5es em Caxias do Sul"},"content":{"rendered":"\n<h4 id=\"maiores-de-18-anos-podem-participar-das-atividades-fisicas-supervisionadas-de-1-a-24-de-fevereiro\" class=\"wp-block-heading\">Maiores de 18 anos podem participar das atividades f\u00edsicas supervisionadas, de 1\u00b0 a 24 de fevereiro<\/h4>\n\n\n\n<p>O Projeto Move-te est\u00e1 com as inscri\u00e7\u00f5es abertas em Caxias do Sul. Atendendo grupos de 18 a 59 anos, e tamb\u00e9m acima de 60 anos, ter\u00e1 atividades f\u00edsicas supervisionadas dois dias por semana, de 1\u00ba a 24 de fevereiro.<\/p>\n\n\n\n<p>Com o objetivo de proporcionar melhora na capacidade f\u00edsica, as atividades tamb\u00e9m auxiliam no condicionamento cardiorrespirat\u00f3rio, resist\u00eancia muscular, flexibilidade, equil\u00edbrio, for\u00e7a, resist\u00eancia, etc. As aulas s\u00e3o planejadas por profissionais de Educa\u00e7\u00e3o F\u00edsica, de acordo com as caracter\u00edsticas e necessidades de cada grupo.<\/p>\n\n\n\n<p>A secretaria informa que ser\u00e3o seguidos todos os protocolos de sa\u00fade e higieniza\u00e7\u00e3o, sendo indispens\u00e1vel o uso de m\u00e1scara e \u00e1lcool gel. O participante dever\u00e1 levar sua pr\u00f3pria garrafa com \u00e1gua, e n\u00e3o ser\u00e3o permitidos acompanhantes durante as atividades.<\/p>\n\n\n\n<p>As inscri\u00e7\u00f5es s\u00e3o gratuitas, por\u00e9m, limitadas. Os interessados dever\u00e3o contatar a Smel pelo telefone (54) 3901-1265, das 8h \u00e0s 16h.<\/p>\n\n\n\n<p><strong>Confira os locais e hor\u00e1rios das atividades do Move-te:<\/strong><\/p>\n\n\n\n<p><strong>*GIN\u00c1SIO ENXUT\u00c3O<\/strong>&nbsp;&#8211; Endere\u00e7o: Rua Luiz Covolan, 1560, Bairro Santa Catarina<\/p>\n\n\n\n<p><strong>Quarta-feira<\/strong><\/p>\n\n\n\n<p>*14h &#8211; 18 a 59 anos<\/p>\n\n\n\n<p>*15h &#8211; 60 anos mais<\/p>\n\n\n\n<p><strong>*CENTRO DE CULTURA ORDOV\u00c1S<\/strong>&nbsp;&#8211; Endere\u00e7o:&nbsp;Rua&nbsp;Luiz Antunes, 312,&nbsp;Bairro&nbsp;Panazzolo<\/p>\n\n\n\n<p><strong>Quinta-feira<\/strong><\/p>\n\n\n\n<p>*14h &#8211; 60 anos mais<\/p>\n\n\n\n<p>*15h &#8211; 18 a 59 anos<\/p>\n\n\n\n<figure class=\"wp-block-gallery columns-2 is-cropped wp-block-gallery-1 is-layout-flex wp-block-gallery-is-layout-flex\"><ul class=\"blocks-gallery-grid\"><li class=\"blocks-gallery-item\"><figure><a href=\"https:\/\/radiosolaris.com.br\/beta\/wp-content\/uploads\/2022\/01\/Gisele-Nozari-3-3-min-scaled.jpg\"><img  decoding=\"async\"  src=\"data:image\/png;base64,iVBORw0KGgoAAAANSUhEUgAAAAEAAAABAQMAAAAl21bKAAAAA1BMVEUAAP+KeNJXAAAAAXRSTlMAQObYZgAAAAlwSFlzAAAOxAAADsQBlSsOGwAAAApJREFUCNdjYAAAAAIAAeIhvDMAAAAASUVORK5CYII=\"  alt=\"\"  data-id=\"69876\"  data-full-url=\"https:\/\/radiosolaris.com.br\/beta\/wp-content\/uploads\/2022\/01\/Gisele-Nozari-3-3-min-scaled.jpg\"  data-link=\"https:\/\/radiosolaris.com.br\/beta\/?attachment_id=69876\"  class=\"wp-image-69876 pk-lazyload\"  data-pk-sizes=\"auto\"  data-pk-src=\"https:\/\/radiosolaris.com.br\/beta\/wp-content\/uploads\/2022\/01\/Gisele-Nozari-3-3-min-1024x768.jpg\" ><\/a><\/figure><\/li><li class=\"blocks-gallery-item\"><figure><a href=\"https:\/\/radiosolaris.com.br\/beta\/wp-content\/uploads\/2022\/01\/Gisele-Nozari-8-min-scaled.jpg\"><img  decoding=\"async\"  src=\"data:image\/png;base64,iVBORw0KGgoAAAANSUhEUgAAAAEAAAABAQMAAAAl21bKAAAAA1BMVEUAAP+KeNJXAAAAAXRSTlMAQObYZgAAAAlwSFlzAAAOxAAADsQBlSsOGwAAAApJREFUCNdjYAAAAAIAAeIhvDMAAAAASUVORK5CYII=\"  alt=\"\"  data-id=\"69877\"  data-full-url=\"https:\/\/radiosolaris.com.br\/beta\/wp-content\/uploads\/2022\/01\/Gisele-Nozari-8-min-scaled.jpg\"  data-link=\"https:\/\/radiosolaris.com.br\/beta\/?attachment_id=69877\"  class=\"wp-image-69877 pk-lazyload\"  data-pk-sizes=\"auto\"  data-pk-src=\"https:\/\/radiosolaris.com.br\/beta\/wp-content\/uploads\/2022\/01\/Gisele-Nozari-8-min-1024x768.jpg\" ><\/a><\/figure><\/li><li class=\"blocks-gallery-item\"><figure><a href=\"https:\/\/radiosolaris.com.br\/beta\/wp-content\/uploads\/2022\/01\/Gisele-Nozari-13-min-scaled.jpg\"><img  decoding=\"async\"  src=\"data:image\/png;base64,iVBORw0KGgoAAAANSUhEUgAAAAEAAAABAQMAAAAl21bKAAAAA1BMVEUAAP+KeNJXAAAAAXRSTlMAQObYZgAAAAlwSFlzAAAOxAAADsQBlSsOGwAAAApJREFUCNdjYAAAAAIAAeIhvDMAAAAASUVORK5CYII=\"  alt=\"\"  data-id=\"69878\"  data-full-url=\"https:\/\/radiosolaris.com.br\/beta\/wp-content\/uploads\/2022\/01\/Gisele-Nozari-13-min-scaled.jpg\"  data-link=\"https:\/\/radiosolaris.com.br\/beta\/?attachment_id=69878\"  class=\"wp-image-69878 pk-lazyload\"  data-pk-sizes=\"auto\"  data-pk-src=\"https:\/\/radiosolaris.com.br\/beta\/wp-content\/uploads\/2022\/01\/Gisele-Nozari-13-min-1024x768.jpg\" ><\/a><\/figure><\/li><li class=\"blocks-gallery-item\"><figure><a href=\"https:\/\/radiosolaris.com.br\/beta\/wp-content\/uploads\/2022\/01\/Gisele-Nozari-108-min-scaled.jpg\"><img  decoding=\"async\"  src=\"data:image\/png;base64,iVBORw0KGgoAAAANSUhEUgAAAAEAAAABAQMAAAAl21bKAAAAA1BMVEUAAP+KeNJXAAAAAXRSTlMAQObYZgAAAAlwSFlzAAAOxAAADsQBlSsOGwAAAApJREFUCNdjYAAAAAIAAeIhvDMAAAAASUVORK5CYII=\"  alt=\"\"  data-id=\"69879\"  data-full-url=\"https:\/\/radiosolaris.com.br\/beta\/wp-content\/uploads\/2022\/01\/Gisele-Nozari-108-min-scaled.jpg\"  data-link=\"https:\/\/radiosolaris.com.br\/beta\/?attachment_id=69879\"  class=\"wp-image-69879 pk-lazyload\"  data-pk-sizes=\"auto\"  data-pk-src=\"https:\/\/radiosolaris.com.br\/beta\/wp-content\/uploads\/2022\/01\/Gisele-Nozari-108-min-1024x768.jpg\" ><\/a><\/figure><\/li><\/ul><figcaption class=\"blocks-gallery-caption\"><strong>Fotos: Gisele Nozari<\/strong><\/figcaption><\/figure>\n","protected":false},"excerpt":{"rendered":"<p>Maiores de 18 anos podem participar das atividades f\u00edsicas supervisionadas, de 1\u00b0 a 24 de fevereiro O Projeto Move-te est\u00e1 com as inscri\u00e7\u00f5es abertas em Caxias do Sul. Atendendo grupos&hellip;<\/p>\n","protected":false},"author":19,"featured_media":69879,"comment_status":"closed","ping_status":"closed","sticky":false,"template":"","format":"standard","meta":{"_lmt_disableupdate":"","_lmt_disable":"","footnotes":""},"categories":[83],"tags":[7508,148,9591,326,283],"powerkit_post_featured":[],"class_list":{"0":"post-69875","1":"post","2":"type-post","3":"status-publish","4":"format-standard","5":"has-post-thumbnail","7":"category-serra-gaucha","8":"tag-atividade-fisica","9":"tag-caxias-do-sul","10":"tag-move-te","11":"tag-projeto","12":"tag-serra-gaucha"},"modified_by":"Luciano Pettorini","_links":{"self":[{"href":"https:\/\/radiosolaris.com.br\/beta\/wp-json\/wp\/v2\/posts\/69875","targetHints":{"allow":["GET"]}}],"collection":[{"href":"https:\/\/radiosolaris.com.br\/beta\/wp-json\/wp\/v2\/posts"}],"about":[{"href":"https:\/\/radiosolaris.com.br\/beta\/wp-json\/wp\/v2\/types\/post"}],"author":[{"embeddable":true,"href":"https:\/\/radiosolaris.com.br\/beta\/wp-json\/wp\/v2\/users\/19"}],"replies":[{"embeddable":true,"href":"https:\/\/radiosolaris.com.br\/beta\/wp-json\/wp\/v2\/comments?post=69875"}],"version-history":[{"count":0,"href":"https:\/\/radiosolaris.com.br\/beta\/wp-json\/wp\/v2\/posts\/69875\/revisions"}],"wp:featuredmedia":[{"embeddable":true,"href":"https:\/\/radiosolaris.com.br\/beta\/wp-json\/wp\/v2\/media\/69879"}],"wp:attachment":[{"href":"https:\/\/radiosolaris.com.br\/beta\/wp-json\/wp\/v2\/media?parent=69875"}],"wp:term":[{"taxonomy":"category","embeddable":true,"href":"https:\/\/radiosolaris.com.br\/beta\/wp-json\/wp\/v2\/categories?post=69875"},{"taxonomy":"post_tag","embeddable":true,"href":"https:\/\/radiosolaris.com.br\/beta\/wp-json\/wp\/v2\/tags?post=69875"},{"taxonomy":"powerkit_post_featured","embeddable":true,"href":"https:\/\/radiosolaris.com.br\/beta\/wp-json\/wp\/v2\/powerkit_post_featured?post=69875"}],"curies":[{"name":"wp","href":"https:\/\/api.w.org\/{rel}","templated":true}]}}