{"id":68941,"date":"2022-01-11T11:52:41","date_gmt":"2022-01-11T14:52:41","guid":{"rendered":"https:\/\/radiosolaris.com.br\/beta\/?p=68941"},"modified":"2022-01-11T11:54:55","modified_gmt":"2022-01-11T14:54:55","slug":"falta-de-freios-ocasiona-saida-de-pista-de-caminhao-carregado-de-cervejas","status":"publish","type":"post","link":"https:\/\/radiosolaris.com.br\/beta\/falta-de-freios-ocasiona-saida-de-pista-de-caminhao-carregado-de-cervejas\/","title":{"rendered":"Falta de freios ocasiona sa\u00edda de pista de Caminh\u00e3o carregado de cervejas"},"content":{"rendered":"\n<h4 id=\"nao-houveram-feridos-apenas-danos-a-metade-da-carga\" class=\"wp-block-heading\">N\u00e3o houveram feridos apenas danos a metade da carga<\/h4>\n\n\n\n<p>Na manh\u00e3 desta ter\u00e7a-feira (11), ocorreu um acidente no km112, da ERS 122 em Ant\u00f4nio Prado sentido Flores da Cunha, pr\u00f3ximo a ponte Valdomiro Bocchese.<\/p>\n\n\n\n<p>Um caminh\u00e3o Volvo, com placas padr\u00e3o Mercosul, sofreu uma sa\u00edda de pista devido a falta de freios ocasionando danos a metade da carga de cervejas.<\/p>\n\n\n\n<p>Segundo informa\u00e7\u00e3o de um popular n\u00e3o houve feridos e a sa\u00edda de pista n\u00e3o interferiu o tr\u00e2nsito no local que flui normalmente.<\/p>\n\n\n\n<figure class=\"wp-block-image size-large\"><img  loading=\"lazy\"  decoding=\"async\"  width=\"1024\"  height=\"512\"  src=\"data:image\/png;base64,iVBORw0KGgoAAAANSUhEUgAAAAEAAAABAQMAAAAl21bKAAAAA1BMVEUAAP+KeNJXAAAAAXRSTlMAQObYZgAAAAlwSFlzAAAOxAAADsQBlSsOGwAAAApJREFUCNdjYAAAAAIAAeIhvDMAAAAASUVORK5CYII=\"  alt=\"\"  class=\"wp-image-68943 pk-lazyload\"  data-pk-sizes=\"auto\"  data-ls-sizes=\"auto, (max-width: 1024px) 100vw, 1024px\"  data-pk-src=\"https:\/\/radiosolaris.com.br\/beta\/wp-content\/uploads\/2022\/01\/WhatsApp-Image-2022-01-11-at-11.39.53-1-1024x512.jpeg\"  data-pk-srcset=\"https:\/\/radiosolaris.com.br\/beta\/wp-content\/uploads\/2022\/01\/WhatsApp-Image-2022-01-11-at-11.39.53-1-1024x512.jpeg 1024w, https:\/\/radiosolaris.com.br\/beta\/wp-content\/uploads\/2022\/01\/WhatsApp-Image-2022-01-11-at-11.39.53-1-300x150.jpeg 300w, https:\/\/radiosolaris.com.br\/beta\/wp-content\/uploads\/2022\/01\/WhatsApp-Image-2022-01-11-at-11.39.53-1-768x384.jpeg 768w, https:\/\/radiosolaris.com.br\/beta\/wp-content\/uploads\/2022\/01\/WhatsApp-Image-2022-01-11-at-11.39.53-1.jpeg 1280w\" ><\/figure>\n\n\n\n<figure class=\"wp-block-image size-large\"><img  loading=\"lazy\"  decoding=\"async\"  width=\"1024\"  height=\"766\"  src=\"data:image\/png;base64,iVBORw0KGgoAAAANSUhEUgAAAAEAAAABAQMAAAAl21bKAAAAA1BMVEUAAP+KeNJXAAAAAXRSTlMAQObYZgAAAAlwSFlzAAAOxAAADsQBlSsOGwAAAApJREFUCNdjYAAAAAIAAeIhvDMAAAAASUVORK5CYII=\"  alt=\"\"  class=\"wp-image-68944 pk-lazyload\"  data-pk-sizes=\"auto\"  data-ls-sizes=\"auto, (max-width: 1024px) 100vw, 1024px\"  data-pk-src=\"https:\/\/radiosolaris.com.br\/beta\/wp-content\/uploads\/2022\/01\/WhatsApp-Image-2022-01-11-at-11.39.53-1024x766.jpeg\"  data-pk-srcset=\"https:\/\/radiosolaris.com.br\/beta\/wp-content\/uploads\/2022\/01\/WhatsApp-Image-2022-01-11-at-11.39.53-1024x766.jpeg 1024w, https:\/\/radiosolaris.com.br\/beta\/wp-content\/uploads\/2022\/01\/WhatsApp-Image-2022-01-11-at-11.39.53-300x224.jpeg 300w, https:\/\/radiosolaris.com.br\/beta\/wp-content\/uploads\/2022\/01\/WhatsApp-Image-2022-01-11-at-11.39.53-768x574.jpeg 768w, https:\/\/radiosolaris.com.br\/beta\/wp-content\/uploads\/2022\/01\/WhatsApp-Image-2022-01-11-at-11.39.53.jpeg 1280w\" ><\/figure>\n\n\n\n<figure class=\"wp-block-image size-large\"><img  loading=\"lazy\"  decoding=\"async\"  width=\"1024\"  height=\"512\"  src=\"data:image\/png;base64,iVBORw0KGgoAAAANSUhEUgAAAAEAAAABAQMAAAAl21bKAAAAA1BMVEUAAP+KeNJXAAAAAXRSTlMAQObYZgAAAAlwSFlzAAAOxAAADsQBlSsOGwAAAApJREFUCNdjYAAAAAIAAeIhvDMAAAAASUVORK5CYII=\"  alt=\"\"  class=\"wp-image-68947 pk-lazyload\"  data-pk-sizes=\"auto\"  data-ls-sizes=\"auto, (max-width: 1024px) 100vw, 1024px\"  data-pk-src=\"https:\/\/radiosolaris.com.br\/beta\/wp-content\/uploads\/2022\/01\/WhatsApp-Image-2022-01-11-at-11.39.56-1024x512.jpeg\"  data-pk-srcset=\"https:\/\/radiosolaris.com.br\/beta\/wp-content\/uploads\/2022\/01\/WhatsApp-Image-2022-01-11-at-11.39.56-1024x512.jpeg 1024w, https:\/\/radiosolaris.com.br\/beta\/wp-content\/uploads\/2022\/01\/WhatsApp-Image-2022-01-11-at-11.39.56-300x150.jpeg 300w, https:\/\/radiosolaris.com.br\/beta\/wp-content\/uploads\/2022\/01\/WhatsApp-Image-2022-01-11-at-11.39.56-768x384.jpeg 768w, https:\/\/radiosolaris.com.br\/beta\/wp-content\/uploads\/2022\/01\/WhatsApp-Image-2022-01-11-at-11.39.56.jpeg 1280w\" ><\/figure>\n","protected":false},"excerpt":{"rendered":"<p>N\u00e3o houveram feridos apenas danos a metade da carga Na manh\u00e3 desta ter\u00e7a-feira (11), ocorreu um acidente no km112, da ERS 122 em Ant\u00f4nio Prado sentido Flores da Cunha, pr\u00f3ximo&hellip;<\/p>\n","protected":false},"author":20,"featured_media":68942,"comment_status":"closed","ping_status":"closed","sticky":false,"template":"","format":"standard","meta":{"_lmt_disableupdate":"","_lmt_disable":"","footnotes":""},"categories":[1],"tags":[9479,5365],"powerkit_post_featured":[],"class_list":{"0":"post-68941","1":"post","2":"type-post","3":"status-publish","4":"format-standard","5":"has-post-thumbnail","7":"category-geral","8":"tag-caminhao-volvo","9":"tag-saida-de-pista"},"modified_by":"Gustavo Zanotto","_links":{"self":[{"href":"https:\/\/radiosolaris.com.br\/beta\/wp-json\/wp\/v2\/posts\/68941","targetHints":{"allow":["GET"]}}],"collection":[{"href":"https:\/\/radiosolaris.com.br\/beta\/wp-json\/wp\/v2\/posts"}],"about":[{"href":"https:\/\/radiosolaris.com.br\/beta\/wp-json\/wp\/v2\/types\/post"}],"author":[{"embeddable":true,"href":"https:\/\/radiosolaris.com.br\/beta\/wp-json\/wp\/v2\/users\/20"}],"replies":[{"embeddable":true,"href":"https:\/\/radiosolaris.com.br\/beta\/wp-json\/wp\/v2\/comments?post=68941"}],"version-history":[{"count":0,"href":"https:\/\/radiosolaris.com.br\/beta\/wp-json\/wp\/v2\/posts\/68941\/revisions"}],"wp:featuredmedia":[{"embeddable":true,"href":"https:\/\/radiosolaris.com.br\/beta\/wp-json\/wp\/v2\/media\/68942"}],"wp:attachment":[{"href":"https:\/\/radiosolaris.com.br\/beta\/wp-json\/wp\/v2\/media?parent=68941"}],"wp:term":[{"taxonomy":"category","embeddable":true,"href":"https:\/\/radiosolaris.com.br\/beta\/wp-json\/wp\/v2\/categories?post=68941"},{"taxonomy":"post_tag","embeddable":true,"href":"https:\/\/radiosolaris.com.br\/beta\/wp-json\/wp\/v2\/tags?post=68941"},{"taxonomy":"powerkit_post_featured","embeddable":true,"href":"https:\/\/radiosolaris.com.br\/beta\/wp-json\/wp\/v2\/powerkit_post_featured?post=68941"}],"curies":[{"name":"wp","href":"https:\/\/api.w.org\/{rel}","templated":true}]}}