{"id":68896,"date":"2022-01-11T00:37:32","date_gmt":"2022-01-11T03:37:32","guid":{"rendered":"https:\/\/radiosolaris.com.br\/beta\/?p=68896"},"modified":"2022-01-11T00:43:37","modified_gmt":"2022-01-11T03:43:37","slug":"cinco-pessoas-da-mesma-familia-morrem-em-acidente-na-ers-477","status":"publish","type":"post","link":"https:\/\/radiosolaris.com.br\/beta\/cinco-pessoas-da-mesma-familia-morrem-em-acidente-na-ers-477\/","title":{"rendered":"Eram da mesma fam\u00edlia as cinco pessoas mortas em acidente na ERS-477, em Centen\u00e1rio"},"content":{"rendered":"\n<h4 id=\"um-bebe-de-quatro-meses-seus-pais-e-seus-avos-morreram-na-hora\" class=\"wp-block-heading\">Um beb\u00ea de quatro meses, seus pais e seus av\u00f3s morreram na hora<\/h4>\n\n\n\n<p>Cinco pessoas da mesma fam\u00edlia morreram em um acidente de tr\u00e2nsito na manh\u00e3 desta segunda-feira (10) na ERS-477, no munic\u00edpio de Centen\u00e1rio (RS), pr\u00f3ximo a Erechim, no norte do Estado. Vieram a \u00f3bito um beb\u00ea, os pais e os av\u00f4s dele.  Eles foram identificadas como Alo\u00edsio Gral de 51 anos; B\u00e1rbara Gral, com 52 anos; Franciele Giralometo, de 19 anos; Lucas Gral, de 21 anos; e Arthur Giralometo Gral, de quatro meses.<\/p>\n\n\n\n<p>O acidente envolveu uma Fiat Strada cabine dupla, com placas de Centen\u00e1rio (RS), que realizou uma ultrapassagem permitida mas n\u00e3o conseguiu retornar a tempo para a pista e atingiu frontalmente uma Toyota Hilux com placas de \u00c1urea (RS). Os cinco mortos eram ocupantes da Fiat.  <\/p>\n\n\n\n<p>De acordo com informa\u00e7\u00f5es preliminares, as pessoas que estavam no ve\u00edculo n\u00e3o estariam com o cinto de seguran\u00e7a, e o beb\u00ea sem a cadeirinha.<\/p>\n\n\n\n<p>Um vel\u00f3rio coletivo mascar\u00e1 a despedida da fam\u00edlia. O vel\u00f3rio ser\u00e1 no Gin\u00e1sio da comunidade de Vila Hort\u00eancia, em Centen\u00e1rio, ainda sem hor\u00e1rio previsto. Haver\u00e1 celebra\u00e7\u00e3o neste mesmo local, nesta ter\u00e7a-feira (11), as 9h.<\/p>\n\n\n\n<figure class=\"wp-block-gallery columns-1 is-cropped wp-block-gallery-1 is-layout-flex wp-block-gallery-is-layout-flex\"><ul class=\"blocks-gallery-grid\"><li class=\"blocks-gallery-item\"><figure><a href=\"https:\/\/radiosolaris.com.br\/beta\/wp-content\/uploads\/2022\/01\/familiaaa.jpeg\"><img  decoding=\"async\"  src=\"data:image\/png;base64,iVBORw0KGgoAAAANSUhEUgAAAAEAAAABAQMAAAAl21bKAAAAA1BMVEUAAP+KeNJXAAAAAXRSTlMAQObYZgAAAAlwSFlzAAAOxAAADsQBlSsOGwAAAApJREFUCNdjYAAAAAIAAeIhvDMAAAAASUVORK5CYII=\"  alt=\"\"  data-id=\"68898\"  data-full-url=\"https:\/\/radiosolaris.com.br\/beta\/wp-content\/uploads\/2022\/01\/familiaaa.jpeg\"  data-link=\"https:\/\/radiosolaris.com.br\/beta\/?attachment_id=68898\"  class=\"wp-image-68898 pk-lazyload\"  data-pk-sizes=\"auto\"  data-pk-src=\"https:\/\/radiosolaris.com.br\/beta\/wp-content\/uploads\/2022\/01\/familiaaa-1024x290.jpeg\" ><\/a><\/figure><\/li><\/ul><\/figure>\n\n\n\n<figure class=\"wp-block-gallery columns-1 is-cropped wp-block-gallery-2 is-layout-flex wp-block-gallery-is-layout-flex\"><ul class=\"blocks-gallery-grid\"><li class=\"blocks-gallery-item\"><figure><a href=\"https:\/\/radiosolaris.com.br\/beta\/wp-content\/uploads\/2022\/01\/270101560_897717110887315_6468213138061576961_n-1024x441-1.jpg\"><img  loading=\"lazy\"  decoding=\"async\"  width=\"1024\"  height=\"441\"  src=\"data:image\/png;base64,iVBORw0KGgoAAAANSUhEUgAAAAEAAAABAQMAAAAl21bKAAAAA1BMVEUAAP+KeNJXAAAAAXRSTlMAQObYZgAAAAlwSFlzAAAOxAAADsQBlSsOGwAAAApJREFUCNdjYAAAAAIAAeIhvDMAAAAASUVORK5CYII=\"  alt=\"\"  data-id=\"68897\"  data-full-url=\"https:\/\/radiosolaris.com.br\/beta\/wp-content\/uploads\/2022\/01\/270101560_897717110887315_6468213138061576961_n-1024x441-1.jpg\"  data-link=\"https:\/\/radiosolaris.com.br\/beta\/?attachment_id=68897\"  class=\"wp-image-68897 pk-lazyload\"  data-pk-sizes=\"auto\"  data-ls-sizes=\"auto, (max-width: 1024px) 100vw, 1024px\"  data-pk-src=\"https:\/\/radiosolaris.com.br\/beta\/wp-content\/uploads\/2022\/01\/270101560_897717110887315_6468213138061576961_n-1024x441-1.jpg\"  data-pk-srcset=\"https:\/\/radiosolaris.com.br\/beta\/wp-content\/uploads\/2022\/01\/270101560_897717110887315_6468213138061576961_n-1024x441-1.jpg 1024w, https:\/\/radiosolaris.com.br\/beta\/wp-content\/uploads\/2022\/01\/270101560_897717110887315_6468213138061576961_n-1024x441-1-800x345.jpg 800w\" ><\/a><\/figure><\/li><\/ul><\/figure>\n\n\n\n<p>Fotos: Divulga\u00e7\u00e3o redes sociais<\/p>\n","protected":false},"excerpt":{"rendered":"<p>Um beb\u00ea de quatro meses, seus pais e seus av\u00f3s morreram na hora Cinco pessoas da mesma fam\u00edlia morreram em um acidente de tr\u00e2nsito na manh\u00e3 desta segunda-feira (10) na&hellip;<\/p>\n","protected":false},"author":17,"featured_media":68897,"comment_status":"closed","ping_status":"closed","sticky":false,"template":"","format":"standard","meta":{"_lmt_disableupdate":"","_lmt_disable":"","footnotes":""},"categories":[83],"tags":[307,2691,9466],"powerkit_post_featured":[],"class_list":{"0":"post-68896","1":"post","2":"type-post","3":"status-publish","4":"format-standard","5":"has-post-thumbnail","7":"category-serra-gaucha","8":"tag-acidente","9":"tag-centenario","10":"tag-rs-477"},"modified_by":"Igor Panzenhagen","_links":{"self":[{"href":"https:\/\/radiosolaris.com.br\/beta\/wp-json\/wp\/v2\/posts\/68896","targetHints":{"allow":["GET"]}}],"collection":[{"href":"https:\/\/radiosolaris.com.br\/beta\/wp-json\/wp\/v2\/posts"}],"about":[{"href":"https:\/\/radiosolaris.com.br\/beta\/wp-json\/wp\/v2\/types\/post"}],"author":[{"embeddable":true,"href":"https:\/\/radiosolaris.com.br\/beta\/wp-json\/wp\/v2\/users\/17"}],"replies":[{"embeddable":true,"href":"https:\/\/radiosolaris.com.br\/beta\/wp-json\/wp\/v2\/comments?post=68896"}],"version-history":[{"count":0,"href":"https:\/\/radiosolaris.com.br\/beta\/wp-json\/wp\/v2\/posts\/68896\/revisions"}],"wp:featuredmedia":[{"embeddable":true,"href":"https:\/\/radiosolaris.com.br\/beta\/wp-json\/wp\/v2\/media\/68897"}],"wp:attachment":[{"href":"https:\/\/radiosolaris.com.br\/beta\/wp-json\/wp\/v2\/media?parent=68896"}],"wp:term":[{"taxonomy":"category","embeddable":true,"href":"https:\/\/radiosolaris.com.br\/beta\/wp-json\/wp\/v2\/categories?post=68896"},{"taxonomy":"post_tag","embeddable":true,"href":"https:\/\/radiosolaris.com.br\/beta\/wp-json\/wp\/v2\/tags?post=68896"},{"taxonomy":"powerkit_post_featured","embeddable":true,"href":"https:\/\/radiosolaris.com.br\/beta\/wp-json\/wp\/v2\/powerkit_post_featured?post=68896"}],"curies":[{"name":"wp","href":"https:\/\/api.w.org\/{rel}","templated":true}]}}