{"id":68842,"date":"2022-01-10T15:27:50","date_gmt":"2022-01-10T18:27:50","guid":{"rendered":"https:\/\/radiosolaris.com.br\/beta\/?p=68842"},"modified":"2022-01-10T15:38:05","modified_gmt":"2022-01-10T18:38:05","slug":"cinco-pessoas-morrem-em-acidente-na-rs-477-entre-erechim-e-aurea","status":"publish","type":"post","link":"https:\/\/radiosolaris.com.br\/beta\/cinco-pessoas-morrem-em-acidente-na-rs-477-entre-erechim-e-aurea\/","title":{"rendered":"Cinco pessoas morrem em acidente na RS-477, entre Erechim e \u00c1urea"},"content":{"rendered":"\n<h4 id=\"quatro-vitimas-estavam-sem-cinto-e-um-bebe-de-tres-meses-estava-sem-a-cadeirinha\" class=\"wp-block-heading\">Quatro v\u00edtimas estavam sem cinto e um beb\u00ea, de tr\u00eas meses, estava sem a cadeirinha<\/h4>\n\n\n\n<p>Cinco pessoas morreram em um acidente de tr\u00e2nsito ocorrido por volta das 10h desta segunda-feira (10) na RS-477, entre os munic\u00edpios de Erechim e \u00c1urea. Uma camionete Fiat Strada teria colidido contra uma Toyota Hilux, ao tentar uma ultrapassagem no km 25 da rodovia. Os cinco tripulantes da Strada vieram a \u00f3bito, incluindo um beb\u00ea de apenas tr\u00eas meses.<\/p>\n\n\n\n<p>De acordo com o Comando Rodovi\u00e1rio da Brigada Militar (CRBM) os ocupantes do ve\u00edculo n\u00e3o estariam usando cinto de seguran\u00e7a e o beb\u00ea estava sem a cadeirinha.<\/p>\n\n\n\n<p>Os tripulantes da Hilux ficaram feridos em foram encaminhados para um hospital de Erechim. N\u00e3o h\u00e1 informa\u00e7\u00f5es sobre o estado cl\u00ednico dos pacientes.<\/p>\n\n\n\n<figure class=\"wp-block-gallery columns-1 is-cropped wp-block-gallery-1 is-layout-flex wp-block-gallery-is-layout-flex\"><ul class=\"blocks-gallery-grid\"><li class=\"blocks-gallery-item\"><figure><a href=\"https:\/\/radiosolaris.com.br\/beta\/wp-content\/uploads\/2022\/01\/1_whatsapp_image_2022_01_10_at_11_40_51-20095392-1.jpeg\"><img  loading=\"lazy\"  decoding=\"async\"  width=\"800\"  height=\"500\"  src=\"data:image\/png;base64,iVBORw0KGgoAAAANSUhEUgAAAAEAAAABAQMAAAAl21bKAAAAA1BMVEUAAP+KeNJXAAAAAXRSTlMAQObYZgAAAAlwSFlzAAAOxAAADsQBlSsOGwAAAApJREFUCNdjYAAAAAIAAeIhvDMAAAAASUVORK5CYII=\"  alt=\"\"  data-id=\"68843\"  data-full-url=\"https:\/\/radiosolaris.com.br\/beta\/wp-content\/uploads\/2022\/01\/1_whatsapp_image_2022_01_10_at_11_40_51-20095392-1.jpeg\"  data-link=\"https:\/\/radiosolaris.com.br\/beta\/?attachment_id=68843\"  class=\"wp-image-68843 pk-lazyload\"  data-pk-sizes=\"auto\"  data-pk-src=\"https:\/\/radiosolaris.com.br\/beta\/wp-content\/uploads\/2022\/01\/1_whatsapp_image_2022_01_10_at_11_40_51-20095392-1.jpeg\" ><\/a><\/figure><\/li><\/ul><\/figure>\n\n\n\n<p>Foto: CRBM<\/p>\n","protected":false},"excerpt":{"rendered":"<p>Quatro v\u00edtimas estavam sem cinto e um beb\u00ea, de tr\u00eas meses, estava sem a cadeirinha Cinco pessoas morreram em um acidente de tr\u00e2nsito ocorrido por volta das 10h desta segunda-feira&hellip;<\/p>\n","protected":false},"author":17,"featured_media":68843,"comment_status":"closed","ping_status":"closed","sticky":false,"template":"","format":"standard","meta":{"_lmt_disableupdate":"","_lmt_disable":"","footnotes":""},"categories":[83],"tags":[307,9465,9464,4465,9466],"powerkit_post_featured":[],"class_list":{"0":"post-68842","1":"post","2":"type-post","3":"status-publish","4":"format-standard","5":"has-post-thumbnail","7":"category-serra-gaucha","8":"tag-acidente","9":"tag-aurea","10":"tag-erechim","11":"tag-norte","12":"tag-rs-477"},"modified_by":"Igor Panzenhagen","_links":{"self":[{"href":"https:\/\/radiosolaris.com.br\/beta\/wp-json\/wp\/v2\/posts\/68842","targetHints":{"allow":["GET"]}}],"collection":[{"href":"https:\/\/radiosolaris.com.br\/beta\/wp-json\/wp\/v2\/posts"}],"about":[{"href":"https:\/\/radiosolaris.com.br\/beta\/wp-json\/wp\/v2\/types\/post"}],"author":[{"embeddable":true,"href":"https:\/\/radiosolaris.com.br\/beta\/wp-json\/wp\/v2\/users\/17"}],"replies":[{"embeddable":true,"href":"https:\/\/radiosolaris.com.br\/beta\/wp-json\/wp\/v2\/comments?post=68842"}],"version-history":[{"count":0,"href":"https:\/\/radiosolaris.com.br\/beta\/wp-json\/wp\/v2\/posts\/68842\/revisions"}],"wp:featuredmedia":[{"embeddable":true,"href":"https:\/\/radiosolaris.com.br\/beta\/wp-json\/wp\/v2\/media\/68843"}],"wp:attachment":[{"href":"https:\/\/radiosolaris.com.br\/beta\/wp-json\/wp\/v2\/media?parent=68842"}],"wp:term":[{"taxonomy":"category","embeddable":true,"href":"https:\/\/radiosolaris.com.br\/beta\/wp-json\/wp\/v2\/categories?post=68842"},{"taxonomy":"post_tag","embeddable":true,"href":"https:\/\/radiosolaris.com.br\/beta\/wp-json\/wp\/v2\/tags?post=68842"},{"taxonomy":"powerkit_post_featured","embeddable":true,"href":"https:\/\/radiosolaris.com.br\/beta\/wp-json\/wp\/v2\/powerkit_post_featured?post=68842"}],"curies":[{"name":"wp","href":"https:\/\/api.w.org\/{rel}","templated":true}]}}