{"id":68590,"date":"2022-01-06T13:53:17","date_gmt":"2022-01-06T16:53:17","guid":{"rendered":"https:\/\/radiosolaris.com.br\/beta\/?p=68590"},"modified":"2022-01-07T08:15:31","modified_gmt":"2022-01-07T11:15:31","slug":"prf-de-vacaria-apreende-dinheiro-escondido-em-painel-do-automovel","status":"publish","type":"post","link":"https:\/\/radiosolaris.com.br\/beta\/prf-de-vacaria-apreende-dinheiro-escondido-em-painel-do-automovel\/","title":{"rendered":"PRF de Vacaria apreende dinheiro escondido em painel do autom\u00f3vel"},"content":{"rendered":"\n<h4 id=\"o-compartimento-foi-preparado-com-uma-trava-mecanica\" class=\"wp-block-heading\">O compartimento foi preparado com uma trava mec\u00e2nica<\/h4>\n\n\n\n<p>No in\u00edcio da manh\u00e3 desta quinta-feira (6) a Pol\u00edcia Rodovi\u00e1ria Federal apreendeu grande quantidade de dinheiro sem comprova\u00e7\u00e3o de origem. O dinheiro estava escondido no painel de um Fiat Uno dirigido por um homem com antecedentes por roubo de ve\u00edculo e homic\u00eddio.<\/p>\n\n\n\n<p>Em a\u00e7\u00e3o de combate \u00e0 criminalidade na BR 116, no per\u00edmetro urbano de Vacaria, foi abordado o Uno emplacado em Porto Alegre. O motorista ainda empreendeu em fuga alta velocidade para despistar a equipe policial, mas acabou sendo abordado na rodovia.<\/p>\n\n\n\n<p>Durante a fiscaliza\u00e7\u00e3o, os policiais rodovi\u00e1rios federais encontraram mais de R$ 275 mil reais em notas variadas escondidas no compartimento do painel. O compartimento foi preparado com uma trava mec\u00e2nica para ocultar objetos il\u00edcitos.<\/p>\n\n\n\n<p>O motorista de 23 anos, disse que n\u00e3o sabia do dinheiro e que recebeu quinhentos reais para trazer o ve\u00edculo de Porto Alegre para Vacaria.<\/p>\n\n\n\n<p>O dinheiro foi apreendido e ficar\u00e1 \u00e0 disposi\u00e7\u00e3o da justi\u00e7a. O condutor foi conduzido \u00e0 Pol\u00edcia Civil local, onde ser\u00e1 alvo de uma investiga\u00e7\u00e3o por delitos que possam estar relacionados ao dinheiro apreendido.<\/p>\n\n\n\n<p>Imagem e Informa\u00e7\u00f5es\/PRF<\/p>\n","protected":false},"excerpt":{"rendered":"<p>O compartimento foi preparado com uma trava mec\u00e2nica No in\u00edcio da manh\u00e3 desta quinta-feira (6) a Pol\u00edcia Rodovi\u00e1ria Federal apreendeu grande quantidade de dinheiro sem comprova\u00e7\u00e3o de origem. O dinheiro&hellip;<\/p>\n","protected":false},"author":1,"featured_media":68591,"comment_status":"closed","ping_status":"closed","sticky":false,"template":"","format":"standard","meta":{"_lmt_disableupdate":"","_lmt_disable":"","footnotes":""},"categories":[83],"tags":[6015,2122,301,628],"powerkit_post_featured":[],"class_list":{"0":"post-68590","1":"post","2":"type-post","3":"status-publish","4":"format-standard","5":"has-post-thumbnail","7":"category-serra-gaucha","8":"tag-campos-de-cima-da-serra","9":"tag-porto-alegre","10":"tag-prf","11":"tag-vacaria"},"modified_by":null,"_links":{"self":[{"href":"https:\/\/radiosolaris.com.br\/beta\/wp-json\/wp\/v2\/posts\/68590","targetHints":{"allow":["GET"]}}],"collection":[{"href":"https:\/\/radiosolaris.com.br\/beta\/wp-json\/wp\/v2\/posts"}],"about":[{"href":"https:\/\/radiosolaris.com.br\/beta\/wp-json\/wp\/v2\/types\/post"}],"author":[{"embeddable":true,"href":"https:\/\/radiosolaris.com.br\/beta\/wp-json\/wp\/v2\/users\/1"}],"replies":[{"embeddable":true,"href":"https:\/\/radiosolaris.com.br\/beta\/wp-json\/wp\/v2\/comments?post=68590"}],"version-history":[{"count":0,"href":"https:\/\/radiosolaris.com.br\/beta\/wp-json\/wp\/v2\/posts\/68590\/revisions"}],"wp:featuredmedia":[{"embeddable":true,"href":"https:\/\/radiosolaris.com.br\/beta\/wp-json\/wp\/v2\/media\/68591"}],"wp:attachment":[{"href":"https:\/\/radiosolaris.com.br\/beta\/wp-json\/wp\/v2\/media?parent=68590"}],"wp:term":[{"taxonomy":"category","embeddable":true,"href":"https:\/\/radiosolaris.com.br\/beta\/wp-json\/wp\/v2\/categories?post=68590"},{"taxonomy":"post_tag","embeddable":true,"href":"https:\/\/radiosolaris.com.br\/beta\/wp-json\/wp\/v2\/tags?post=68590"},{"taxonomy":"powerkit_post_featured","embeddable":true,"href":"https:\/\/radiosolaris.com.br\/beta\/wp-json\/wp\/v2\/powerkit_post_featured?post=68590"}],"curies":[{"name":"wp","href":"https:\/\/api.w.org\/{rel}","templated":true}]}}